{"id":26507,"date":"2024-01-06T08:35:13","date_gmt":"2024-01-06T05:35:13","guid":{"rendered":"https:\/\/yeniterter.az\/?p=26507"},"modified":"2024-01-06T08:35:13","modified_gmt":"2024-01-06T05:35:13","slug":"az%c9%99rbaycan-oz-dovl%c9%99t-suverenliyini-tam-b%c9%99rpa-etm%c9%99li-idi-v%c9%99-bunu-etdi","status":"publish","type":"post","link":"https:\/\/yeniterter.az\/?p=26507","title":{"rendered":"Az\u0259rbaycan \u00f6z d\u00f6vl\u0259t suverenliyini tam b\u0259rpa etm\u0259li idi v\u0259 bunu etdi"},"content":{"rendered":"<p><img decoding=\"async\" loading=\"lazy\" class=\"size-medium wp-image-26508 alignleft\" src=\"https:\/\/yeniterter.az\/wp-content\/uploads\/414487349_215373341627134_3058891667592736077_n-300x152.jpg\" alt=\"\" width=\"300\" height=\"152\" srcset=\"https:\/\/yeniterter.az\/wp-content\/uploads\/414487349_215373341627134_3058891667592736077_n-300x152.jpg 300w, https:\/\/yeniterter.az\/wp-content\/uploads\/414487349_215373341627134_3058891667592736077_n-1024x519.jpg 1024w, https:\/\/yeniterter.az\/wp-content\/uploads\/414487349_215373341627134_3058891667592736077_n-768x389.jpg 768w, https:\/\/yeniterter.az\/wp-content\/uploads\/414487349_215373341627134_3058891667592736077_n-1536x779.jpg 1536w, https:\/\/yeniterter.az\/wp-content\/uploads\/414487349_215373341627134_3058891667592736077_n.jpg 2048w\" sizes=\"(max-width: 300px) 100vw, 300px\" \/>Prezident \u0130lham \u018fliyev 31 Dekabr &#8211; D\u00fcnya Az\u0259rbaycanl\u0131lar\u0131n\u0131n H\u0259mr\u0259yliyi G\u00fcn\u00fc v\u0259 Yeni il m\u00fcnasib\u0259til\u0259 xalqa m\u00fcraci\u0259tind\u0259 2023-c\u00fc ilin \u00f6lk\u0259mizin h\u0259yat\u0131nda bir \u00e7ox \u00f6n\u0259mli hadis\u0259l\u0259rin ba\u015f verdiyini, d\u00f6vl\u0259t suverenliyimizin b\u0259rpas\u0131n\u0131n Az\u0259rbaycan xalq\u0131n\u0131n yadda\u015f\u0131nda \u0259b\u0259di qalaca\u011f\u0131n\u0131 bildirib.<\/p>\n<p>Bildirib ki, \u00f6t\u0259n il birg\u00fcnl\u00fck antiterror t\u0259dbirl\u0259ri n\u0259tic\u0259sind\u0259 Az\u0259rbaycan\u0131n \u00f6z d\u00f6vl\u0259t suverenliyini tam b\u0259rpa etm\u0259si, i\u015f\u011fal\u00e7\u0131 q\u00fcvv\u0259l\u0259rin beyn\u0259lxalq h\u00fcquqla tan\u0131nan \u0259razil\u0259rimizd\u0259n \u00e7\u0131xar\u0131lmas\u0131, separatizm\u0259 son qoyulmas\u0131 v\u0259 d\u00fc\u015fm\u0259n ordusunun m\u0259hv edilm\u0259si fonunda yekun q\u0259l\u0259b\u0259nin t\u0259min edilm\u0259si m\u00fcasir d\u00fcnya t\u0259cr\u00fcb\u0259sind\u0259 nadir rast g\u0259lin\u0259n n\u00fcmun\u0259dir.<!--more--><\/p>\n<p>Erm\u0259nistan silahl\u0131 q\u00fcvv\u0259l\u0259rinin birl\u0259\u015fm\u0259l\u0259rinin t\u0259rksilah edil\u0259r\u0259k \u0259razil\u0259rimizd\u0259n \u00e7\u0131xar\u0131lmas\u0131, onlar\u0131n h\u0259rbi infrastrukturunun z\u0259r\u0259rsizl\u0259\u015fdirilm\u0259si, i\u015f\u011faldan azad edilmi\u015f \u0259razil\u0259r\u0259 qay\u0131dan dinc \u0259hali, habel\u0259 b\u0259rpa-quruculuq i\u015fl\u0259rin\u0259 c\u0259lb olunmu\u015f m\u00fclki i\u015f\u00e7il\u0259r v\u0259 h\u0259rbi qulluq\u00e7ular\u0131m\u0131z\u0131n t\u0259hl\u00fck\u0259sizliyinin t\u0259min olunmas\u0131 v\u0259 Az\u0259rbaycan Respublikas\u0131n\u0131n Konstitusiya qurulu\u015funun b\u0259rpa edilm\u0259si m\u0259qs\u0259dil\u0259 Az\u0259rbaycan Ordusunun \u00f6t\u0259n ilin sentyabr\u0131n 19-da b\u00f6lg\u0259d\u0259 lokal xarakterli antiterror t\u0259dbirl\u0259ri n\u0259tic\u0259sind\u0259 Az\u0259rbaycan\u0131n b\u00fct\u00fcn \u0259razil\u0259rind\u0259 Konstitusiya qurulu\u015fu b\u0259rpa edildi.<\/p>\n<p>Prezident \u0130lham \u018fliyevin \u00e7\u0131x\u0131\u015f\u0131nda qeyd etdiyi kimi, regionda v\u0259ziyy\u0259t d\u0259yi\u015fir v\u0259 b\u00f6y\u00fck d\u0259r\u0259c\u0259d\u0259 d\u0259yi\u015fiklikl\u0259rin t\u0259\u015f\u0259bb\u00fcskar\u0131 Az\u0259rbaycand\u0131r. Biz b\u00f6y\u00fck q\u0259l\u0259b\u0259mizi h\u0259l\u0259 3 il \u0259vv\u0259l 44 g\u00fcnl\u00fck V\u0259t\u0259n m\u00fcharib\u0259sind\u0259 qazanm\u0131\u015fd\u0131q, lakin \u00f6lk\u0259 Prezidentinin d\u0259 ifad\u0259 etdiyi kimi, \u201cbiz ham\u0131m\u0131z yax\u015f\u0131 bilirdik ki, i\u015fimiz yar\u0131m\u00e7\u0131q qal\u0131b\u201d.<\/p>\n<p>Bu m\u0259nada, m\u0259hz 2023-c\u00fc ild\u0259 Az\u0259rbaycan \u00f6z d\u00f6vl\u0259t suverenliyini tam b\u0259rpa etm\u0259kl\u0259 \u0259slind\u0259 uzun ill\u0259r davam ed\u0259n \u0259dal\u0259tsiz bir gedi\u015fata son qoymu\u015f oldu. Bu m\u00fcdd\u0259t \u0259rzind\u0259 he\u00e7 bir ittiham, he\u00e7 bir t\u0259zyiq bizim irad\u0259miz\u0259 t\u0259sir ed\u0259 bilm\u0259di. \u00d6lk\u0259mizin ba\u015f\u00e7\u0131s\u0131 bunu m\u00fcraci\u0259tind\u0259 x\u00fcsusi vur\u011fulayaraq dedi ki, \u201cd\u00fcnyada, x\u00fcsusil\u0259 Q\u0259rb \u00f6lk\u0259l\u0259rind\u0259 Erm\u0259nistan\u0131n arxas\u0131nda dayanan, onlara daim d\u0259st\u0259k g\u00f6st\u0259r\u0259n \u00f6lk\u0259l\u0259r hay-k\u00fcy qald\u0131raraq, biz\u0259 qar\u015f\u0131 \u0259sass\u0131z ittihamlar ir\u0259li s\u00fcrm\u00fc\u015fd\u00fcl\u0259r. Biz haqq yolunday\u0131q, \u00f6z s\u0259rh\u0259dimizi \u00f6z\u00fcm\u00fcz n\u0259zar\u0259t\u0259 g\u00f6t\u00fcrm\u00fc\u015f\u00fck v\u0259 he\u00e7 kim\u0259 imkan verm\u0259rik ki, bizim torpa\u011f\u0131m\u0131zda at oynats\u0131n\u201d.<\/p>\n<p>V\u0259t\u0259n m\u00fcharib\u0259sind\u0259 d\u00fcnyan\u0131n b\u00fct\u00fcn \u00f6lk\u0259l\u0259rind\u0259 ya\u015fayan az\u0259rbaycanl\u0131lar da tarixd\u0259 g\u00f6r\u00fcnm\u0259mi\u015f d\u0259r\u0259c\u0259d\u0259 f\u0259all\u0131q g\u00f6st\u0259rdil\u0259r, daha s\u0131x birl\u0259\u015fdil\u0259r. Z\u0259f\u0259r \u00e7ald\u0131\u011f\u0131m\u0131z V\u0259t\u0259n m\u00fcharib\u0259sind\u0259 d\u00fcnya az\u0259rbaycanl\u0131lar\u0131 bir amal \u0259traf\u0131nda tarixin he\u00e7 bir d\u00f6n\u0259mind\u0259 olmad\u0131\u011f\u0131 kimi birl\u0259\u015f\u0259r\u0259k h\u0259mr\u0259y oldu. H\u0259mv\u0259t\u0259nl\u0259rimiz beyn\u0259lxalq al\u0259m\u0259 s\u0259simizi \u00e7atd\u0131rmaq \u00fc\u00e7\u00fcn informasiya m\u00fcharib\u0259sind\u0259 m\u00fch\u00fcm xidm\u0259tl\u0259r g\u00f6st\u0259rdil\u0259r.<\/p>\n<p>Milli h\u0259mr\u0259yliyimizin t\u0259nt\u0259n\u0259sin\u0259 \u00e7evril\u0259n o 44 g\u00fcnd\u0259 diaspor t\u0259\u015fkilatlar\u0131m\u0131z\u0131n d\u00fcnyan\u0131n 30-dan \u00e7ox \u00f6lk\u0259sind\u0259 ke\u00e7irdikl\u0259ri 200-d\u0259k aksiyada 25 mind\u0259n \u00e7ox soyda\u015f\u0131m\u0131z v\u0259 dost xalqlar\u0131n n\u00fcmay\u0259nd\u0259l\u0259ri i\u015ftirak etdil\u0259r. Eyni zamanda m\u00fcharib\u0259 g\u00fcnl\u0259rind\u0259 300-\u0259 yax\u0131n diaspor t\u0259\u015fkilat\u0131 m\u00fcxt\u0259lif \u00f6lk\u0259l\u0259rin d\u00f6vl\u0259t v\u0259 h\u00f6kum\u0259t r\u0259hb\u0259rl\u0259rin\u0259, parlament \u00fczvl\u0259rin\u0259, beyn\u0259lxalq t\u0259\u015fkilatlara b\u0259yanatlar, m\u00fcraci\u0259tl\u0259r g\u00f6nd\u0259rdil\u0259r.<\/p>\n<p>Postm\u00fcharib\u0259, el\u0259c\u0259 d\u0259 suverenliyimizin t\u0259min olundu\u011fu d\u00f6vrd\u0259 bu birliyin g\u00fcc\u00fcn\u00fc daim hiss etmi\u015fik. Az\u0259rbaycan m\u0259hz bu milli h\u0259mr\u0259ylikd\u0259n do\u011fan g\u00fcc-q\u00fcvv\u0259 say\u0259sind\u0259 h\u0259m Erm\u0259nistan\u0131, h\u0259m d\u0259 i\u015f\u011fal\u00e7\u0131n\u0131 d\u0259st\u0259kl\u0259y\u0259n xarici g\u00fccl\u0259ri darmada\u011f\u0131n etdi, \u015eu\u015fada, Xank\u0259ndid\u0259 \u00fc\u00e7r\u0259ngli, ay-ulduzlu bayra\u011f\u0131n\u0131 \u0259b\u0259di dal\u011faland\u0131rd\u0131.<\/p>\n<p>Bel\u0259likl\u0259, yola sald\u0131\u011f\u0131m\u0131z 2023-c\u00fc il tariximiz\u0259 u\u011fur s\u0259hif\u0259si kimi yaz\u0131ld\u0131. Bu g\u00fcn Qaraba\u011f v\u0259 \u015e\u0259rqi Z\u0259ng\u0259zur b\u00f6y\u00fck tikinti meydan\u00e7as\u0131na \u00e7evrilib. \u0130\u015f\u011faldan azad edilmi\u015f \u015f\u0259h\u0259rl\u0259rimizi, k\u0259ndl\u0259rimizi yenid\u0259n qururuq. Art\u0131q 2023-c\u00fc ild\u0259 5 min\u0259 yax\u0131n ke\u00e7mi\u015f k\u00f6\u00e7k\u00fcn \u00f6z do\u011fma torpaqlar\u0131na qay\u0131d\u0131b. 2023-d\u0259 Tal\u0131\u015f k\u0259ndin\u0259, mayda La\u00e7\u0131na, avqust ay\u0131nda F\u00fczuli \u015f\u0259h\u0259ri v\u0259 Zabux k\u0259ndin\u0259 ilk, o c\u00fcml\u0259d\u0259n il \u0259rzind\u0259 A\u011fal\u0131 k\u0259ndin\u0259 n\u00f6vb\u0259ti k\u00f6\u00e7l\u0259rin ba\u015f tutmas\u0131na nail olan siyasi irad\u0259nin q\u0259tiyy\u0259ti il\u0259, 2024-c\u00fc ild\u0259 K\u0259rkicahan, Mal\u0131b\u0259yli, Tur\u015fsu k\u0259ndl\u0259ri tam b\u0259rpa edilib ke\u00e7mi\u015f k\u00f6\u00e7k\u00fcnl\u0259rin s\u0259r\u0259ncam\u0131na veril\u0259c\u0259k. Eyni zamanda, il \u0259rzind\u0259 Az\u0259rbaycan \u00fc\u00e7\u00fcn prinsipial m\u0259s\u0259l\u0259 olan Xocal\u0131 v\u0259 Xank\u0259ndiy\u0259 b\u00f6y\u00fck qay\u0131d\u0131\u015f ba\u015flanacaq.<\/p>\n<p>C\u0259nab Prezidentin xalqa m\u00fcraci\u0259tind\u0259 verdiyi bu m\u00fcjd\u0259 \u0259slind\u0259 indid\u0259n 2024-c\u00fc ilin tariximizin m\u00fch\u00fcm s\u0259hif\u0259l\u0259rind\u0259n biri olaca\u011f\u0131n\u0131 dem\u0259y\u0259 \u0259sas verir.<\/p>\n<p>&nbsp;<\/p>\n","protected":false},"excerpt":{"rendered":"<p>Prezident \u0130lham \u018fliyev 31 Dekabr &#8211; D\u00fcnya Az\u0259rbaycanl\u0131lar\u0131n\u0131n H\u0259mr\u0259yliyi G\u00fcn\u00fc v\u0259 Yeni il m\u00fcnasib\u0259til\u0259 xalqa m\u00fcraci\u0259tind\u0259 2023-c\u00fc ilin \u00f6lk\u0259mizin h\u0259yat\u0131nda bir \u00e7ox \u00f6n\u0259mli hadis\u0259l\u0259rin ba\u015f verdiyini, d\u00f6vl\u0259t suverenliyimizin b\u0259rpas\u0131n\u0131n Az\u0259rbaycan xalq\u0131n\u0131n yadda\u015f\u0131nda \u0259b\u0259di qalaca\u011f\u0131n\u0131 bildirib. Bildirib ki, \u00f6t\u0259n il birg\u00fcnl\u00fck antiterror t\u0259dbirl\u0259ri n\u0259tic\u0259sind\u0259 Az\u0259rbaycan\u0131n \u00f6z d\u00f6vl\u0259t suverenliyini tam b\u0259rpa etm\u0259si, i\u015f\u011fal\u00e7\u0131 q\u00fcvv\u0259l\u0259rin beyn\u0259lxalq h\u00fcquqla tan\u0131nan [&hellip;]<\/p>\n","protected":false},"author":2,"featured_media":0,"comment_status":"closed","ping_status":"closed","sticky":false,"template":"","format":"standard","meta":[],"categories":[10],"tags":[],"_links":{"self":[{"href":"https:\/\/yeniterter.az\/index.php?rest_route=\/wp\/v2\/posts\/26507"}],"collection":[{"href":"https:\/\/yeniterter.az\/index.php?rest_route=\/wp\/v2\/posts"}],"about":[{"href":"https:\/\/yeniterter.az\/index.php?rest_route=\/wp\/v2\/types\/post"}],"author":[{"embeddable":true,"href":"https:\/\/yeniterter.az\/index.php?rest_route=\/wp\/v2\/users\/2"}],"replies":[{"embeddable":true,"href":"https:\/\/yeniterter.az\/index.php?rest_route=%2Fwp%2Fv2%2Fcomments&post=26507"}],"version-history":[{"count":1,"href":"https:\/\/yeniterter.az\/index.php?rest_route=\/wp\/v2\/posts\/26507\/revisions"}],"predecessor-version":[{"id":26509,"href":"https:\/\/yeniterter.az\/index.php?rest_route=\/wp\/v2\/posts\/26507\/revisions\/26509"}],"wp:attachment":[{"href":"https:\/\/yeniterter.az\/index.php?rest_route=%2Fwp%2Fv2%2Fmedia&parent=26507"}],"wp:term":[{"taxonomy":"category","embeddable":true,"href":"https:\/\/yeniterter.az\/index.php?rest_route=%2Fwp%2Fv2%2Fcategories&post=26507"},{"taxonomy":"post_tag","embeddable":true,"href":"https:\/\/yeniterter.az\/index.php?rest_route=%2Fwp%2Fv2%2Ftags&post=26507"}],"curies":[{"name":"wp","href":"https:\/\/api.w.org\/{rel}","templated":true}]}}