{"id":26283,"date":"2023-11-30T14:43:21","date_gmt":"2023-11-30T11:43:21","guid":{"rendered":"https:\/\/yeniterter.az\/?p=26283"},"modified":"2023-12-09T08:51:46","modified_gmt":"2023-12-09T05:51:46","slug":"heyd%c9%99r-%c9%99liyev-ili-2023-20","status":"publish","type":"post","link":"https:\/\/yeniterter.az\/?p=26283","title":{"rendered":"\u201cHEYD\u018fR \u018fL\u0130YEV \u0130L\u0130\u201d \u2013 2023"},"content":{"rendered":"<p style=\"text-align: center;\"><strong>\u201cHeyd\u0259r \u018fliyev Az\u0259rbaycanda \u0259dliyy\u0259 v\u0259 m\u0259hk\u0259m\u0259-h\u00fcquq <\/strong><br \/>\n<strong>islahatlar\u0131n\u0131n m\u00fc\u0259llifidir\u201d<\/strong><\/p>\n<p><img decoding=\"async\" loading=\"lazy\" class=\" wp-image-26311 alignleft\" src=\"https:\/\/yeniterter.az\/wp-content\/uploads\/fe6d575b4bbcdc2de249755ca31f360d-300x200.jpg\" alt=\"\" width=\"152\" height=\"101\" srcset=\"https:\/\/yeniterter.az\/wp-content\/uploads\/fe6d575b4bbcdc2de249755ca31f360d-300x200.jpg 300w, https:\/\/yeniterter.az\/wp-content\/uploads\/fe6d575b4bbcdc2de249755ca31f360d.jpg 375w\" sizes=\"(max-width: 152px) 100vw, 152px\" \/><img decoding=\"async\" loading=\"lazy\" class=\" wp-image-26313 alignleft\" src=\"https:\/\/yeniterter.az\/wp-content\/uploads\/0f8a54fe4e42cc7d43fdfc68ed0d31e0-300x200.jpg\" alt=\"\" width=\"150\" height=\"100\" srcset=\"https:\/\/yeniterter.az\/wp-content\/uploads\/0f8a54fe4e42cc7d43fdfc68ed0d31e0-300x200.jpg 300w, https:\/\/yeniterter.az\/wp-content\/uploads\/0f8a54fe4e42cc7d43fdfc68ed0d31e0-1024x683.jpg 1024w, https:\/\/yeniterter.az\/wp-content\/uploads\/0f8a54fe4e42cc7d43fdfc68ed0d31e0-768x512.jpg 768w, https:\/\/yeniterter.az\/wp-content\/uploads\/0f8a54fe4e42cc7d43fdfc68ed0d31e0.jpg 1152w\" sizes=\"(max-width: 150px) 100vw, 150px\" \/><img decoding=\"async\" loading=\"lazy\" class=\" wp-image-26314 alignleft\" src=\"https:\/\/yeniterter.az\/wp-content\/uploads\/39072e33d052f18a223fb54152f387bc-300x200.jpg\" alt=\"\" width=\"146\" height=\"97\" srcset=\"https:\/\/yeniterter.az\/wp-content\/uploads\/39072e33d052f18a223fb54152f387bc-300x200.jpg 300w, https:\/\/yeniterter.az\/wp-content\/uploads\/39072e33d052f18a223fb54152f387bc.jpg 375w\" sizes=\"(max-width: 146px) 100vw, 146px\" \/>\u201cHeyd\u0259r \u018fliyev \u0130li\u201d \u00e7\u0259r\u00e7iv\u0259sind\u0259 T\u0259rt\u0259r Rayon \u0130cra Hakimiyy\u0259tinin t\u0259\u015fkilat\u00e7\u0131l\u0131\u011f\u0131 il\u0259 \u018fdliyy\u0259 \u0130\u015f\u00e7il\u0259rinin Pe\u015f\u0259 Bayram\u0131 v\u0259 105 illik yubileyi m\u00fcnasib\u0259ti il\u0259 \u201cHeyd\u0259r \u018fliyev Az\u0259rbaycanda \u0259dliyy\u0259 v\u0259 m\u0259hk\u0259m\u0259-h\u00fcquq islahatlar\u0131n\u0131n m\u00fc\u0259llifidir\u201d m\u00f6vzusunda \u201cd\u0259yirmi masa\u201d ke\u00e7irilib.<br \/>\n\u201cD\u0259yirmi masa\u201dda T\u0259rt\u0259r Rayon \u0130cra Hakimiyy\u0259tinin ba\u015f\u00e7\u0131s\u0131 M\u00fcst\u0259qim M\u0259mm\u0259dov, h\u00fcquq-m\u00fchafiz\u0259 orqanlar\u0131n\u0131n r\u0259hb\u0259rl\u0259ri v\u0259 \u0259dliyy\u0259 i\u015f\u00e7il\u0259ri i\u015ftirak edibl\u0259r.<br \/>\nT\u0259dbird\u0259n \u00f6nc\u0259 M\u0259rk\u0259zi Meydanda Ulu \u00d6nd\u0259rin xatir\u0259sin\u0259 ucald\u0131lm\u0131\u015f abid\u0259 ziyar\u0259t edilib, \u00f6n\u00fcn\u0259 g\u00fcl d\u0259st\u0259l\u0259ri d\u00fcz\u00fcl\u00fcb.<br \/>\nSonra Heyd\u0259r \u018fliyev M\u0259rk\u0259zind\u0259 \u00dcmummilli Lider Heyd\u0259r \u018fliyevin b\u00fcst\u00fc \u00f6n\u00fcn\u0259 g\u00fcl d\u0259st\u0259l\u0259ri qoyulub, h\u0259yat v\u0259 f\u0259aliyy\u0259tini \u0259ks etdir\u0259n eksponatlara bax\u0131l\u0131b.<br \/>\n\u201cD\u0259yirmi masa\u201d \u0259traf\u0131nda topla\u015fan t\u0259dbir i\u015ftirak\u00e7\u0131lar\u0131 \u00dcmummilli Liderin v\u0259 torpaqlar\u0131m\u0131z\u0131n azadl\u0131\u011f\u0131 u\u011frunda can\u0131ndan ke\u00e7\u0259n \u015f\u0259hidl\u0259rin ruhunu bir d\u0259qiq\u0259lik s\u00fckutla yad edibl\u0259r.<!--more--><br \/>\nT\u0259dbird\u0259 \u00e7\u0131x\u0131\u015f ed\u0259n T\u0259rt\u0259r Rayon \u0130cra Hakimiyy\u0259tinin ba\u015f\u00e7\u0131s\u0131 M\u00fcst\u0259qim M\u0259mm\u0259dov \u0259dliyy\u0259 i\u015f\u00e7il\u0259rini \u00dcmummilli Lider Heyd\u0259r \u018fliyevin 100 illik yubileyi v\u0259 pe\u015f\u0259 bayramlar\u0131 m\u00fcnasib\u0259ti il\u0259 t\u0259brik edib, onlara uzun \u00f6m\u00fcr, cansa\u011fl\u0131\u011f\u0131, m\u00f6ht\u0259r\u0259m Prezidentimiz c\u0259nab \u0130lham \u018fliyevin r\u0259hb\u0259rliyi alt\u0131nda i\u015fl\u0259rind\u0259 m\u00fcv\u0259ff\u0259qiyy\u0259tl\u0259r arzulay\u0131b.<br \/>\nRayon r\u0259hb\u0259ri bildirib ki, \u00f6lk\u0259mizd\u0259 \u018fdliyy\u0259 Nazirliyinin formala\u015fd\u0131r\u0131lmas\u0131 v\u0259 inki\u015faf\u0131 Ulu \u00d6nd\u0259r Heyd\u0259r \u018fliyevin ad\u0131 il\u0259 ba\u011fl\u0131d\u0131r.<br \/>\n1970-ci il oktyabr\u0131n 27-d\u0259 Az\u0259rbaycan SSR Ali Sovetinin q\u0259rar\u0131 il\u0259 \u018fdliyy\u0259 Nazirliyi t\u0259sis olunub v\u0259 bundan sonra dayan\u0131ql\u0131 f\u0259aliyy\u0259ti t\u0259min edilib. M\u00fcst\u0259qillikd\u0259n sonra da Az\u0259rbaycan \u0259dliyy\u0259sinin inki\u015faf\u0131 dahi \u00f6nd\u0259rin daim diqq\u0259t m\u0259rk\u0259zind\u0259 olub. 1993-c\u00fc ild\u0259 hakimiyy\u0259t\u0259 qay\u0131d\u0131\u015f\u0131ndan sonra \u00dcmummilli Liderin r\u0259hb\u0259rliyi il\u0259 \u0259dliyy\u0259 sisteminin inki\u015faf\u0131n\u0131 t\u0259min ed\u0259n ard\u0131c\u0131l v\u0259 m\u0259qs\u0259dy\u00f6nl\u00fc islahatlar h\u0259yata ke\u00e7irilib, nazirliyin s\u0259lahiyy\u0259tl\u0259ri geni\u015fl\u0259nib, c\u0259miyy\u0259td\u0259 n\u00fcfuzu art\u0131b.<br \/>\nUlu \u00d6nd\u0259rin \u0259dliyy\u0259 sah\u0259sind\u0259 apard\u0131\u011f\u0131 m\u0259qs\u0259dy\u00f6nl\u00fc siyas\u0259tin n\u0259tic\u0259si olaraq, 2000-ci il 11 noyabr tarixli S\u0259r\u0259ncamla \u018fdliyy\u0259 Nazirliyinin ilk \u018fsasnam\u0259sinin t\u0259sdiq edildiyi g\u00fcn &#8211; 22 noyabr \u018fdliyy\u0259 i\u015f\u00e7il\u0259rinin pe\u015f\u0259 bayram\u0131 g\u00fcn\u00fc kimi t\u0259sis edilib.<br \/>\nHeyd\u0259r \u018fliyevin hakimiyy\u0259td\u0259 oldu\u011fu b\u00fct\u00fcn ill\u0259rd\u0259 bir prinsipi olub: v\u0259t\u0259nda\u015f \u00f6z d\u00f6vl\u0259tind\u0259n yaln\u0131z haqq\u0131 v\u0259 \u0259dal\u0259ti g\u00f6zl\u0259m\u0259lidir.<br \/>\nM\u00fcst\u0259qillikd\u0259n sonrak\u0131 ill\u0259rd\u0259 d\u0259 Heyd\u0259r \u018fliyev m\u00fct\u0259madi olaraq, haqq, \u0259dal\u0259t ideyalar\u0131n\u0131n d\u00f6vl\u0259t\u00e7iliyimiz v\u0259 xalq\u0131m\u0131z \u00fc\u00e7\u00fcn n\u0259 d\u0259r\u0259c\u0259d\u0259 \u0259h\u0259miyy\u0259tli oldu\u011funu \u00f6z nitql\u0259rind\u0259 dil\u0259 g\u0259tirib. M\u0259s\u0259l\u0259n, 1995-ci il avqustun 4-d\u0259 respublika h\u00fcquq-m\u00fchafiz\u0259 orqanlar\u0131 r\u0259hb\u0259rl\u0259rinin i\u015ftirak\u0131 il\u0259 ke\u00e7irilmi\u015f m\u00fc\u015favir\u0259d\u0259 \u00e7\u0131x\u0131\u015f ed\u0259rk\u0259n \u00dcmummilli Lider deyib: \u201cHe\u00e7 bir cinay\u0259tkar c\u0259zas\u0131z qalmayacaq, qa\u00e7\u0131b can\u0131n\u0131 qurtara bilm\u0259y\u0259c\u0259kdir. Cinay\u0259tkarlar gec-tez yaxalanacaq v\u0259 haqq-\u0259dal\u0259t m\u0259hk\u0259m\u0259si qar\u015f\u0131s\u0131nda duracaqlar. Bu m\u0259nada m\u0259n, cinay\u0259tkarlar\u0131n h\u00fcquq-m\u00fchafiz\u0259 orqanlar\u0131 t\u0259r\u0259find\u0259n tap\u0131lmas\u0131n\u0131 ictimai-si-yasi h\u0259yat\u0131m\u0131zda b\u00f6y\u00fck nailiyy\u0259t, hadis\u0259 kimi qiym\u0259tl\u0259ndirir\u0259m. Xalq da, \u0259dal\u0259t d\u0259, g\u00f6r\u00fcn\u00fcr ki, Allah da haqq\u0131n, \u0259dal\u0259tin t\u0259r\u0259find\u0259dir\u201d. Qanunun aliliyind\u0259n b\u0259hs ed\u0259rk\u0259n, \u00dcmummilli Liderin \u00f6lk\u0259nin \u018fsas Qanununun \u2013 Konstitusiyas\u0131n\u0131n \u0259rs\u0259y\u0259 g\u0259lm\u0259sind\u0259ki rolunu qeyd etm\u0259m\u0259k m\u00fcmk\u00fcn deyil. M\u0259lum oldu\u011fu kimi, 1995-ci il noyabr\u0131n 12-d\u0259 referendum yolu il\u0259 m\u0259hz Heyd\u0259r \u018fliyevin m\u00fc\u0259llifi oldu\u011fu m\u00fcst\u0259qil Az\u0259rbaycan\u0131n ilk Konstitusiyas\u0131 onun bilavasit\u0259 r\u0259hb\u0259rliyi il\u0259 haz\u0131rlanaraq q\u0259bul edilib.<br \/>\nHeyd\u0259r \u018fliyev t\u0259r\u0259find\u0259n \u0259fvetm\u0259 institutu b\u0259rpa edilm\u0259kl\u0259, v\u0259t\u0259nda\u015flar\u0131n d\u00f6vl\u0259t\u0259, onun r\u0259hb\u0259rin\u0259 g\u00fcv\u0259ni, \u00fcmid v\u0259 etimad\u0131 art\u0131b.<br \/>\n\u201cD\u0259yirmi masa\u201dda T\u0259rt\u0259r Rayon M\u0259hk\u0259m\u0259sinin s\u0259dri Tahir Qubadov, T\u0259rt\u0259r H\u0259rbi M\u0259hk\u0259m\u0259sinin s\u0259dri \u0130lqar Quliyev, T\u0259rt\u0259r Rayon Polis \u015e\u00f6b\u0259sinin r\u0259isi El\u00e7in Qas\u0131mov, T\u0259rt\u0259r Rayon prokuroru \u018fli Qurbanov, D\u00f6vl\u0259t T\u0259hl\u00fck\u0259sizliyi Xidm\u0259tinin T\u0259rt\u0259r Rayon \u015e\u00f6b\u0259sinin r\u0259isi Anar \u018fliyev, S\u0259f\u0259rb\u0259rlik v\u0259 H\u0259rbi Xidm\u0259t\u0259 \u00c7a\u011f\u0131r\u0131\u015f \u00fczr\u0259 D\u00f6vl\u0259t Xidm\u0259tinin T\u0259rt\u0259r Rayon \u015e\u00f6b\u0259sinin r\u0259isi El\u015f\u0259n Abdullayev, T\u0259rt\u0259r H\u0259rbi prokuroru Emin V\u0259liyev, T\u0259rt\u0259r Rayon \u0130cra v\u0259 Probarsiya \u015f\u00f6b\u0259sinin r\u0259isi v\u0259zif\u0259sini icra ed\u0259n Cahangir Al\u0131yev, T\u0259rt\u0259r Rayon X\u00fcsusi Notariat Ofisinin x\u00fcsusi notariusu \u015e\u0259hriyar \u018fliyev v\u0259 T\u0259rt\u0259r Rayon Qeydiyyat \u015e\u00f6b\u0259sinin r\u0259isi Z\u00fcleyxa Mustafayeva \u00e7\u0131x\u0131\u015f edibl\u0259r. C\u0131x\u0131\u015flarda qeyd olunub ki, Az\u0259rbaycanda k\u00f6kl\u00fc m\u0259hk\u0259m\u0259-h\u00fcquq islahatlar\u0131n\u0131n apar\u0131lmas\u0131n\u0131n z\u0259ruriliyini n\u0259z\u0259r\u0259 alan \u00dcmummilli Liderin t\u0259\u015f\u0259bb\u00fcs\u00fc il\u0259 h\u0259l\u0259 1997-ci ild\u0259 \u0259n qabaqc\u0131l d\u00f6vl\u0259tl\u0259rin t\u0259cr\u00fcb\u0259sin\u0259 \u0259saslanan \u201cM\u0259hk\u0259m\u0259l\u0259r v\u0259 hakiml\u0259r haqq\u0131nda\u201d yeni Qa-nun q\u0259bul olunub, 1998-ci ild\u0259 is\u0259 m\u0259hk\u0259m\u0259 islahatlar\u0131na dair proqram xarakterli \u201cM\u0259hk\u0259m\u0259l\u0259r v\u0259 hakiml\u0259r haqq\u0131nda\u201d Az\u0259rbaycan Respublikas\u0131 Qanununun t\u0259tbiq edilm\u0259si v\u0259 m\u0259hk\u0259m\u0259 islahatlar\u0131n\u0131n h\u0259yata ke\u00e7irilm\u0259sin\u0259 dair t\u0259dbirl\u0259r bar\u0259d\u0259\u201d F\u0259rman imzalan\u0131b. \u00dcmummilli Liderin r\u0259hb\u0259rliyi il\u0259 apar\u0131lan m\u0259hk\u0259m\u0259-h\u00fcquq islahat\u0131 n\u0259tic\u0259sind\u0259 2000-ci ild\u0259n etibar\u0259n yeni, insan haqlar\u0131n\u0131n m\u00fcdafi\u0259sin\u0259 daha etibarl\u0131 t\u0259minat ver\u0259n \u00fc\u00e7pill\u0259li m\u00fcst\u0259qil m\u0259hk\u0259m\u0259 sistemi f\u0259aliyy\u0259t\u0259 ba\u015flay\u0131b.<br \/>\nBu islahatlar\u0131n xronologiyas\u0131nda daha bir m\u00fch\u00fcm hadis\u0259 kimi Heyd\u0259r \u018fliyevin 1999-cu ild\u0259 imzalad\u0131\u011f\u0131 \u201cAz\u0259rbaycan Respublikas\u0131nda h\u00fcquqi islahatlar\u0131n h\u0259yata ke\u00e7irilm\u0259si, m\u0259hk\u0259m\u0259l\u0259rin, islah-\u0259m\u0259k m\u00fc\u0259ssis\u0259l\u0259rinin v\u0259 istintaq t\u0259cridxanalar\u0131n\u0131n i\u015finin yax\u015f\u0131la\u015fd\u0131r\u0131lmas\u0131 il\u0259 \u0259laq\u0259dar \u0259lav\u0259 t\u0259dbirl\u0259r haqq\u0131nda\u201d F\u0259rman\u0131 g\u00f6st\u0259rm\u0259k olar. \u201cAz\u0259rbaycan Respublikas\u0131 m\u0259hk\u0259m\u0259l\u0259rinin t\u0259\u015fkili v\u0259 f\u0259aliyy\u0259tinin t\u0259min edilm\u0259si haqq\u0131nda\u201d F\u0259rman\u0131 il\u0259 is\u0259 Az\u0259rbaycan Respublikas\u0131nda bir s\u0131ra yeni m\u0259hk\u0259m\u0259l\u0259r -A\u011f\u0131r cinay\u0259tl\u0259r\u0259 dair i\u015fl\u0259r \u00fczr\u0259 Az\u0259rbaycan Respublikas\u0131n\u0131n m\u0259hk\u0259m\u0259si, el\u0259c\u0259 d\u0259, H\u0259rbi D\u0259niz Q\u00fcvv\u0259l\u0259ri h\u0259rbi m\u0259hk\u0259m\u0259sinin \u0259sas\u0131nda Sumqay\u0131t h\u0259rbi m\u0259hk\u0259m\u0259si, o c\u00fcml\u0259d\u0259n Az\u0259rbaycan Respublikas\u0131n\u0131n yerli iqtisad m\u0259hk\u0259m\u0259l\u0259ri t\u0259\u015fkil edilib, h\u0259m\u00e7inin bir s\u0131ra dig\u0259r \u0259h\u0259miyy\u0259tli m\u0259s\u0259l\u0259 d\u0259 \u00f6z h\u0259llini tap\u0131b.<br \/>\nBu g\u00fcn u\u011furla apar\u0131lan m\u0259hk\u0259m\u0259-h\u00fcquq islahatlar\u0131nda Heyd\u0259r \u018fliyevin d\u0259st-x\u0259ttinin m\u00f6vcudlu\u011fu, onun h\u00fcquqi ideyalar\u0131na sadiqlik dan\u0131lmazd\u0131r.<br \/>\nUlu \u00d6nd\u0259rin \u018fdliyy\u0259 orqanlar\u0131 il\u0259 ba\u011fl\u0131 apard\u0131\u011f\u0131 islahatlar Az\u0259rbaycan Respublikas\u0131n\u0131n Prezidenti c\u0259nab \u0130lham \u018fliyev t\u0259r\u0259find\u0259n bu g\u00fcn u\u011furla da-vam etdirilir. Onun \u201cAz\u0259rbaycan Respublikas\u0131nda m\u0259hk\u0259m\u0259 sisteminin m\u00fcasirl\u0259\u015fdirilm\u0259si\u201d v\u0259 \u201cAz\u0259rbaycan Respublikas\u0131n\u0131n b\u0259zi qanunvericilik aktla-r\u0131na d\u0259yi\u015fiklikl\u0259r v\u0259 \u0259lav\u0259l\u0259r edilm\u0259si haqq\u0131nda\u201d Az\u0259rbaycan Respublikas\u0131 Qanununun t\u0259tbiq edilm\u0259si bar\u0259d\u0259\u201d 2006-c\u0131 il tarixli F\u0259rman\u0131 bunu bir daha t\u0259sdiq edir.<br \/>\nT\u0259dbird\u0259 bir qrup \u0259dliyy\u0259 i\u015f\u00e7isi rayon icra hakimiyy\u0259ti t\u0259-r\u0259find\u0259n f\u0259xri f\u0259rmanla t\u0259ltif edilib v\u0259 xatir\u0259 \u015f\u0259kill\u0259ri \u00e7\u0259kilib.<\/p>\n<p>&nbsp;<\/p>\n","protected":false},"excerpt":{"rendered":"<p>\u201cHeyd\u0259r \u018fliyev Az\u0259rbaycanda \u0259dliyy\u0259 v\u0259 m\u0259hk\u0259m\u0259-h\u00fcquq islahatlar\u0131n\u0131n m\u00fc\u0259llifidir\u201d \u201cHeyd\u0259r \u018fliyev \u0130li\u201d \u00e7\u0259r\u00e7iv\u0259sind\u0259 T\u0259rt\u0259r Rayon \u0130cra Hakimiyy\u0259tinin t\u0259\u015fkilat\u00e7\u0131l\u0131\u011f\u0131 il\u0259 \u018fdliyy\u0259 \u0130\u015f\u00e7il\u0259rinin Pe\u015f\u0259 Bayram\u0131 v\u0259 105 illik yubileyi m\u00fcnasib\u0259ti il\u0259 \u201cHeyd\u0259r \u018fliyev Az\u0259rbaycanda \u0259dliyy\u0259 v\u0259 m\u0259hk\u0259m\u0259-h\u00fcquq islahatlar\u0131n\u0131n m\u00fc\u0259llifidir\u201d m\u00f6vzusunda \u201cd\u0259yirmi masa\u201d ke\u00e7irilib. \u201cD\u0259yirmi masa\u201dda T\u0259rt\u0259r Rayon \u0130cra Hakimiyy\u0259tinin ba\u015f\u00e7\u0131s\u0131 M\u00fcst\u0259qim M\u0259mm\u0259dov, h\u00fcquq-m\u00fchafiz\u0259 orqanlar\u0131n\u0131n r\u0259hb\u0259rl\u0259ri v\u0259 \u0259dliyy\u0259 i\u015f\u00e7il\u0259ri [&hellip;]<\/p>\n","protected":false},"author":2,"featured_media":0,"comment_status":"closed","ping_status":"closed","sticky":false,"template":"","format":"standard","meta":[],"categories":[2],"tags":[],"_links":{"self":[{"href":"https:\/\/yeniterter.az\/index.php?rest_route=\/wp\/v2\/posts\/26283"}],"collection":[{"href":"https:\/\/yeniterter.az\/index.php?rest_route=\/wp\/v2\/posts"}],"about":[{"href":"https:\/\/yeniterter.az\/index.php?rest_route=\/wp\/v2\/types\/post"}],"author":[{"embeddable":true,"href":"https:\/\/yeniterter.az\/index.php?rest_route=\/wp\/v2\/users\/2"}],"replies":[{"embeddable":true,"href":"https:\/\/yeniterter.az\/index.php?rest_route=%2Fwp%2Fv2%2Fcomments&post=26283"}],"version-history":[{"count":4,"href":"https:\/\/yeniterter.az\/index.php?rest_route=\/wp\/v2\/posts\/26283\/revisions"}],"predecessor-version":[{"id":26315,"href":"https:\/\/yeniterter.az\/index.php?rest_route=\/wp\/v2\/posts\/26283\/revisions\/26315"}],"wp:attachment":[{"href":"https:\/\/yeniterter.az\/index.php?rest_route=%2Fwp%2Fv2%2Fmedia&parent=26283"}],"wp:term":[{"taxonomy":"category","embeddable":true,"href":"https:\/\/yeniterter.az\/index.php?rest_route=%2Fwp%2Fv2%2Fcategories&post=26283"},{"taxonomy":"post_tag","embeddable":true,"href":"https:\/\/yeniterter.az\/index.php?rest_route=%2Fwp%2Fv2%2Ftags&post=26283"}],"curies":[{"name":"wp","href":"https:\/\/api.w.org\/{rel}","templated":true}]}}