{"id":26061,"date":"2023-10-28T11:04:49","date_gmt":"2023-10-28T08:04:49","guid":{"rendered":"https:\/\/yeniterter.az\/?p=26061"},"modified":"2023-10-28T11:04:49","modified_gmt":"2023-10-28T08:04:49","slug":"t%c9%99rt%c9%99rd%c9%99-mut%c9%99madi-olaraq-v%c9%99t%c9%99ndaslarin-muraci%c9%99tl%c9%99ri-dinl%c9%99nilir","status":"publish","type":"post","link":"https:\/\/yeniterter.az\/?p=26061","title":{"rendered":"T\u0259rt\u0259rd\u0259 m\u00fct\u0259madi olaraq  v\u0259t\u0259nda\u015flar\u0131n m\u00fcraci\u0259tl\u0259ri dinl\u0259nilir"},"content":{"rendered":"<p><img decoding=\"async\" loading=\"lazy\" class=\" wp-image-26062 alignright\" src=\"https:\/\/yeniterter.az\/wp-content\/uploads\/bf16682d66af2935f07bc56dda197bf7-300x200.jpg\" alt=\"\" width=\"203\" height=\"135\" srcset=\"https:\/\/yeniterter.az\/wp-content\/uploads\/bf16682d66af2935f07bc56dda197bf7-300x200.jpg 300w, https:\/\/yeniterter.az\/wp-content\/uploads\/bf16682d66af2935f07bc56dda197bf7-1024x683.jpg 1024w, https:\/\/yeniterter.az\/wp-content\/uploads\/bf16682d66af2935f07bc56dda197bf7-768x512.jpg 768w, https:\/\/yeniterter.az\/wp-content\/uploads\/bf16682d66af2935f07bc56dda197bf7.jpg 1152w\" sizes=\"(max-width: 203px) 100vw, 203px\" \/>T\u0259rt\u0259r Rayon \u0130cra Hakimiyy\u0259tind\u0259 m\u00fct\u0259madi olaraq v\u0259t\u0259nda\u015flar q\u0259bul edilir, onlar\u0131n probleml\u0259rinin h\u0259lli istiqam\u0259tind\u0259 \u0259m\u0259li add\u0131mlar at\u0131l\u0131r. N\u00f6vb\u0259ti q\u0259bulda 19 n\u0259f\u0259r v\u0259t\u0259nda\u015f\u0131n m\u00fcraci\u0259ti dinl\u0259nilib. \u015e\u0259hid ail\u0259l\u0259ri v\u0259 qazil\u0259r n\u00f6vb\u0259d\u0259nk\u0259nar q\u0259bul edilib, onlar\u0131n probleml\u0259rin\u0259 h\u0259ssasl\u0131qla yana\u015f\u0131l\u0131b.<br \/>\nQ\u0259bula g\u0259l\u0259n v\u0259t\u0259nda\u015flar \u0259sas\u0259n i\u015fl\u0259 t\u0259min olunma, sahibkarl\u0131q m\u0259qs\u0259dil\u0259 torpaq sah\u0259sinin ayr\u0131lmas\u0131, i\u015f\u011faldan azad olunmu\u015f \u0259razil\u0259rd\u0259 evl\u0259 t\u0259min olunma, maddi k\u00f6m\u0259klik, ev t\u0259mirin\u0259 k\u00f6m\u0259klik, t\u0259s\u0259r\u00fcfatlara ged\u0259n su arxlar\u0131n\u0131n t\u0259mizl\u0259nm\u0259si v\u0259 dig\u0259r \u015f\u0259xsi m\u0259s\u0259l\u0259l\u0259rl\u0259 ba\u011fl\u0131 m\u00fcraci\u0259t edibl\u0259r. Onlar\u0131n m\u00fcraci\u0259tl\u0259ri rayon r\u0259hb\u0259ri t\u0259r\u0259find\u0259n diqq\u0259tl\u0259 dinl\u0259nilib, icra hakimiyy\u0259tinin s\u0259lahiyy\u0259tl\u0259rin\u0259 aid m\u00fcraci\u0259tl\u0259r qanun \u00e7\u0259r\u00e7iv\u0259sind\u0259 h\u0259ll olunub, dig\u0259r m\u00fcraci\u0259tl\u0259rl\u0259 ba\u011fl\u0131 is\u0259 v\u0259t\u0259nda\u015flara m\u00fcvafiq izahatlar verilib, v\u0259t\u0259nda\u015f m\u0259mnunlu\u011fu t\u0259min olunub.<br \/>\nRayon sakinl\u0259ri \u00f6lk\u0259mizd\u0259 h\u0259yata ke\u00e7iril\u0259n islahatlara, \u0259halinin sosial rifah hal\u0131n\u0131n y\u00fcks\u0259ldilm\u0259sin\u0259 g\u00f6st\u0259ril\u0259n diqq\u0259t v\u0259 qay\u011f\u0131ya g\u00f6r\u0259 m\u00f6ht\u0259r\u0259m Prezident c\u0259nab \u0130lham \u018fliyev\u0259 v\u0259 Birinci vitse-prezident Mehriban xan\u0131m \u018fliyevaya \u00f6z minn\u0259tdarl\u0131qlar\u0131n\u0131 bildiribl\u0259r.<\/p>\n<p>&nbsp;<\/p>\n","protected":false},"excerpt":{"rendered":"<p>T\u0259rt\u0259r Rayon \u0130cra Hakimiyy\u0259tind\u0259 m\u00fct\u0259madi olaraq v\u0259t\u0259nda\u015flar q\u0259bul edilir, onlar\u0131n probleml\u0259rinin h\u0259lli istiqam\u0259tind\u0259 \u0259m\u0259li add\u0131mlar at\u0131l\u0131r. N\u00f6vb\u0259ti q\u0259bulda 19 n\u0259f\u0259r v\u0259t\u0259nda\u015f\u0131n m\u00fcraci\u0259ti dinl\u0259nilib. \u015e\u0259hid ail\u0259l\u0259ri v\u0259 qazil\u0259r n\u00f6vb\u0259d\u0259nk\u0259nar q\u0259bul edilib, onlar\u0131n probleml\u0259rin\u0259 h\u0259ssasl\u0131qla yana\u015f\u0131l\u0131b. Q\u0259bula g\u0259l\u0259n v\u0259t\u0259nda\u015flar \u0259sas\u0259n i\u015fl\u0259 t\u0259min olunma, sahibkarl\u0131q m\u0259qs\u0259dil\u0259 torpaq sah\u0259sinin ayr\u0131lmas\u0131, i\u015f\u011faldan azad olunmu\u015f \u0259razil\u0259rd\u0259 evl\u0259 t\u0259min olunma, maddi k\u00f6m\u0259klik, [&hellip;]<\/p>\n","protected":false},"author":2,"featured_media":0,"comment_status":"closed","ping_status":"closed","sticky":false,"template":"","format":"standard","meta":[],"categories":[2],"tags":[],"_links":{"self":[{"href":"https:\/\/yeniterter.az\/index.php?rest_route=\/wp\/v2\/posts\/26061"}],"collection":[{"href":"https:\/\/yeniterter.az\/index.php?rest_route=\/wp\/v2\/posts"}],"about":[{"href":"https:\/\/yeniterter.az\/index.php?rest_route=\/wp\/v2\/types\/post"}],"author":[{"embeddable":true,"href":"https:\/\/yeniterter.az\/index.php?rest_route=\/wp\/v2\/users\/2"}],"replies":[{"embeddable":true,"href":"https:\/\/yeniterter.az\/index.php?rest_route=%2Fwp%2Fv2%2Fcomments&post=26061"}],"version-history":[{"count":1,"href":"https:\/\/yeniterter.az\/index.php?rest_route=\/wp\/v2\/posts\/26061\/revisions"}],"predecessor-version":[{"id":26063,"href":"https:\/\/yeniterter.az\/index.php?rest_route=\/wp\/v2\/posts\/26061\/revisions\/26063"}],"wp:attachment":[{"href":"https:\/\/yeniterter.az\/index.php?rest_route=%2Fwp%2Fv2%2Fmedia&parent=26061"}],"wp:term":[{"taxonomy":"category","embeddable":true,"href":"https:\/\/yeniterter.az\/index.php?rest_route=%2Fwp%2Fv2%2Fcategories&post=26061"},{"taxonomy":"post_tag","embeddable":true,"href":"https:\/\/yeniterter.az\/index.php?rest_route=%2Fwp%2Fv2%2Ftags&post=26061"}],"curies":[{"name":"wp","href":"https:\/\/api.w.org\/{rel}","templated":true}]}}