{"id":26057,"date":"2023-10-28T11:00:41","date_gmt":"2023-10-28T08:00:41","guid":{"rendered":"https:\/\/yeniterter.az\/?p=26057"},"modified":"2023-10-28T11:01:10","modified_gmt":"2023-10-28T08:01:10","slug":"onlar-olk%c9%99mizin-suverenliyinin-v%c9%99-%c9%99razi-butovluyunun-tam-b%c9%99rpasi-ugrunda-doyusl%c9%99rd%c9%99-s%c9%99hidlik-zirv%c9%99sin%c9%99-ucaliblar","status":"publish","type":"post","link":"https:\/\/yeniterter.az\/?p=26057","title":{"rendered":"Onlar \u00f6lk\u0259mizin suverenliyinin v\u0259 \u0259razi b\u00fct\u00f6vl\u00fcy\u00fcn\u00fcn tam b\u0259rpas\u0131 u\u011frunda d\u00f6y\u00fc\u015fl\u0259rd\u0259 \u015f\u0259hidlik zirv\u0259sin\u0259 ucal\u0131blar"},"content":{"rendered":"<p><strong>El\u0259 bir g\u0259nc n\u0259sil yeti\u015fdirdik ki, V\u0259t\u0259n, torpaq u\u011frunda \u00f6l\u00fcm\u0259 getm\u0259y\u0259 haz\u0131r idi v\u0259 \u00f6l\u00fcm\u0259 d\u0259 gedirdi. Allah b\u00fct\u00fcn \u015f\u0259hidl\u0259rimiz\u0259 r\u0259hm\u0259t el\u0259sin. Biz onlar\u0131n ruhu qar\u015f\u0131s\u0131nda ba\u015f \u0259yirik. Biz Az\u0259rbaycan xalq\u0131 olaraq onlara \u0259b\u0259di borcluyuq.<\/strong><\/p>\n<p style=\"text-align: right;\"><em><strong>\u0130lham \u018fliyev, Az\u0259rbaycan Respublikas\u0131n\u0131n Prezidenti<\/strong><\/em><\/p>\n<p style=\"text-align: center;\"><strong>Ata d\u00f6y\u00fc\u015fd\u00fcy\u00fc yerl\u0259ri o\u011flu qar\u0131\u015f-qar\u0131\u015f g\u0259zdi<\/strong><\/p>\n<p><img decoding=\"async\" loading=\"lazy\" class=\" wp-image-26058 alignleft\" src=\"https:\/\/yeniterter.az\/wp-content\/uploads\/IMG-20231003-WA0012-246x300.jpg\" alt=\"\" width=\"127\" height=\"154\" srcset=\"https:\/\/yeniterter.az\/wp-content\/uploads\/IMG-20231003-WA0012-246x300.jpg 246w, https:\/\/yeniterter.az\/wp-content\/uploads\/IMG-20231003-WA0012.jpg 765w\" sizes=\"(max-width: 127px) 100vw, 127px\" \/>I Qaraba\u011f m\u00fcharib\u0259si veteran\u0131 Akif Lalayev dan\u0131\u015f\u0131r ki, o\u011flum Ruslan ki\u00e7ik ya\u015flar\u0131nda olanda \u00fcz\u00fcmd\u0259ki \u00e7ap\u0131qlar\u0131 g\u00f6r\u00fcb soru\u015furdu: \u201cBunlar n\u0259dir, ata?\u201d M\u0259n d\u0259 bildirirdim ki, erm\u0259nil\u0259rl\u0259 d\u00f6y\u00fc\u015fl\u0259rd\u0259 olub, bu, onlar\u0131n m\u0259n\u0259 vurduqlar\u0131 yaralar\u0131n izl\u0259ridir. Onda Ruslan\u0131 q\u0259z\u0259b b\u00fcr\u00fcy\u00fcr v\u0259 deyirdi: \u201cM\u0259n s\u0259nin intiqam\u0131n\u0131 onlardan alaca\u011fam, ata! B\u00fct\u00fcn Lalayevl\u0259r n\u0259slinin qisas\u0131n\u0131 alaca\u011fam\u201d. Cavab\u0131nda o\u011fluma ba\u015fa sal\u0131rd\u0131m ki, d\u00fc\u015fm\u0259n yaln\u0131z bizim ail\u0259y\u0259 z\u0259rb\u0259 vurmay\u0131b, milyonlarla az\u0259rbaycanl\u0131 nankor qon\u015fular\u0131m\u0131z\u0131n z\u00fclm\u00fcn\u0259 m\u0259ruz qal\u0131b v\u0259 b\u00f6y\u00fcy\u0259n n\u0259sil \u015f\u0259hidl\u0259rimizin, yaral\u0131lar\u0131n, ev-e\u015fikl\u0259rind\u0259n did\u0259rgin d\u00fc\u015f\u0259nl\u0259rin, \u0259sirlikd\u0259 saxlan\u0131lanlar\u0131n qisas\u0131n\u0131 almal\u0131d\u0131r.<br \/>\nVaxt yeti\u015fdi, Ruslan b\u00f6y\u00fcd\u00fc. G\u00f6z\u0259l idman\u00e7\u0131, \u201cQara k\u0259m\u0259r ustas\u0131 oldu\u201d. \u018fvv\u0259lc\u0259 m\u00fcdd\u0259tli h\u0259qiqi xidm\u0259tini b\u00f6y\u00fck m\u00fcv\u0259ff\u0259qiyy\u0259tl\u0259 ba\u015fa vurdu. G\u00f6z\u0259l \u0259l qabiliyy\u0259ti, bacar\u0131\u011f\u0131 vard\u0131, s\u0259n\u0259tl\u0259rin bir \u00e7oxuna m\u00fck\u0259mm\u0259l yiy\u0259l\u0259nmi\u015fdi. Saat-sazl\u0131\u011f\u0131, reklam i\u015fini, ma\u015f\u0131n t\u0259mirini \u00f6yr\u0259nmi\u015fdi. Halal z\u0259hm\u0259til\u0259 ail\u0259sin\u0259 k\u00f6m\u0259k edir, g\u0259l\u0259c\u0259yil\u0259 ba\u011fl\u0131 planlar qururdu.<br \/>\nLakin h\u0259r zaman atas\u0131n\u0131n \u00fcz\u00fcn\u0259 baxanda, k\u00f6rp\u0259 vaxt\u0131 ol-du\u011fu kimi, yumruqlar\u0131 d\u00fcy\u00fcnl\u0259nir v\u0259 q\u0259lbini b\u00fcr\u00fcy\u0259n hissl\u0259-ri cilovlaya bilmirdi.<br \/>\nBel\u0259likl\u0259 d\u0259 Ruslan dinc h\u0259yat\u0131 k\u0259nara qoyub, yenid\u0259n h\u0259rbiy\u0259 qay\u0131td\u0131. Haz\u0131rl\u0131q kurslar\u0131n\u0131 ke\u00e7dikd\u0259n sonra, x\u00fcsusi t\u0259yinatl\u0131 komandonun d\u00f6y\u00fc\u015f\u00e7\u00fcl\u0259rind\u0259n biri oldu. \u00d6z\u00fc d\u0259 nec\u0259 d\u00f6y\u00fc\u015f\u00e7\u00fc! Tabeliyind\u0259 olan 10 n\u0259f\u0259rl\u0259 k\u0259\u015ffiyyata gedir v\u0259 he\u00e7 vaxt oradan \u0259libo\u015f qay\u0131tm\u0131rd\u0131. D\u00fc\u015fm\u0259ni m\u0259hv edib, laz\u0131m olan m\u0259lumatlar\u0131 g\u0259tirirdi. Deyirl\u0259r ki, bel\u0259 d\u00f6y\u00fc\u015fl\u0259rin birind\u0259n sonra ax\u0131r\u0131nc\u0131 sa\u011f qalan d\u00fc\u015fm\u0259n zabiti onu \u00f6ld\u00fcrm\u0259m\u0259yi xahi\u015f edib. Ruslan is\u0259 cavab\u0131nda deyib:<br \/>\n\u2013B\u0259s m\u0259nim atam\u0131n \u00f6vladlar\u0131 yox idi, minl\u0259rl\u0259 az\u0259rbaycanl\u0131n\u0131n \u2013 k\u00f6rp\u0259l\u0259rin, qad\u0131nlar\u0131n n\u0259 g\u00fcnah\u0131 vard\u0131 ki, siz on-lar\u0131 s\u0259rs\u0259m x\u00fclyalar\u0131n\u0131z\u0131n qurban\u0131na \u00e7\u00fcvirirdiniz?<!--more--><br \/>\nBu g\u00fcn Akif atan\u0131n albomunda bir \u015f\u0259kil var: I Qaraba\u011f m\u00fcharib\u0259sind\u0259 k\u0259\u015ffiyyat ko-mandiri r\u0259isinin k\u00f6m\u0259k\u00e7isi v\u0259zif\u0259sind\u0259 \u00e7al\u0131\u015fark\u0259n h\u0259rbi geyimd\u0259, k\u0259\u015ffiyyat\u00e7\u0131ya m\u0259xsus b\u00fct\u00fcn silah-sursatla La\u00e7\u0131nda \u00e7\u0259kdirib. Eyn\u0259n o yerd\u0259, el\u0259 h\u0259min g\u00f6rk\u0259md\u0259 Ruslan\u0131n \u00e7\u0259kdirdiyi \u015f\u0259kil is\u0259 Akif Lalayevin telefonunda saxlan\u0131l\u0131r. O\u011ful atas\u0131na verdiyi v\u0259d\u0259 \u015f\u0259r\u0259fl\u0259 \u0259m\u0259l etdi, onun ayaq basd\u0131\u011f\u0131 yerl\u0259ri qar\u0131\u015f-qar\u0131\u015f g\u0259zib d\u00fc\u015fm\u0259nd\u0259n qisas\u0131n\u0131 ald\u0131.<br \/>\nTelefonda Ruslan\u0131n \u00e7oxlu s\u0259s yaz\u0131lar\u0131, video\u00e7\u0259kili\u015fl\u0259ri qal\u0131b. Sonuncu d\u0259f\u0259 sentyabr\u0131n 19-da saat 11.30-da anas\u0131 il\u0259 dan\u0131\u015f\u0131b. H\u0259min vaxt onlar V\u0259ngin \u00fcst t\u0259r\u0259find\u0259 yerl\u0259\u015fmi\u015fdil\u0259r. Saat 10.32-d\u0259 yaz\u0131b ki, telefonu s\u00f6nd\u00fcr\u00fcr\u0259m, nigaran qalmay\u0131n. Sonra son d\u00f6y\u00fc\u015f\u0259 \u2013 onu \u0259b\u0259di h\u0259yata qovu\u015fduran d\u00f6y\u00fc\u015f\u0259 qat\u0131l\u0131b. Yaralan\u0131b, ancaq dayanmay\u0131b, aya\u011fa qalx\u0131b son n\u0259f\u0259sin\u0259d\u0259k q\u0259hr\u0259mancas\u0131na vuru\u015fub.<br \/>\nAtas\u0131 deyir ki, ta\u011f\u0131m komandiri onu d\u00f6y\u00fc\u015f meydan\u0131ndan \u00e7\u0131xarark\u0259n, \u00f6z\u00fc d\u0259 \u015f\u0259hidlik zirv\u0259sin\u0259 ucal\u0131b.<br \/>\nTelefonda Ruslan\u0131n \u0259sg\u0259r yolda\u015f\u0131na dediyi s\u00f6zl\u0259r qal\u0131b: \u201c\u015e\u0259hid olaca\u011fam, oxudu\u011fum S\u0259hlabad m\u0259kt\u0259bind\u0259 m\u0259nim ad\u0131ma gu\u015f\u0259 d\u00fcz\u0259ld\u0259c\u0259kl\u0259r\u201d.<br \/>\nRuslan ni\u015fanl\u0131yd\u0131. Q\u0131z\u0131 \u00f6z\u00fc b\u0259y\u0259nmi\u015fdi. Bir aydan sonra toyu olmal\u0131yd\u0131.<br \/>\n1994-c\u00fc il 17 fevralda d\u00fcnyaya g\u0259l\u0259n \u015f\u0259hidimiz 2023-c\u00fc ilin 9-cu ay\u0131nda ay\u0131n 19-da \u0259n uca m\u0259qama \u2013 \u015f\u0259hidliy\u0259 qovu\u015fub.<br \/>\nRuslan Lalyev sa\u011fl\u0131\u011f\u0131nda III d\u0259r\u0259c\u0259li \u201cH\u0259rbi xidm\u0259td\u0259 f\u0259rq-l\u0259nm\u0259y\u0259 g\u00f6r\u0259\u201d v\u0259 \u201cC\u0259sur d\u00f6y\u00fc\u015f\u00e7\u00fc\u201d medallar\u0131na layiq g\u00f6r\u00fcl\u00fcb.<\/p>\n","protected":false},"excerpt":{"rendered":"<p>El\u0259 bir g\u0259nc n\u0259sil yeti\u015fdirdik ki, V\u0259t\u0259n, torpaq u\u011frunda \u00f6l\u00fcm\u0259 getm\u0259y\u0259 haz\u0131r idi v\u0259 \u00f6l\u00fcm\u0259 d\u0259 gedirdi. Allah b\u00fct\u00fcn \u015f\u0259hidl\u0259rimiz\u0259 r\u0259hm\u0259t el\u0259sin. Biz onlar\u0131n ruhu qar\u015f\u0131s\u0131nda ba\u015f \u0259yirik. Biz Az\u0259rbaycan xalq\u0131 olaraq onlara \u0259b\u0259di borcluyuq. \u0130lham \u018fliyev, Az\u0259rbaycan Respublikas\u0131n\u0131n Prezidenti Ata d\u00f6y\u00fc\u015fd\u00fcy\u00fc yerl\u0259ri o\u011flu qar\u0131\u015f-qar\u0131\u015f g\u0259zdi I Qaraba\u011f m\u00fcharib\u0259si veteran\u0131 Akif Lalayev dan\u0131\u015f\u0131r ki, o\u011flum [&hellip;]<\/p>\n","protected":false},"author":2,"featured_media":0,"comment_status":"closed","ping_status":"closed","sticky":false,"template":"","format":"standard","meta":[],"categories":[39],"tags":[],"_links":{"self":[{"href":"https:\/\/yeniterter.az\/index.php?rest_route=\/wp\/v2\/posts\/26057"}],"collection":[{"href":"https:\/\/yeniterter.az\/index.php?rest_route=\/wp\/v2\/posts"}],"about":[{"href":"https:\/\/yeniterter.az\/index.php?rest_route=\/wp\/v2\/types\/post"}],"author":[{"embeddable":true,"href":"https:\/\/yeniterter.az\/index.php?rest_route=\/wp\/v2\/users\/2"}],"replies":[{"embeddable":true,"href":"https:\/\/yeniterter.az\/index.php?rest_route=%2Fwp%2Fv2%2Fcomments&post=26057"}],"version-history":[{"count":2,"href":"https:\/\/yeniterter.az\/index.php?rest_route=\/wp\/v2\/posts\/26057\/revisions"}],"predecessor-version":[{"id":26060,"href":"https:\/\/yeniterter.az\/index.php?rest_route=\/wp\/v2\/posts\/26057\/revisions\/26060"}],"wp:attachment":[{"href":"https:\/\/yeniterter.az\/index.php?rest_route=%2Fwp%2Fv2%2Fmedia&parent=26057"}],"wp:term":[{"taxonomy":"category","embeddable":true,"href":"https:\/\/yeniterter.az\/index.php?rest_route=%2Fwp%2Fv2%2Fcategories&post=26057"},{"taxonomy":"post_tag","embeddable":true,"href":"https:\/\/yeniterter.az\/index.php?rest_route=%2Fwp%2Fv2%2Ftags&post=26057"}],"curies":[{"name":"wp","href":"https:\/\/api.w.org\/{rel}","templated":true}]}}