{"id":24908,"date":"2023-05-08T09:29:59","date_gmt":"2023-05-08T06:29:59","guid":{"rendered":"https:\/\/yeniterter.az\/?p=24908"},"modified":"2023-05-08T09:29:59","modified_gmt":"2023-05-08T06:29:59","slug":"heyd%c9%99r-%c9%99liyev-ili-2023-10","status":"publish","type":"post","link":"https:\/\/yeniterter.az\/?p=24908","title":{"rendered":"HEYD\u018fR \u018fL\u0130YEV \u0130L\u0130\u20132023"},"content":{"rendered":"<p style=\"text-align: center;\"><span style=\"font-size: 14pt;\"><strong>Dahi \u015f\u0259xsiyy\u0259tin uzaqg\u00f6r\u0259n siyas\u0259tind\u0259n b\u0259hr\u0259l\u0259n\u0259n minl\u0259rl\u0259 insandan biriy\u0259m<\/strong><\/span><\/p>\n<p><img decoding=\"async\" loading=\"lazy\" class=\" wp-image-24909 alignright\" src=\"https:\/\/yeniterter.az\/wp-content\/uploads\/180f44a4-dc66-4223-9083-a1ade00dcc64-300x225.jpg\" alt=\"\" width=\"200\" height=\"150\" srcset=\"https:\/\/yeniterter.az\/wp-content\/uploads\/180f44a4-dc66-4223-9083-a1ade00dcc64-300x225.jpg 300w, https:\/\/yeniterter.az\/wp-content\/uploads\/180f44a4-dc66-4223-9083-a1ade00dcc64-1024x768.jpg 1024w, https:\/\/yeniterter.az\/wp-content\/uploads\/180f44a4-dc66-4223-9083-a1ade00dcc64-768x576.jpg 768w, https:\/\/yeniterter.az\/wp-content\/uploads\/180f44a4-dc66-4223-9083-a1ade00dcc64.jpg 1080w\" sizes=\"(max-width: 200px) 100vw, 200px\" \/>2023-c\u00fc il ham\u0131m\u0131z \u00fc\u00e7\u00fcn \u0259lam\u0259tdar ildir. \u00dcmummilli Lider Heyd\u0259r \u018fliyevin anadan olmas\u0131-n\u0131n 100 illiyi \u00f6lk\u0259mizd\u0259 b\u00f6y\u00fck t\u0259nt\u0259n\u0259 il\u0259 qeyd olunur. Heyd\u0259r \u018fliyev kimi dahi \u015f\u0259xsiyy\u0259tl\u0259 g\u00f6r\u00fc\u015fm\u0259k, xatir\u0259l\u0259rini dan\u0131\u015fmaq \u00f6z\u00fc bir x\u00f6\u015fb\u0259xtlikdir.<br \/>\nAz\u0259rbaycan xalq\u0131n\u0131n \u00dcmummilli Lideri Heyd\u0259r \u018fliyev m\u00fcasir d\u00fcnya tarixin\u0259 parlaq v\u0259 silinm\u0259z iz qoymu\u015f b\u00f6y\u00fck \u015f\u0259xsiyy\u0259t, qeyri-adi z\u0259ka, fitri istedad sahibi, m\u00fcdrik d\u00f6vl\u0259t xadimi kimi d\u00fc\u015fm\u00fc\u015fd\u00fcr. Heyd\u0259r \u018fliyev kimi dahil\u0259r min ild\u0259 bir do\u011fulur v\u0259 xalq\u0131n\u0131n taleyind\u0259, tarixind\u0259 silinm\u0259z izl\u0259r qoyur, \u00f6lk\u0259sinin \u0259n \u00e7\u0259tin, a\u011f\u0131r d\u00f6vr\u00fcnd\u0259 xilaskar rolunu oynay\u0131r.<br \/>\nBu dahi insan\u0131n f\u0259aliyy\u0259tin\u0259, ke\u00e7diyi \u00f6m\u00fcr yoluna n\u0259z\u0259r salanda ayd\u0131n g\u00f6r\u00fcr\u00fck ki, Heyd\u0259r \u018fliyev bir \u00e7ox siyasi xadimin ed\u0259 bilm\u0259diyini ger\u00e7\u0259kl\u0259\u015fdirmi\u015f, m\u00fcasir d\u00fcnyan\u0131n \u0259n aktual \u00e7a\u011f\u0131r\u0131\u015flar\u0131na cavab verm\u0259k bacar\u0131\u011f\u0131 il\u0259 XX v\u0259 XXI \u0259srl\u0259rin tan\u0131nm\u0131\u015f siyasi xadiml\u0259ri aras\u0131nda h\u0259mi\u015f\u0259lik \u00f6z layiqli yerini tutmu\u015fdur. Xalq\u0131m\u0131z\u0131n yetirdiyi nadir d\u00f6vl\u0259t xadiml\u0259rind\u0259n olan Heyd\u0259r \u018fliyev ya\u015fad\u0131\u011f\u0131 b\u00fct\u00fcn h\u0259yat\u0131 boyu h\u0259r zaman xalq\u0131n\u0131, v\u0259t\u0259nini d\u00fc\u015f\u00fcnm\u00fc\u015fd\u00fcr. Onun \u00fcr\u0259yi Az\u0259rbaycan\u0131n m\u00fcst\u0259qilliyinin m\u00f6hk\u0259ml\u0259ndirilm\u0259si, do\u011fma xalq\u0131n\u0131n xo\u015fb\u0259xtliyi \u00fc\u00e7\u00fcn \u00e7\u0131rp\u0131nm\u0131\u015fd\u0131r. Ulu \u00d6nd\u0259r bir d\u00f6vl\u0259t ba\u015f\u00e7\u0131s\u0131 kimi Az\u0259rbaycan\u0131n \u0259n \u00e7\u0259tin, \u00fcz\u00fcc\u00fc anlar\u0131nda onu xilas etm\u0259k \u00fc\u00e7\u00fcn misilsiz f\u0259dakarl\u0131qlar g\u00f6st\u0259rmi\u015f, \u00f6lk\u0259sini b\u0259lalardan qurtarma\u011f\u0131 bacarm\u0131\u015fd\u0131r.<!--more--><br \/>\n1972-1988-ci ill\u0259rd\u0259 Ulu \u00d6nd\u0259r Heyd\u0259r \u018fliyevin t\u0259\u015f\u0259bb\u00fcs\u00fc il\u0259 \u00f6lk\u0259y\u0259 laz\u0131m olan m\u00fct\u0259x\u0259ssis kadrlar yeti\u015fdirm\u0259k m\u0259qs\u0259dil\u0259 Az\u0259rbaycan\u0131n ali m\u0259kt\u0259bl\u0259rind\u0259 yeni-yeni ixtisaslar \u00fczr\u0259 fak\u00fclt\u0259l\u0259r a\u00e7\u0131l\u0131r, h\u0259r il 900-d\u0259n art\u0131q g\u0259nc Sovet \u0130ttifaq\u0131n\u0131n qabaqc\u0131l ali m\u0259kt\u0259bl\u0259rind\u0259 t\u0259hsil alma\u011fa g\u00f6nd\u0259rilirdi. M\u0259n d\u0259 h\u0259min g\u0259ncl\u0259rd\u0259n biri olmu\u015fam. 1982-ci ild\u0259 orta m\u0259kt\u0259bi bitirdikd\u0259n sonra eksperiment yolu il\u0259 Xarkov Aviasiya \u0130nstitutunun t\u0259yyar\u0259qay\u0131rma fak\u00fclt\u0259sin\u0259 daxil olmu\u015fam. Daha sonra Xarkov M\u00fch\u0259ndis-\u0130qtisad \u0130nstitutunun ma\u015f\u0131nqay\u0131rman\u0131n iqtisadiyyat\u0131 v\u0259 idar\u0259 olunmas\u0131 fak\u00fclt\u0259sini bitirmi\u015f\u0259m. T\u0259hsilimi ba\u015fa vurandan sonra V\u0259t\u0259n\u0259 qay\u0131tm\u0131\u015fam. 32 ildir d\u00f6vl\u0259t qullu\u011funda \u00e7al\u0131\u015f\u0131ram. M\u0259n h\u0259yatda \u0259ld\u0259 etdikl\u0259rim\u0259 g\u00f6r\u0259 Heyd\u0259r \u018fliyev\u0259 borcluyam. Onun apard\u0131\u011f\u0131 dahi \u015f\u0259xsiyy\u0259tl\u0259r\u0259 m\u0259xsus bu uzaqg\u00f6r\u0259n siyas\u0259td\u0259n b\u0259hr\u0259l\u0259n\u0259n minl\u0259rl\u0259 insanlardan biri d\u0259 m\u0259n\u0259m.<br \/>\nH\u0259yat\u0131mda iki d\u0259f\u0259 \u00dcmummilli Liderl\u0259 g\u00f6r\u00fc\u015fm\u0259k x\u00f6\u015fb\u0259xtliyi m\u0259n\u0259 n\u0259sib olmu\u015fdur. 1982-ci ild\u0259 instituta daxil olandan sonra \u00dcmummilli liderimizl\u0259 Lenin ad\u0131na sarayda (indi Heyd\u0259r \u018fliyev ad\u0131na saray) g\u00f6r\u00fc\u015f\u00fcm\u00fcz olub. G\u00f6r\u00fc\u015fd\u0259 valideynl\u0259rimiz d\u0259 i\u015ftirak edirdi. \u018fvv\u0259lc\u0259 saray\u0131n foyesind\u0259 b\u00f6y\u00fck ziyaf\u0259t t\u0259\u015fkil olunmu\u015fdur. Sonra is\u0259 t\u0259nt\u0259n\u0259li m\u0259rasim oldu. Ulu \u00d6nd\u0259r bizi t\u0259brik etdi, ham\u0131m\u0131za qiym\u0259tli h\u0259diyy\u0259l\u0259r verdi, avqust ay\u0131 \u00fc\u00e7\u00fcn h\u0259r birimiz\u0259 t\u0259l\u0259b\u0259 t\u0259qa\u00fcd\u00fc verdi v\u0259 h\u0259r birimizin t\u0259yyar\u0259 il\u0259 pulsuz t\u0259hsil alaca\u011f\u0131m\u0131z \u015f\u0259h\u0259rl\u0259r\u0259 \u00e7atd\u0131r\u0131lmas\u0131n\u0131 t\u0259min etdi. Getdiyimiz \u015f\u0259h\u0259rd\u0259 t\u0259yyar\u0259 liman\u0131nda bizi qar\u015f\u0131lad\u0131lar v\u0259 t\u0259hsil alaca\u011f\u0131m\u0131z ali m\u0259kt\u0259bl\u0259r\u0259 apard\u0131lar. Bizi m\u00fcv\u0259qq\u0259ti qeydiyyata al\u0131b institutun t\u0259l\u0259b\u0259 yataqxanas\u0131nda yerl\u0259\u015fdirdil\u0259r.<br \/>\nT\u0259hsil ald\u0131\u011f\u0131m\u0131z ill\u0259rd\u0259 d\u0259 biz Ulu \u00d6nd\u0259rin diqq\u0259tind\u0259n k\u0259narda qalmad\u0131q. Xalq\u0131m\u0131z\u0131n xilaskar\u0131 Moskva \u015f\u0259h\u0259rind\u0259 ya\u015fayanda v\u0259 SSR\u0130 kimi n\u0259h\u0259ng bir d\u00f6vl\u0259tin r\u0259hb\u0259rl\u0259rind\u0259n biri olanda da biz\u0259 &#8211; az\u0259rbaycanl\u0131 t\u0259l\u0259b\u0259l\u0259r\u0259 diqq\u0259t v\u0259 qay\u011f\u0131s\u0131n\u0131 \u0259sirg\u0259mirdi. Az\u0259rbaycanla ba\u011fl\u0131 bayramlarda Ulu \u00d6nd\u0259r az\u0259rbaycanl\u0131 t\u0259l\u0259b\u0259l\u0259r\u0259 bayram t\u0259brikl\u0259ri g\u00f6nd\u0259rirdi. T\u0259hsil ald\u0131\u011f\u0131m\u0131z ali m\u0259kt\u0259bin r\u0259hb\u0259rl\u0259ri bizi institutun iclas zal\u0131na y\u0131\u011f\u0131r, bu teleqramlar\u0131 oxuyur v\u0259 Heyd\u0259r \u018fliyevin t\u0259brikini biz\u0259 \u00e7atd\u0131r\u0131rd\u0131lar. Biz t\u0259l\u0259b\u0259l\u0259r onunla f\u0259xr edirdik.<br \/>\n\u00dcmummilli Liderimizl\u0259 ikinci g\u00f6r\u00fc\u015f\u00fcm 1998-ci ild\u0259 Bak\u0131 \u015f\u0259h\u0259rind\u0259 oldu. Heyd\u0259r \u018fliyev Az\u0259rbaycan Respublikas\u0131n\u0131n Prezidenti olark\u0259n 70-80-c\u0131 ill\u0259rd\u0259 ke\u00e7mi\u015f SSR\u0130-nin m\u00fcxt\u0259lif \u015f\u0259h\u0259rl\u0259rind\u0259 t\u0259hsil alm\u0131\u015f t\u0259l\u0259b\u0259l\u0259ri Respublika saray\u0131na yenid\u0259n y\u0131\u011fd\u0131. Orada geni\u015f toplant\u0131 ke\u00e7irdi. Heyd\u0259r \u018fliyev h\u0259min toplant\u0131da giri\u015f nitqi s\u00f6yl\u0259di. Dedi ki, m\u0259n sizi Az\u0259rbaycan\u0131n bu g\u00fcn\u00fc \u00fc\u00e7\u00fcn yeti\u015fdirmi\u015f\u0259m. Az\u0259rbaycan m\u00fcst\u0259qil d\u00f6vl\u0259tdir. Siz d\u0259 Az\u0259rbaycan\u0131n y\u00fcks\u0259k ixtisasl\u0131 kadrlar\u0131s\u0131n\u0131z. Sizinl\u0259 birlikd\u0259 i\u015fl\u0259y\u0259c\u0259k, \u00f6lk\u0259mizi inki\u015faf etmi\u015f d\u00f6vl\u0259tl\u0259r s\u0131ras\u0131na \u00e7\u0131xaraca\u011f\u0131q v\u0259 b\u00fct\u00fcn d\u00fcnyaya tan\u0131daca\u011f\u0131q. Sizl\u0259rd\u0259n hans\u0131n\u0131z haz\u0131rda i\u015fl\u0259mirs\u0259 onlar\u0131 i\u015fl\u0259 t\u0259min ed\u0259c\u0259yik. H\u0259min g\u00f6r\u00fc\u015fd\u0259 biz \u00dcmummilli Liderin diqq\u0259t v\u0259 qay\u011f\u0131s\u0131n\u0131 bir daha yax\u0131ndan hiss etdik. Bu kadrlar\u2013pe\u015f\u0259kar m\u00fct\u0259x\u0259ssisl\u0259r sonra respublikam\u0131z\u0131n d\u00f6vl\u0259t strukturlar\u0131nda m\u00fcxt\u0259lif v\u0259zif\u0259l\u0259rd\u0259 i\u015fl\u0259m\u0259y\u0259 c\u0259lb olundu.<br \/>\nAz\u0259rbaycan Respublikas\u0131 Nazirl\u0259r Kabinetinin t\u0259\u015f\u0259bb\u00fcs\u00fc il\u0259 2 may 2023-c\u00fc il tarixd\u0259 Bak\u0131 \u015f\u0259h\u0259rind\u0259 Heyd\u0259r \u018fliyevin anadan olmas\u0131n\u0131n 100 illiyin\u0259 h\u0259sr edilmi\u015f Az\u0259rbaycandan k\u0259narda t\u0259hsil alm\u0131\u015f m\u00fct\u0259x\u0259ssisl\u0259rin toplant\u0131s\u0131 ke\u00e7irilib. T\u0259rt\u0259r rayonundan 2 n\u0259f\u0259r bu toplant\u0131ya d\u0259v\u0259t al\u0131b. M\u0259n v\u0259 M\u0259h\u0259mm\u0259d \u015eirinov toplant\u0131da i\u015ftirak etmi\u015fik. \u015eox duy\u011fuland\u0131m, 41 il \u00f6nc\u0259 \u00dcmummilli Liderl\u0259 g\u00f6r\u00fc\u015f\u00fcm\u00fcz g\u00f6z\u00fcm\u00fcn \u00f6n\u00fcnd\u0259 yenid\u0259n canland\u0131. Bu hissl\u0259ri s\u00f6zl\u0259 ifad\u0259 etm\u0259k m\u00fcmk\u00fcn deyil. Orada t\u0259l\u0259b\u0259 yolda\u015flar\u0131m\u0131zla g\u00f6r\u00fc\u015fd\u00fck. Ke\u00e7mi\u015f\u0259 qay\u0131td\u0131q. G\u0259ncliyimizi v\u0259 ham\u0131m\u0131z\u0131n borclu oldu\u011fumuz \u00dcmummilli Lider Heyd\u0259r \u018fliyevin \u0259ziz xatir\u0259sini yad etdik.<br \/>\nAz\u0259rbaycan xalq\u0131 xo\u015fb\u0259xtdir ki, onun Heyd\u0259r \u018fliyev kimi Ulu \u00d6nd\u0259ri var. Xalq\u0131m\u0131z onu q\u0259lbin-d\u0259 \u0259b\u0259di ya\u015fadacaq, Az\u0259rbaycan v\u0259 Heyd\u0259r \u018fliyevin ad\u0131 \u0259srl\u0259r boyu b\u00fct\u00fcn d\u00fcnyada qo\u015fa s\u0259sl\u0259n\u0259c\u0259kdir.<br \/>\nAz\u0259rbaycan xalq\u0131 Ulu \u00d6nd\u0259rin siyasi kursunu davam etdirm\u0259kl\u0259 m\u00f6ht\u0259r\u0259m Prezidentimiz c\u0259nab \u0130lham \u018fliyevin r\u0259hb\u0259rliyi il\u0259 bundan sonra da \u00f6z tarixinin yeni, \u015fanl\u0131 s\u0259hif\u0259l\u0259rini yazacaq, daha y\u00fcks\u0259k zirv\u0259l\u0259r f\u0259th ed\u0259c\u0259kdir.<\/p>\n<p style=\"text-align: right;\"><em><strong>\u018fdal\u0259t M\u018fMM\u018fDOV,<\/strong><\/em><br \/>\n<em><strong>T\u0259rt\u0259r Rayon Statistika <\/strong><\/em><br \/>\n<em><strong>\u0130dar\u0259sinin r\u0259isi<\/strong><\/em><\/p>\n<p>&nbsp;<\/p>\n","protected":false},"excerpt":{"rendered":"<p>Dahi \u015f\u0259xsiyy\u0259tin uzaqg\u00f6r\u0259n siyas\u0259tind\u0259n b\u0259hr\u0259l\u0259n\u0259n minl\u0259rl\u0259 insandan biriy\u0259m 2023-c\u00fc il ham\u0131m\u0131z \u00fc\u00e7\u00fcn \u0259lam\u0259tdar ildir. \u00dcmummilli Lider Heyd\u0259r \u018fliyevin anadan olmas\u0131-n\u0131n 100 illiyi \u00f6lk\u0259mizd\u0259 b\u00f6y\u00fck t\u0259nt\u0259n\u0259 il\u0259 qeyd olunur. Heyd\u0259r \u018fliyev kimi dahi \u015f\u0259xsiyy\u0259tl\u0259 g\u00f6r\u00fc\u015fm\u0259k, xatir\u0259l\u0259rini dan\u0131\u015fmaq \u00f6z\u00fc bir x\u00f6\u015fb\u0259xtlikdir. Az\u0259rbaycan xalq\u0131n\u0131n \u00dcmummilli Lideri Heyd\u0259r \u018fliyev m\u00fcasir d\u00fcnya tarixin\u0259 parlaq v\u0259 silinm\u0259z iz qoymu\u015f b\u00f6y\u00fck \u015f\u0259xsiyy\u0259t, [&hellip;]<\/p>\n","protected":false},"author":2,"featured_media":0,"comment_status":"closed","ping_status":"closed","sticky":false,"template":"","format":"standard","meta":[],"categories":[10],"tags":[],"_links":{"self":[{"href":"https:\/\/yeniterter.az\/index.php?rest_route=\/wp\/v2\/posts\/24908"}],"collection":[{"href":"https:\/\/yeniterter.az\/index.php?rest_route=\/wp\/v2\/posts"}],"about":[{"href":"https:\/\/yeniterter.az\/index.php?rest_route=\/wp\/v2\/types\/post"}],"author":[{"embeddable":true,"href":"https:\/\/yeniterter.az\/index.php?rest_route=\/wp\/v2\/users\/2"}],"replies":[{"embeddable":true,"href":"https:\/\/yeniterter.az\/index.php?rest_route=%2Fwp%2Fv2%2Fcomments&post=24908"}],"version-history":[{"count":1,"href":"https:\/\/yeniterter.az\/index.php?rest_route=\/wp\/v2\/posts\/24908\/revisions"}],"predecessor-version":[{"id":24910,"href":"https:\/\/yeniterter.az\/index.php?rest_route=\/wp\/v2\/posts\/24908\/revisions\/24910"}],"wp:attachment":[{"href":"https:\/\/yeniterter.az\/index.php?rest_route=%2Fwp%2Fv2%2Fmedia&parent=24908"}],"wp:term":[{"taxonomy":"category","embeddable":true,"href":"https:\/\/yeniterter.az\/index.php?rest_route=%2Fwp%2Fv2%2Fcategories&post=24908"},{"taxonomy":"post_tag","embeddable":true,"href":"https:\/\/yeniterter.az\/index.php?rest_route=%2Fwp%2Fv2%2Ftags&post=24908"}],"curies":[{"name":"wp","href":"https:\/\/api.w.org\/{rel}","templated":true}]}}