{"id":24905,"date":"2023-05-08T09:24:03","date_gmt":"2023-05-08T06:24:03","guid":{"rendered":"https:\/\/yeniterter.az\/?p=24905"},"modified":"2023-05-08T09:24:03","modified_gmt":"2023-05-08T06:24:03","slug":"ulu-ond%c9%99r-heyd%c9%99r-%c9%99liyevin-irsi-milli-s%c9%99rv%c9%99timizdir-2","status":"publish","type":"post","link":"https:\/\/yeniterter.az\/?p=24905","title":{"rendered":"ULU \u00d6ND\u018fR HEYD\u018fR \u018fL\u0130YEV\u0130N \u0130RS\u0130 M\u0130LL\u0130 S\u018fRV\u018fT\u0130M\u0130ZD\u0130R"},"content":{"rendered":"<p><img decoding=\"async\" loading=\"lazy\" class=\" wp-image-24906 alignleft\" src=\"https:\/\/yeniterter.az\/wp-content\/uploads\/8c49bccab5def78be54e222be836cacf-300x225.jpg\" alt=\"\" width=\"183\" height=\"137\" srcset=\"https:\/\/yeniterter.az\/wp-content\/uploads\/8c49bccab5def78be54e222be836cacf-300x225.jpg 300w, https:\/\/yeniterter.az\/wp-content\/uploads\/8c49bccab5def78be54e222be836cacf-1024x768.jpg 1024w, https:\/\/yeniterter.az\/wp-content\/uploads\/8c49bccab5def78be54e222be836cacf-768x576.jpg 768w, https:\/\/yeniterter.az\/wp-content\/uploads\/8c49bccab5def78be54e222be836cacf.jpg 1156w\" sizes=\"(max-width: 183px) 100vw, 183px\" \/>T\u0259rt\u0259r Rayon \u0130cra Hakimiyy\u0259tinin, YAP rayon t\u0259\u015fkilat\u0131n\u0131n v\u0259 T\u0259rt\u0259r Regional Qaz \u0130stismar\u0131 \u0130dar\u0259sinin T\u0259rt\u0259r Xidm\u0259t Sah\u0259sinin t\u0259\u015fkilat\u00e7\u0131l\u0131\u011f\u0131 il\u0259 YAP rayon t\u0259\u015fkilat\u0131n\u0131n inzibati binas\u0131nda \u00dcmummilli Lider Heyd\u0259r \u018fliyevin 100 illik yubileyin\u0259 h\u0259sr olunmu\u015f \u201cUlu \u00d6nd\u0259r Heyd\u0259r \u018fliyevin irsi milli s\u0259rv\u0259timizdir\u201d m\u00f6vzusunda \u201cd\u0259yirmi masa\u201d ke\u00e7irilib.<br \/>\n\u201cD\u0259yirmi masa\u201dda T\u0259rt\u0259r Rayon \u0130cra Hakimiyy\u0259tinin, YAP rayon t\u0259\u015fkilat\u0131n\u0131n n\u00fcmay\u0259nd\u0259l\u0259ri v\u0259 Qaz \u0130stismar\u0131 \u0130dar\u0259sinin T\u0259rt\u0259r Xidm\u0259t sah\u0259sinin kollektivi i\u015ftirak edib.<br \/>\nT\u0259dbir i\u015ftirak\u00e7\u0131lar\u0131 \u0259vv\u0259lc\u0259 Ulu \u00d6nd\u0259rin abid\u0259sini ziyar\u0259t edib, xatir\u0259sin\u0259 ehtiram \u0259lam\u0259ti olaraq g\u00fcl d\u0259st\u0259l\u0259ri d\u00fcz\u00fcbl\u0259r. Sonra \u201cd\u0259yirmi masa\u201d \u0259trafinda \u00dcmummilli Liderin v\u0259 torpaqlar\u0131m\u0131z\u0131n \u0259razi b\u00fct\u00f6vl\u00fcy\u00fc u\u011frunda canlar\u0131ndan ke\u00e7mi\u015f \u015f\u0259hidl\u0259rin xatir\u0259sini bir d\u0259qiq\u0259lik s\u00fckutla yad edibl\u0259r.<br \/>\nT\u0259rt\u0259r Rayon \u0130cra Hakimiyy\u0259ti Ba\u015f\u00e7\u0131s\u0131 Aparat\u0131nda \u0130\u00e7timai-siyasi v\u0259 humanitar m\u0259s\u0259l\u0259l\u0259r \u015f\u00f6b\u0259sinin m\u00fcdir m\u00fcavini Zabil Pa\u015fayev t\u0259dbiri a\u00e7araq Ulu \u00d6nd\u0259rin 100 illik yubileyi m\u00fcnasib\u0259ti il\u0259 rayonda ke\u00e7iril\u0259n silsil\u0259 t\u0259dbirl\u0259rd\u0259n dan\u0131\u015f\u0131b. Heyd\u0259r \u018fliyevin Az\u0259rbaycana r\u0259hb\u0259rlik etdiyi d\u00f6vr\u00fcn Az\u0259rbaycanda milli intibah d\u00f6vr\u00fc oldu\u011funu vur\u011fulay\u0131b.<!--more--><br \/>\n\u201cD\u0259yirmi masa\u201dda i\u015ftirak ed\u0259n YAP rayon t\u0259\u015fkilat\u0131n\u0131n s\u0259dr m\u00fcavini Az\u0259r A\u011fayev, Qaz \u0130stismar\u0131 \u0130dar\u0259sinin T\u0259rt\u0259r Xidm\u0259t Sah\u0259sinin r\u0259isi M\u00fcxlis \u018fmirov, \u00e7iling\u0259r Tural \u018fhm\u0259dzad\u0259 v\u0259 texnik K\u0259mal\u0259 Bax\u015f\u0259liyeva \u00e7\u0131x\u0131\u015f ed\u0259r\u0259k m\u00fcst\u0259qil v\u0259 m\u00fcasir Az\u0259rbaycan\u0131n h\u0259yat\u0131nda ba\u015f vermi\u015f b\u00fct\u00fcn tarixi hadis\u0259l\u0259rin Ulu \u00d6nd\u0259rin ad\u0131 il\u0259 ba\u011fl\u0131 oldu\u011funu bildiribl\u0259r. Qeyd olunub ki, D\u00f6vl\u0259t bayra\u011f\u0131m\u0131z\u0131n t\u0259sdiq edilm\u0259si, \u00f6lk\u0259d\u0259 demokratik idar\u0259etm\u0259 sisteminin formala\u015fd\u0131r\u0131lmas\u0131, ilk parlament se\u00e7kil\u0259rinin ke\u00e7irilm\u0259si, m\u00fcst\u0259qil d\u00f6vl\u0259timizin ilk Konstitusiyas\u0131n\u0131n q\u0259bul olunmas\u0131, \u00e7oxpartiyal\u0131 siyasi sistemin yarad\u0131lmas\u0131, iqtisadi dir\u00e7\u0259li\u015fimizin t\u0259m\u0259li say\u0131lan \u201c\u018fsrin m\u00fcqavil\u0259si\u201dnin ba\u011flanmas\u0131, Az\u0259rbaycan\u0131n tez bir za-manda d\u00fcnya birliyin\u0259 inteqrasiyas\u0131n\u0131n t\u0259min edilm\u0259si, d\u00fcnya d\u00f6vl\u0259tl\u0259ri il\u0259 diplomatik m\u00fcnasib\u0259tl\u0259rin inki\u015faf\u0131, BMT, Avropa Birliyi daxil olmaqla beyn\u0259lxalq t\u0259\u015fkilatlar s\u0259viyy\u0259sind\u0259 qar\u015f\u0131l\u0131ql\u0131 \u0259m\u0259kda\u015fl\u0131q m\u00fchitinin formala\u015fd\u0131r\u0131lmas\u0131, bir s\u00f6zl\u0259, s\u00f6z\u00fcn \u0259sl m\u0259nas\u0131nda, m\u00fcst\u0259qil, m\u00fcasir, g\u00fccl\u00fc Az\u0259rbaycan\u0131n yarad\u0131lmas\u0131 Heyd\u0259r \u018fliyevin \u0259m\u0259yinin, q\u0259tiyy\u0259tinin, v\u0259t\u0259n\u0259 sevgisinin m\u0259hsuludur v\u0259 Ulu \u00d6nd\u0259rin irsi milli s\u0259rv\u0259timizdir.<\/p>\n<p>&nbsp;<\/p>\n","protected":false},"excerpt":{"rendered":"<p>T\u0259rt\u0259r Rayon \u0130cra Hakimiyy\u0259tinin, YAP rayon t\u0259\u015fkilat\u0131n\u0131n v\u0259 T\u0259rt\u0259r Regional Qaz \u0130stismar\u0131 \u0130dar\u0259sinin T\u0259rt\u0259r Xidm\u0259t Sah\u0259sinin t\u0259\u015fkilat\u00e7\u0131l\u0131\u011f\u0131 il\u0259 YAP rayon t\u0259\u015fkilat\u0131n\u0131n inzibati binas\u0131nda \u00dcmummilli Lider Heyd\u0259r \u018fliyevin 100 illik yubileyin\u0259 h\u0259sr olunmu\u015f \u201cUlu \u00d6nd\u0259r Heyd\u0259r \u018fliyevin irsi milli s\u0259rv\u0259timizdir\u201d m\u00f6vzusunda \u201cd\u0259yirmi masa\u201d ke\u00e7irilib. \u201cD\u0259yirmi masa\u201dda T\u0259rt\u0259r Rayon \u0130cra Hakimiyy\u0259tinin, YAP rayon t\u0259\u015fkilat\u0131n\u0131n n\u00fcmay\u0259nd\u0259l\u0259ri v\u0259 Qaz [&hellip;]<\/p>\n","protected":false},"author":2,"featured_media":0,"comment_status":"closed","ping_status":"closed","sticky":false,"template":"","format":"standard","meta":[],"categories":[10],"tags":[],"_links":{"self":[{"href":"https:\/\/yeniterter.az\/index.php?rest_route=\/wp\/v2\/posts\/24905"}],"collection":[{"href":"https:\/\/yeniterter.az\/index.php?rest_route=\/wp\/v2\/posts"}],"about":[{"href":"https:\/\/yeniterter.az\/index.php?rest_route=\/wp\/v2\/types\/post"}],"author":[{"embeddable":true,"href":"https:\/\/yeniterter.az\/index.php?rest_route=\/wp\/v2\/users\/2"}],"replies":[{"embeddable":true,"href":"https:\/\/yeniterter.az\/index.php?rest_route=%2Fwp%2Fv2%2Fcomments&post=24905"}],"version-history":[{"count":1,"href":"https:\/\/yeniterter.az\/index.php?rest_route=\/wp\/v2\/posts\/24905\/revisions"}],"predecessor-version":[{"id":24907,"href":"https:\/\/yeniterter.az\/index.php?rest_route=\/wp\/v2\/posts\/24905\/revisions\/24907"}],"wp:attachment":[{"href":"https:\/\/yeniterter.az\/index.php?rest_route=%2Fwp%2Fv2%2Fmedia&parent=24905"}],"wp:term":[{"taxonomy":"category","embeddable":true,"href":"https:\/\/yeniterter.az\/index.php?rest_route=%2Fwp%2Fv2%2Fcategories&post=24905"},{"taxonomy":"post_tag","embeddable":true,"href":"https:\/\/yeniterter.az\/index.php?rest_route=%2Fwp%2Fv2%2Ftags&post=24905"}],"curies":[{"name":"wp","href":"https:\/\/api.w.org\/{rel}","templated":true}]}}