{"id":24901,"date":"2023-05-08T09:19:37","date_gmt":"2023-05-08T06:19:37","guid":{"rendered":"https:\/\/yeniterter.az\/?p=24901"},"modified":"2023-05-08T09:20:00","modified_gmt":"2023-05-08T06:20:00","slug":"heyd%c9%99r-%c9%99liyev-ili-2023-9","status":"publish","type":"post","link":"https:\/\/yeniterter.az\/?p=24901","title":{"rendered":"HEYD\u018fR \u018fL\u0130YEV \u0130L\u0130\u20132023"},"content":{"rendered":"<p style=\"text-align: center;\"><span style=\"font-size: 14pt;\"><strong>D\u0259rin h\u00f6rm\u0259t v\u0259 m\u0259h\u0259bb\u0259t hissi il\u0259 an\u0131rlar<\/strong><\/span><\/p>\n<p><img decoding=\"async\" loading=\"lazy\" class=\" wp-image-24902 alignright\" src=\"https:\/\/yeniterter.az\/wp-content\/uploads\/96d6511c729904b3f317170829f36c7a-300x225.jpg\" alt=\"\" width=\"188\" height=\"141\" srcset=\"https:\/\/yeniterter.az\/wp-content\/uploads\/96d6511c729904b3f317170829f36c7a-300x225.jpg 300w, https:\/\/yeniterter.az\/wp-content\/uploads\/96d6511c729904b3f317170829f36c7a-1024x768.jpg 1024w, https:\/\/yeniterter.az\/wp-content\/uploads\/96d6511c729904b3f317170829f36c7a-768x576.jpg 768w, https:\/\/yeniterter.az\/wp-content\/uploads\/96d6511c729904b3f317170829f36c7a.jpg 1156w\" sizes=\"(max-width: 188px) 100vw, 188px\" \/>Su-kanal idar\u0259sinin kollektivi d\u0259 Ulu \u00d6nd\u0259r Heyd\u0259r \u018fliyevin 100 illik yubileyin\u0259 h\u0259sr olunmu\u015f silsil\u0259 t\u0259dbirl\u0259r \u00e7\u0259r\u00e7iv\u0259sind\u0259 \u0259b\u0259diya\u015far Liderimizin T\u0259rt\u0259rin m\u0259rk\u0259zi meydan\u0131ndak\u0131 abid\u0259sini b\u00f6y\u00fck m\u0259h\u0259bb\u0259t v\u0259 ehtiram hissi il\u0259 ziyar\u0259t edib, abid\u0259 \u00f6n\u00fcn\u0259 g\u00fcl d\u0259st\u0259l\u0259ri d\u00fcz\u00fcbl\u0259r.<br \/>\nYAP rayon t\u0259\u015fkilat\u0131n\u0131n inzibati binas\u0131nda davam ed\u0259n t\u0259dbird\u0259 idar\u0259nin kollektivi il\u0259 yana\u015f\u0131 rayon icra hakimiyy\u0259tinin, YAP rayon t\u0259\u015fkilat\u0131n\u0131n n\u00fcmay\u0259nd\u0259l\u0259ri i\u015ftirak edibl\u0259r.<br \/>\nT\u0259dbird\u0259 \u00dcmummilli Liderin h\u0259yat v\u0259 f\u0259aliyy\u0259ti \u0259traf\u0131nda geni\u015f s\u00f6hb\u0259t apar\u0131l\u0131b, dahi \u015f\u0259xsiyy\u0259tin Az\u0259rbaycan xalq\u0131n\u0131n h\u0259yat\u0131ndak\u0131 mi\u015filsiz rolu qeyd olunub. Bu bar\u0259d\u0259 rayon icra hakimiyy\u0259ti aparat\u0131nda \u0130\u00e7timai-siyasi v\u0259 humanitar m\u0259s\u0259l\u0259l\u0259r \u015f\u00f6b\u0259sinin m\u00fcdir m\u00fcavini Zabil Pa\u015fayev dan\u0131\u015f\u0131b. O bildirib ki, Ulu \u00d6nd\u0259rin irsi milli s\u0259rv\u0259timizdir. Heyd\u0259r \u018fliyevin m\u00fc\u0259llifi oldu\u011fu az\u0259rbaycan\u00e7\u0131l\u0131q ideologiyas\u0131 n\u0259inki az\u0259rbaycanl\u0131lar\u0131, \u00f6lk\u0259mizd\u0259 ya\u015fayan b\u00fct\u00fcn xalqlar\u0131, d\u00fcnyaya s\u0259p\u0259l\u0259nmi\u015f soyda\u015flar\u0131m\u0131z\u0131 vahid ideya \u0259traf\u0131nda birl\u0259\u015fdirir.<!--more--><br \/>\n\u201cD\u0259yirmi masa\u201dda \u00e7\u0131x\u0131\u015f ed\u0259n Su-kanal idar\u0259sinin r\u0259isi Elnur Abbasov, \u0130stismar qrupunun r\u0259hb\u0259ri Namiq M\u0259mm\u0259dov, texnoloq El\u00e7in \u018fhm\u0259dov, mexanik Rais Abbasov, operator K\u0259mal\u0259 \u0130smay\u0131lova qeyd edibl\u0259r ki, \u00dcmummilli Lider Heyd\u0259r \u018fliyevin r\u0259hb\u0259rliyi il\u0259 u\u011furla h\u0259yata ke\u00e7iril\u0259n inki\u015faf strategi-yas\u0131 sahibkarl\u0131\u011f\u0131n inki\u015faf\u0131na y\u00f6n\u0259lmi\u015f t\u0259dbirl\u0259rin sistemliliyi, d\u00f6vl\u0259t-sahibkar m\u00fcnasib\u0259tl\u0259rinin institusionalla\u015fd\u0131r\u0131lmas\u0131 il\u0259 xarakteriz\u0259 edilir.<br \/>\nM\u00fcasir Az\u0259rbaycan\u0131n b\u00fct\u00fcn nailiyy\u0259tl\u0259rinin \u0259sas\u0131nda Ulu \u00d6nd\u0259rin m\u00fc\u0259yy\u0259nl\u0259\u015fdirdiyi si-yasi kurs dayan\u0131r. Bu yolla ged\u0259n Az\u0259rbaycan durmadan y\u00fcks\u0259lir, inki\u015faf edir, u\u011furlar qazan\u0131r.<\/p>\n<p style=\"text-align: right;\"><em><strong>\u201dYEN\u0130\u2008T\u018fRT\u018fR\u201d<\/strong><\/em><\/p>\n<p>&nbsp;<\/p>\n<p>&nbsp;<\/p>\n","protected":false},"excerpt":{"rendered":"<p>D\u0259rin h\u00f6rm\u0259t v\u0259 m\u0259h\u0259bb\u0259t hissi il\u0259 an\u0131rlar Su-kanal idar\u0259sinin kollektivi d\u0259 Ulu \u00d6nd\u0259r Heyd\u0259r \u018fliyevin 100 illik yubileyin\u0259 h\u0259sr olunmu\u015f silsil\u0259 t\u0259dbirl\u0259r \u00e7\u0259r\u00e7iv\u0259sind\u0259 \u0259b\u0259diya\u015far Liderimizin T\u0259rt\u0259rin m\u0259rk\u0259zi meydan\u0131ndak\u0131 abid\u0259sini b\u00f6y\u00fck m\u0259h\u0259bb\u0259t v\u0259 ehtiram hissi il\u0259 ziyar\u0259t edib, abid\u0259 \u00f6n\u00fcn\u0259 g\u00fcl d\u0259st\u0259l\u0259ri d\u00fcz\u00fcbl\u0259r. YAP rayon t\u0259\u015fkilat\u0131n\u0131n inzibati binas\u0131nda davam ed\u0259n t\u0259dbird\u0259 idar\u0259nin kollektivi il\u0259 yana\u015f\u0131 rayon [&hellip;]<\/p>\n","protected":false},"author":2,"featured_media":0,"comment_status":"closed","ping_status":"closed","sticky":false,"template":"","format":"standard","meta":[],"categories":[10],"tags":[],"_links":{"self":[{"href":"https:\/\/yeniterter.az\/index.php?rest_route=\/wp\/v2\/posts\/24901"}],"collection":[{"href":"https:\/\/yeniterter.az\/index.php?rest_route=\/wp\/v2\/posts"}],"about":[{"href":"https:\/\/yeniterter.az\/index.php?rest_route=\/wp\/v2\/types\/post"}],"author":[{"embeddable":true,"href":"https:\/\/yeniterter.az\/index.php?rest_route=\/wp\/v2\/users\/2"}],"replies":[{"embeddable":true,"href":"https:\/\/yeniterter.az\/index.php?rest_route=%2Fwp%2Fv2%2Fcomments&post=24901"}],"version-history":[{"count":2,"href":"https:\/\/yeniterter.az\/index.php?rest_route=\/wp\/v2\/posts\/24901\/revisions"}],"predecessor-version":[{"id":24904,"href":"https:\/\/yeniterter.az\/index.php?rest_route=\/wp\/v2\/posts\/24901\/revisions\/24904"}],"wp:attachment":[{"href":"https:\/\/yeniterter.az\/index.php?rest_route=%2Fwp%2Fv2%2Fmedia&parent=24901"}],"wp:term":[{"taxonomy":"category","embeddable":true,"href":"https:\/\/yeniterter.az\/index.php?rest_route=%2Fwp%2Fv2%2Fcategories&post=24901"},{"taxonomy":"post_tag","embeddable":true,"href":"https:\/\/yeniterter.az\/index.php?rest_route=%2Fwp%2Fv2%2Ftags&post=24901"}],"curies":[{"name":"wp","href":"https:\/\/api.w.org\/{rel}","templated":true}]}}