{"id":24898,"date":"2023-05-08T09:16:36","date_gmt":"2023-05-08T06:16:36","guid":{"rendered":"https:\/\/yeniterter.az\/?p=24898"},"modified":"2023-05-08T09:16:36","modified_gmt":"2023-05-08T06:16:36","slug":"sosial-siyas%c9%99t-v%c9%99-bu-sah%c9%99-uzr%c9%99-qanunlar-movzusunda-t%c9%99lim","status":"publish","type":"post","link":"https:\/\/yeniterter.az\/?p=24898","title":{"rendered":"\u201cSosial siyas\u0259t  v\u0259 bu sah\u0259 \u00fczr\u0259 qanunlar\u201d m\u00f6vzusunda  t\u0259lim"},"content":{"rendered":"<p><img decoding=\"async\" loading=\"lazy\" class=\" wp-image-24899 alignleft\" src=\"https:\/\/yeniterter.az\/wp-content\/uploads\/275b0a4f1b8973126752776d5f49ec39-300x139.jpg\" alt=\"\" width=\"220\" height=\"102\" srcset=\"https:\/\/yeniterter.az\/wp-content\/uploads\/275b0a4f1b8973126752776d5f49ec39-300x139.jpg 300w, https:\/\/yeniterter.az\/wp-content\/uploads\/275b0a4f1b8973126752776d5f49ec39-1024x474.jpg 1024w, https:\/\/yeniterter.az\/wp-content\/uploads\/275b0a4f1b8973126752776d5f49ec39-768x355.jpg 768w, https:\/\/yeniterter.az\/wp-content\/uploads\/275b0a4f1b8973126752776d5f49ec39.jpg 1280w\" sizes=\"(max-width: 220px) 100vw, 220px\" \/>T\u0259rt\u0259rd\u0259 Az\u0259rbaycan Qaraba\u011f M\u00fcharib\u0259si \u018flill\u0259ri, Veteranlar\u0131 v\u0259 \u015e\u0259hid Ail\u0259l\u0259ri \u0130ctimai Birliyi t\u0259r\u0259find\u0259n \u015f\u0259hid ail\u0259l\u0259rinin, Qaraba\u011f m\u00fcharib\u0259si i\u015ftirak\u00e7\u0131lar\u0131n\u0131n sosial probleml\u0259rinin h\u0259lli istiqam\u0259tind\u0259 \u201cSosial siyas\u0259t v\u0259 bu sah\u0259 \u00fczr\u0259 qanunlar\u201d m\u00f6vzusunda t\u0259lim ke\u00e7irilib.<br \/>\nT\u0259limd\u0259 T\u0259rt\u0259r rayonundan olan \u015f\u0259hid ail\u0259l\u0259rinin \u00fczvl\u0259ri v\u0259 Qaraba\u011f m\u00fcharib\u0259si i\u015ftirak\u00e7\u0131lar\u0131 i\u015ftirak edibl\u0259r.<br \/>\nT\u0259dbir i\u015ftirak\u00e7\u0131lar\u0131 \u00f6nc\u0259 M\u0259rk\u0259zi Meydanda \u00dcmummilli Lider Heyd\u0259r \u018fliyevin abid\u0259si \u00f6n\u00fcn\u0259 g\u00fcl d\u0259st\u0259l\u0259ri d\u00fcz\u0259r\u0259k, xatir\u0259sini ehtiramla an\u0131blar.<br \/>\nT\u0259dbird\u0259 \u00e7\u0131x\u0131\u015f ed\u0259n Az\u0259rbaycan Qaraba\u011f M\u00fcharib\u0259si \u018flill\u0259ri, Veteranlar\u0131 v\u0259 \u015e\u0259hid Ail\u0259l\u0259ri \u0130ctimai Birliyinin s\u0259dr m\u00fcavini Aris M\u0259mm\u0259dov bildirib ki, icra olunan layih\u0259 Az\u0259rbaycan Respublikas\u0131n\u0131n Qeyri-H\u00f6kum\u0259t T\u0259\u015fkilatlar\u0131na D\u00f6vl\u0259t D\u0259st\u0259yi Agentliyinin maliyy\u0259 yard\u0131m\u0131 il\u0259 h\u0259yata ke\u00e7irilir. O qeyd edib ki, d\u00f6vl\u0259t t\u0259r\u0259find\u0259n h\u0259ssas sosial qruplar\u0131n probleml\u0259rinin h\u0259ll olunmas\u0131, onlar\u0131n h\u00fcquqlar\u0131n\u0131n realla\u015fmas\u0131 \u00fc\u00e7\u00fcn kompleks t\u0259dbirl\u0259r g\u00f6r\u00fcl\u00fcr. B\u0259zi hallarda \u015f\u0259hid ail\u0259l\u0259ri, m\u00fcharib\u0259 \u0259lill\u0259ri v\u0259 veteranlar\u0131 yaranm\u0131\u015f m\u00fcxt\u0259lif situasiyalarda hans\u0131 h\u00fcquqi prosedurlar\u0131 realla\u015fd\u0131raca\u011f\u0131n\u0131 bilmir v\u0259 eyni zamanda m\u00fcxt\u0259lif m\u00fcraci\u0259t formalar\u0131n\u0131n haz\u0131rlanmas\u0131nda \u00e7\u0259tinlik \u00e7\u0259kirl\u0259r. B\u00fct\u00fcn bu m\u0259s\u0259l\u0259l\u0259rd\u0259 Az\u0259rbaycan Qaraba\u011f M\u00fcharib\u0259si \u018flill\u0259ri, Veteranlar\u0131 v\u0259 \u015e\u0259hid Ail\u0259l\u0259ri \u0130ctimai Birliyi layih\u0259 benefisarlar\u0131na d\u0259st\u0259k olma\u011fa haz\u0131rd\u0131r.<!--more--><br \/>\nT\u0259\u015fkilat s\u0259drinin m\u00fcavini eyni zamanda qeyd edib ki, probleml\u0259rd\u0259n biri d\u0259 \u015f\u0259hid ail\u0259l\u0259rinin, m\u00fcharib\u0259 \u0259lill\u0259rinin v\u0259 veteranlar\u0131n\u0131n qanunvericilikl\u0259 n\u0259z\u0259rd\u0259 tutulan h\u00fcquqlar haqq\u0131nda az m\u0259lumatl\u0131 olmas\u0131d\u0131r. Bu m\u0259qs\u0259dl\u0259 layih\u0259 \u00e7\u0259r\u00e7iv\u0259sind\u0259 \u015f\u0259hid ail\u0259l\u0259rinin, m\u00fcharib\u0259 \u0259lill\u0259rinin v\u0259 veteranlar\u0131n\u0131n h\u00fcquqlar\u0131 il\u0259 ba\u011fl\u0131 maarifl\u0259ndirici kitab\u00e7a v\u0259 bukletl\u0259r haz\u0131rlan\u0131b.<br \/>\nT\u0259dbird\u0259 T\u0259rt\u0259r Rayon \u0130cra Hakimiyy\u0259ti Ba\u015f\u00e7\u0131s\u0131 Aparat\u0131nda V\u0259t\u0259n m\u00fcharib\u0259si i\u015ftirak\u00e7\u0131lar\u0131 v\u0259 \u015f\u0259hid ail\u0259l\u0259ri il\u0259 i\u015fin t\u0259\u015fkili \u015f\u00f6b\u0259sinin m\u00fcdiri \u00dclvi N\u0259c\u0259fov \u00e7\u0131x\u0131\u015f ed\u0259r\u0259k layih\u0259nin \u0259h\u0259miyy\u0259tind\u0259n v\u0259 rayon icra hakimiyy\u0259ti t\u0259r\u0259find\u0259n bu sah\u0259d\u0259 g\u00f6r\u00fcl\u0259n i\u015fl\u0259rd\u0259n dan\u0131\u015f\u0131b.<br \/>\nDaha sonra \u00e7\u0131x\u0131\u015f ed\u0259n Az\u0259rbaycan Qaraba\u011f M\u00fcharib\u0259si \u018flill\u0259ri, Veteranlar\u0131 v\u0259 \u015e\u0259hid Ail\u0259l\u0259ri \u0130ctimai Birliyinin s\u0259dr m\u00fcavini Aris M\u0259mm\u0259dov \u015f\u0259hid ail\u0259l\u0259rinin, m\u00fcharib\u0259 \u0259lill\u0259rinin v\u0259 veteranlar\u0131n\u0131n qanunvericilikd\u0259 n\u0259z\u0259rd\u0259 tutulan sosial h\u00fcquqlar\u0131 bar\u0259sind\u0259 geni\u015f m\u0259lumat verib.<br \/>\nQar\u015f\u0131l\u0131ql\u0131 diskussiya \u015f\u0259klind\u0259 ke\u00e7iril\u0259n t\u0259limd\u0259 i\u015ftirak\u00e7\u0131lara sosial siyas\u0259t v\u0259 bu sah\u0259 \u00fczr\u0259 qanunlar bar\u0259d\u0259 m\u00fcvafiq t\u0259limatlar verilib v\u0259 onlar\u0131n suallar\u0131 cavabland\u0131r\u0131l\u0131b.<\/p>\n<p>&nbsp;<\/p>\n","protected":false},"excerpt":{"rendered":"<p>T\u0259rt\u0259rd\u0259 Az\u0259rbaycan Qaraba\u011f M\u00fcharib\u0259si \u018flill\u0259ri, Veteranlar\u0131 v\u0259 \u015e\u0259hid Ail\u0259l\u0259ri \u0130ctimai Birliyi t\u0259r\u0259find\u0259n \u015f\u0259hid ail\u0259l\u0259rinin, Qaraba\u011f m\u00fcharib\u0259si i\u015ftirak\u00e7\u0131lar\u0131n\u0131n sosial probleml\u0259rinin h\u0259lli istiqam\u0259tind\u0259 \u201cSosial siyas\u0259t v\u0259 bu sah\u0259 \u00fczr\u0259 qanunlar\u201d m\u00f6vzusunda t\u0259lim ke\u00e7irilib. T\u0259limd\u0259 T\u0259rt\u0259r rayonundan olan \u015f\u0259hid ail\u0259l\u0259rinin \u00fczvl\u0259ri v\u0259 Qaraba\u011f m\u00fcharib\u0259si i\u015ftirak\u00e7\u0131lar\u0131 i\u015ftirak edibl\u0259r. T\u0259dbir i\u015ftirak\u00e7\u0131lar\u0131 \u00f6nc\u0259 M\u0259rk\u0259zi Meydanda \u00dcmummilli Lider Heyd\u0259r \u018fliyevin abid\u0259si \u00f6n\u00fcn\u0259 [&hellip;]<\/p>\n","protected":false},"author":2,"featured_media":0,"comment_status":"closed","ping_status":"closed","sticky":false,"template":"","format":"standard","meta":[],"categories":[10],"tags":[],"_links":{"self":[{"href":"https:\/\/yeniterter.az\/index.php?rest_route=\/wp\/v2\/posts\/24898"}],"collection":[{"href":"https:\/\/yeniterter.az\/index.php?rest_route=\/wp\/v2\/posts"}],"about":[{"href":"https:\/\/yeniterter.az\/index.php?rest_route=\/wp\/v2\/types\/post"}],"author":[{"embeddable":true,"href":"https:\/\/yeniterter.az\/index.php?rest_route=\/wp\/v2\/users\/2"}],"replies":[{"embeddable":true,"href":"https:\/\/yeniterter.az\/index.php?rest_route=%2Fwp%2Fv2%2Fcomments&post=24898"}],"version-history":[{"count":1,"href":"https:\/\/yeniterter.az\/index.php?rest_route=\/wp\/v2\/posts\/24898\/revisions"}],"predecessor-version":[{"id":24900,"href":"https:\/\/yeniterter.az\/index.php?rest_route=\/wp\/v2\/posts\/24898\/revisions\/24900"}],"wp:attachment":[{"href":"https:\/\/yeniterter.az\/index.php?rest_route=%2Fwp%2Fv2%2Fmedia&parent=24898"}],"wp:term":[{"taxonomy":"category","embeddable":true,"href":"https:\/\/yeniterter.az\/index.php?rest_route=%2Fwp%2Fv2%2Fcategories&post=24898"},{"taxonomy":"post_tag","embeddable":true,"href":"https:\/\/yeniterter.az\/index.php?rest_route=%2Fwp%2Fv2%2Ftags&post=24898"}],"curies":[{"name":"wp","href":"https:\/\/api.w.org\/{rel}","templated":true}]}}