{"id":24891,"date":"2023-05-08T09:12:18","date_gmt":"2023-05-08T06:12:18","guid":{"rendered":"https:\/\/yeniterter.az\/?p=24891"},"modified":"2023-05-08T09:12:44","modified_gmt":"2023-05-08T06:12:44","slug":"dovl%c9%99t-r%c9%99mzl%c9%99ri-muzeyin%c9%99-ekskursiyalar-t%c9%99skil-olunub","status":"publish","type":"post","link":"https:\/\/yeniterter.az\/?p=24891","title":{"rendered":"D\u00f6vl\u0259t R\u0259mzl\u0259ri Muzeyin\u0259 ekskursiyalar t\u0259\u015fkil olunub"},"content":{"rendered":"<p><img decoding=\"async\" loading=\"lazy\" class=\" wp-image-24892 alignleft\" src=\"https:\/\/yeniterter.az\/wp-content\/uploads\/ea4bffc567e2e7a840dbeae166960e25-300x225.jpg\" alt=\"\" width=\"146\" height=\"109\" srcset=\"https:\/\/yeniterter.az\/wp-content\/uploads\/ea4bffc567e2e7a840dbeae166960e25-300x225.jpg 300w, https:\/\/yeniterter.az\/wp-content\/uploads\/ea4bffc567e2e7a840dbeae166960e25-1024x768.jpg 1024w, https:\/\/yeniterter.az\/wp-content\/uploads\/ea4bffc567e2e7a840dbeae166960e25-768x576.jpg 768w, https:\/\/yeniterter.az\/wp-content\/uploads\/ea4bffc567e2e7a840dbeae166960e25-1536x1152.jpg 1536w, https:\/\/yeniterter.az\/wp-content\/uploads\/ea4bffc567e2e7a840dbeae166960e25.jpg 1600w\" sizes=\"(max-width: 146px) 100vw, 146px\" \/><img decoding=\"async\" loading=\"lazy\" class=\" wp-image-24893 alignleft\" src=\"https:\/\/yeniterter.az\/wp-content\/uploads\/fde4abfe5c80c43ee993ffb5f5980b23-300x225.jpg\" alt=\"\" width=\"147\" height=\"110\" srcset=\"https:\/\/yeniterter.az\/wp-content\/uploads\/fde4abfe5c80c43ee993ffb5f5980b23-300x225.jpg 300w, https:\/\/yeniterter.az\/wp-content\/uploads\/fde4abfe5c80c43ee993ffb5f5980b23-1024x768.jpg 1024w, https:\/\/yeniterter.az\/wp-content\/uploads\/fde4abfe5c80c43ee993ffb5f5980b23-768x576.jpg 768w, https:\/\/yeniterter.az\/wp-content\/uploads\/fde4abfe5c80c43ee993ffb5f5980b23.jpg 1156w\" sizes=\"(max-width: 147px) 100vw, 147px\" \/><img decoding=\"async\" loading=\"lazy\" class=\" wp-image-24894 alignleft\" src=\"https:\/\/yeniterter.az\/wp-content\/uploads\/e51ec3f42c6512ef2fc5668eb3c906b1-300x192.jpg\" alt=\"\" width=\"169\" height=\"108\" srcset=\"https:\/\/yeniterter.az\/wp-content\/uploads\/e51ec3f42c6512ef2fc5668eb3c906b1-300x192.jpg 300w, https:\/\/yeniterter.az\/wp-content\/uploads\/e51ec3f42c6512ef2fc5668eb3c906b1-768x491.jpg 768w, https:\/\/yeniterter.az\/wp-content\/uploads\/e51ec3f42c6512ef2fc5668eb3c906b1.jpg 898w\" sizes=\"(max-width: 169px) 100vw, 169px\" \/><img decoding=\"async\" loading=\"lazy\" class=\" wp-image-24895 alignleft\" src=\"https:\/\/yeniterter.az\/wp-content\/uploads\/e7e014609dd981da81badbb216774419-300x225.jpg\" alt=\"\" width=\"141\" height=\"106\" srcset=\"https:\/\/yeniterter.az\/wp-content\/uploads\/e7e014609dd981da81badbb216774419-300x225.jpg 300w, https:\/\/yeniterter.az\/wp-content\/uploads\/e7e014609dd981da81badbb216774419-1024x768.jpg 1024w, https:\/\/yeniterter.az\/wp-content\/uploads\/e7e014609dd981da81badbb216774419-768x576.jpg 768w, https:\/\/yeniterter.az\/wp-content\/uploads\/e7e014609dd981da81badbb216774419-1536x1152.jpg 1536w, https:\/\/yeniterter.az\/wp-content\/uploads\/e7e014609dd981da81badbb216774419.jpg 1600w\" sizes=\"(max-width: 141px) 100vw, 141px\" \/><\/p>\n<p>&nbsp;<\/p>\n<p>&nbsp;<\/p>\n<p>&nbsp;<\/p>\n<p>&nbsp;<\/p>\n<p>&nbsp;<\/p>\n<p>Az\u0259rbaycan\u0131n h\u0259r bir gu\u015f\u0259sind\u0259 oldu\u011fu kimi, T\u0259rt\u0259r rayonunda da 2023-c\u00fc il \u00dcmummilli Liderimiz Heyd\u0259r \u018fliyevin \u0259ziz xatir\u0259sin\u0259 h\u0259sr olunmu\u015f silsil\u0259 t\u0259dbirl\u0259rl\u0259 yadda qalacaq. Bel\u0259 t\u0259dbirl\u0259r rayon sakinl\u0259rinin m\u00fcst\u0259qil Az\u0259rbaycan\u0131n xilaskar\u0131 v\u0259 qurucusu olan Ulu \u00d6nd\u0259rin h\u0259yat v\u0259 f\u0259aliyy\u0259ti il\u0259 daha yax\u0131ndan tan\u0131\u015f olmas\u0131nda, x\u00fcsus\u0259n g\u0259ncl\u0259rin v\u0259t\u0259np\u0259rv\u0259rlik t\u0259rbiy\u0259sinin formala\u015fmas\u0131nda v\u0259 inki\u015faf\u0131nda m\u00fch\u00fcm rol oynay\u0131r.<br \/>\nBu bax\u0131mdan idar\u0259 v\u0259 m\u00fc\u0259ssis\u0259 kollektivl\u0259rinin, \u015fagirdl\u0259rin rayonumuzdak\u0131 D\u00f6vl\u0259t R\u0259mzl\u0259ri Muzeyin\u0259 t\u0259\u015fkil olunan ekskursiyalar\u0131n\u0131n x\u00fcsusi \u0259h\u0259miyy\u0259ti var. Bu g\u00fcnl\u0259rd\u0259 T\u0259rt\u0259r Rayon \u0130cra Hakimiyy\u0259tinin v\u0259 rayon M\u0259d\u0259niyy\u0259t M\u0259rk\u0259zinin t\u0259\u015fkilat\u00e7\u0131l\u0131\u011f\u0131 il\u0259 T\u0259rt\u0259r Po\u00e7t filial\u0131n\u0131n, rayon Statistika \u0130dar\u0259sinin, Buruc k\u0259nd tam orta v\u0259 \u015f\u0259h\u0259r 1 n\u00f6mr\u0259li tam orta m\u0259kt\u0259bl\u0259rinin kollektivl\u0259ri Ulu \u00d6nd\u0259rin 100 illik yubileyi m\u00fcnasib\u0259ti il\u0259 D\u00f6vl\u0259t R\u0259mzl\u0259ri Muzeyind\u0259 olublar.<br \/>\n\u018fvv\u0259lc\u0259 ekskursiya i\u015ftirak\u00e7\u0131lar\u0131na muzey haqq\u0131nda \u0259trafl\u0131 m\u0259lumat verilib. Bildirilib ki, ist\u0259nil\u0259n d\u00f6vl\u0259ti onun m\u00f6vcudlu\u011funu, \u00e7ox\u0259srlik d\u00f6vl\u0259t\u00e7ilik v\u0259 tarixi-m\u0259d\u0259ni d\u0259y\u0259rl\u0259rini t\u0259c\u0259ss\u00fcm etdir\u0259n d\u00f6vl\u0259t r\u0259mzl\u0259ri olmadan t\u0259s\u0259vv\u00fcr etm\u0259k m\u00fcmk\u00fcn deyil.<!--more--><br \/>\nSonra ziyar\u0259t\u00e7il\u0259r muzeyd\u0259 Az\u0259rbaycanda xanl\u0131qlar d\u00f6vr\u00fcn\u00fcn x\u0259rit\u0259si, m\u00fcxt\u0259lif d\u00f6vrl\u0259rd\u0259 Az\u0259rbaycan \u0259razisind\u0259 m\u00f6vcud olmu\u015f d\u00f6vl\u0259tl\u0259rin bayraqlar\u0131, XIX \u0259sr Az\u0259rbaycan \u015f\u0259h\u0259rl\u0259rinin gerbl\u0259ri, q\u0259dim metal sikk\u0259l\u0259r, ka\u011f\u0131z pullar, Az\u0259rbaycan Xalq C\u00fcmhuriyy\u0259ti, Az\u0259rbaycan SSR v\u0259 m\u00fcst\u0259qillik d\u00f6vr\u00fcnd\u0259 q\u0259bul edilmi\u015f konstitusiyalar, gerbl\u0259r, bayraqlar, \u00dcmummilli Lider Heyd\u0259r \u018fliyevin v\u0259 Prezident \u0130lham \u018fliyevin andi\u00e7m\u0259 m\u0259rasiml\u0259rinin fotolar\u0131 il\u0259 tan\u0131\u015f olublar. Onlara \u201cHeyd\u0259r \u018fliyev\u201d ordeni il\u0259 ba\u011fl\u0131 \u0259trafl\u0131 m\u0259lumat verilib.<\/p>\n<p style=\"text-align: right;\"><em><strong>\u201cYEN\u0130\u2008T\u018fRT\u018fR\u201d<\/strong><\/em><\/p>\n","protected":false},"excerpt":{"rendered":"<p>&nbsp; &nbsp; &nbsp; &nbsp; &nbsp; Az\u0259rbaycan\u0131n h\u0259r bir gu\u015f\u0259sind\u0259 oldu\u011fu kimi, T\u0259rt\u0259r rayonunda da 2023-c\u00fc il \u00dcmummilli Liderimiz Heyd\u0259r \u018fliyevin \u0259ziz xatir\u0259sin\u0259 h\u0259sr olunmu\u015f silsil\u0259 t\u0259dbirl\u0259rl\u0259 yadda qalacaq. Bel\u0259 t\u0259dbirl\u0259r rayon sakinl\u0259rinin m\u00fcst\u0259qil Az\u0259rbaycan\u0131n xilaskar\u0131 v\u0259 qurucusu olan Ulu \u00d6nd\u0259rin h\u0259yat v\u0259 f\u0259aliyy\u0259ti il\u0259 daha yax\u0131ndan tan\u0131\u015f olmas\u0131nda, x\u00fcsus\u0259n g\u0259ncl\u0259rin v\u0259t\u0259np\u0259rv\u0259rlik t\u0259rbiy\u0259sinin formala\u015fmas\u0131nda v\u0259 inki\u015faf\u0131nda [&hellip;]<\/p>\n","protected":false},"author":2,"featured_media":0,"comment_status":"closed","ping_status":"closed","sticky":false,"template":"","format":"standard","meta":[],"categories":[10],"tags":[],"_links":{"self":[{"href":"https:\/\/yeniterter.az\/index.php?rest_route=\/wp\/v2\/posts\/24891"}],"collection":[{"href":"https:\/\/yeniterter.az\/index.php?rest_route=\/wp\/v2\/posts"}],"about":[{"href":"https:\/\/yeniterter.az\/index.php?rest_route=\/wp\/v2\/types\/post"}],"author":[{"embeddable":true,"href":"https:\/\/yeniterter.az\/index.php?rest_route=\/wp\/v2\/users\/2"}],"replies":[{"embeddable":true,"href":"https:\/\/yeniterter.az\/index.php?rest_route=%2Fwp%2Fv2%2Fcomments&post=24891"}],"version-history":[{"count":2,"href":"https:\/\/yeniterter.az\/index.php?rest_route=\/wp\/v2\/posts\/24891\/revisions"}],"predecessor-version":[{"id":24897,"href":"https:\/\/yeniterter.az\/index.php?rest_route=\/wp\/v2\/posts\/24891\/revisions\/24897"}],"wp:attachment":[{"href":"https:\/\/yeniterter.az\/index.php?rest_route=%2Fwp%2Fv2%2Fmedia&parent=24891"}],"wp:term":[{"taxonomy":"category","embeddable":true,"href":"https:\/\/yeniterter.az\/index.php?rest_route=%2Fwp%2Fv2%2Fcategories&post=24891"},{"taxonomy":"post_tag","embeddable":true,"href":"https:\/\/yeniterter.az\/index.php?rest_route=%2Fwp%2Fv2%2Ftags&post=24891"}],"curies":[{"name":"wp","href":"https:\/\/api.w.org\/{rel}","templated":true}]}}