{"id":24887,"date":"2023-05-08T09:06:20","date_gmt":"2023-05-08T06:06:20","guid":{"rendered":"https:\/\/yeniterter.az\/?p=24887"},"modified":"2023-05-08T09:06:20","modified_gmt":"2023-05-08T06:06:20","slug":"az%c9%99rbaycanin-dovl%c9%99t-must%c9%99qilliyi-%c9%99b%c9%99didir-sarsilmazdir-donm%c9%99zdir-movzusunda-d%c9%99yirmi-masa","status":"publish","type":"post","link":"https:\/\/yeniterter.az\/?p=24887","title":{"rendered":"\u201cAz\u0259rbaycan\u0131n d\u00f6vl\u0259t m\u00fcst\u0259qilliyi \u0259b\u0259didir,\u2008sars\u0131lmazd\u0131r, d\u00f6nm\u0259zdir!\u201d m\u00f6vzusunda \u201cd\u0259yirmi masa\u201d"},"content":{"rendered":"<p><img decoding=\"async\" loading=\"lazy\" class=\" wp-image-24888 alignright\" src=\"https:\/\/yeniterter.az\/wp-content\/uploads\/496716a1ffe1cb0f5f481af5a5018385-300x225.jpg\" alt=\"\" width=\"195\" height=\"146\" srcset=\"https:\/\/yeniterter.az\/wp-content\/uploads\/496716a1ffe1cb0f5f481af5a5018385-300x225.jpg 300w, https:\/\/yeniterter.az\/wp-content\/uploads\/496716a1ffe1cb0f5f481af5a5018385-1024x768.jpg 1024w, https:\/\/yeniterter.az\/wp-content\/uploads\/496716a1ffe1cb0f5f481af5a5018385-768x576.jpg 768w, https:\/\/yeniterter.az\/wp-content\/uploads\/496716a1ffe1cb0f5f481af5a5018385.jpg 1156w\" sizes=\"(max-width: 195px) 100vw, 195px\" \/>T\u0259rt\u0259r Rayon \u0130cra Hakimiyy\u0259tinin, YAP rayon t\u0259\u015fkilat\u0131n\u0131n v\u0259 \u201cAz\u0259rpamb\u0131q\u201d MMC-nin T\u0259rt\u0259r filial\u0131n\u0131n t\u0259\u015fkilat\u00e7\u0131l\u0131\u011f\u0131 il\u0259 YAP rayon t\u0259\u015fkilat\u0131n\u0131n inzibati binas\u0131nda \u00dcmummilli Lider Heyd\u0259r \u018fliyevin 100 illik yubileyin\u0259 h\u0259sr olunmu\u015f \u201cAz\u0259rbaycan\u0131n d\u00f6vl\u0259t m\u00fcst\u0259qilliyi \u0259b\u0259didir, sars\u0131lmazd\u0131r, d\u00f6nm\u0259zdir!\u201d m\u00f6vzusunda \u201cd\u0259yirmi masa\u201d ke\u00e7irilib.<br \/>\n\u201cD\u0259yirmi masa\u201dda T\u0259rt\u0259r rayon \u0130cra Hakimiyy\u0259tinin, YAP rayon t\u0259\u015fkilat\u0131n\u0131n n\u00fcmay\u0259nd\u0259l\u0259ri v\u0259 \u201cAz\u0259rpamb\u0131q\u201d MMC-nin T\u0259rt\u0259r filial\u0131n\u0131n kollektivi i\u015ftirak edib.<br \/>\nT\u0259dbir i\u015ftirak\u00e7\u0131lar\u0131 \u0259vv\u0259lc\u0259 Ulu \u00d6nd\u0259rin xatir\u0259sin\u0259 ehtiram \u0259lam\u0259ti olaraq onun abid\u0259si \u00f6n\u00fcn\u0259 g\u00fcl d\u0259st\u0259l\u0259ri d\u00fcz\u00fcbl\u0259r.<br \/>\nSonra \u201cd\u0259yimi masa\u201d \u0259traf\u0131nda \u00dcmummilli Liderin v\u0259 torpaqlar\u0131m\u0131z\u0131n \u0259razi b\u00fct\u00f6v-l\u00fcy\u00fc u\u011frunda canlar\u0131n\u0131 f\u0259da et-mi\u015f \u015f\u0259hidl\u0259rin xatir\u0259si bir d\u0259qiq\u0259lik s\u00fckutla yad edilib.<br \/>\nT\u0259rt\u0259r Rayon \u0130cra Hakimiyy\u0259ti Ba\u015f\u00e7\u0131s\u0131 Aparat\u0131nda \u0130ctimai-siyasi v\u0259 humanitar ms\u0259l\u0259l\u0259r \u015f\u00f6b\u0259sinin ba\u015f m\u0259sl\u0259h\u0259t\u00e7isi Svetlana \u018fzizova t\u0259dbiri acaraq payonda \u00dcmummilli Liderin 100 illik yubileyin\u0259 h\u0259sr olunmu\u015f t\u0259dbirl\u0259rd\u0259n, Ulu \u00d6nd\u0259rin hakimiyy\u0259ti ill\u0259rind\u0259 b\u00fct\u00fcn b\u00f6lg\u0259l\u0259r kimi T\u0259rt\u0259r rayonuna da g\u00f6st\u0259ril\u0259n diqq\u0259t v\u0259 qay\u011f\u0131dan dan\u0131\u015f\u0131b. Qeyd olunub ki, xalq\u0131n\u0131n xilaskar\u0131na \u00e7evril\u0259n Heyd\u0259r \u018fliyev xalq\u0131n\u0131 zaman\u0131n a\u011f\u0131r s\u0131naqlar\u0131ndan u\u011furla \u00e7\u0131xarm\u0131\u015f, ard\u0131c\u0131l m\u00fcbariz\u0259 apararaq onu \u00f6z m\u00fcst\u0259qilliyin\u0259 qovu\u015fdurmu\u015fdur. Az\u0259rbaycan d\u00f6vl\u0259ti yeni \u0259sr\u0259, yeni minilliy\u0259 m\u0259hz Heyd\u0259r \u018fliyevin z\u0259kas\u0131n\u0131n i\u015f\u0131\u011f\u0131nda q\u0259d\u0259m qoyub. Davaml\u0131 y\u00fcks\u0259li\u015f yolunda inamla ir\u0259lil\u0259y\u0259n m\u00fcasir Az\u0259rbaycan Heyd\u0259r \u018fliyevin ideyalar\u0131n\u0131n t\u0259nt\u0259n\u0259sidir.<!--more--><br \/>\nT\u0259dbird\u0259 YAP rayon t\u0259\u015fkilat\u0131n\u0131n s\u0259dr m\u00fcavini Az\u0259r A\u011fayev, \u201cAz\u0259rpamb\u0131q\u201d MMC-nin T\u0259rt\u0259r filial\u0131n\u0131n direktoru F\u0259qani Bab\u0131\u015fov, \u0259m\u0259kda\u015flardan Tofiq Pa\u015fayev, P\u0259rvin Misirova, M\u00fchafiz\u0259 xidm\u0259tinin r\u0259isi El\u00e7in M\u0259nsimov \u00e7\u0131x\u0131\u015f edibl\u0259r. \u00dcmummilli Liderin xalq\u0131n t\u0259kidli t\u0259l\u0259bi il\u0259 ikinci d\u0259f\u0259 \u00f6lk\u0259 r\u0259hb\u0259rliyin\u0259 qay\u0131d\u0131\u015f\u0131 il\u0259 bir \u00e7ox sah\u0259l\u0259rd\u0259 geni\u015fmiqyasl\u0131 islahatlar\u0131n, o c\u00fcml\u0259d\u0259n qanunvericilik islahatlar\u0131n\u0131n h\u0259yata ke\u00e7irilm\u0259sin\u0259 ba\u015flan\u0131l\u0131b. 1995-ci il noyabr\u0131n 12-d\u0259 referendum yolu il\u0259 m\u00fcst\u0259qil Az\u0259rbaycan\u0131n ilk Konstitusiyas\u0131 q\u0259bul edilib. Bununla da Az\u0259rbaycan demokratik inki\u015faf\u0131n yeni m\u0259rh\u0259l\u0259sin\u0259 q\u0259d\u0259m qoyub.<br \/>\nUlu \u00d6nd\u0259rin siyasi kursunun layiqli davam\u00e7\u0131s\u0131 olan Prezident, M\u00fcz\u0259ff\u0259r Ali Ba\u015f Komandan \u0130lham \u018fliyev Az\u0259rbaycan\u0131 b\u00f6y\u00fck u\u011furlara \u00e7atd\u0131rmaqla ata v\u0259siyy\u0259tini layiqinc\u0259 yerin\u0259 yetirib.<\/p>\n","protected":false},"excerpt":{"rendered":"<p>T\u0259rt\u0259r Rayon \u0130cra Hakimiyy\u0259tinin, YAP rayon t\u0259\u015fkilat\u0131n\u0131n v\u0259 \u201cAz\u0259rpamb\u0131q\u201d MMC-nin T\u0259rt\u0259r filial\u0131n\u0131n t\u0259\u015fkilat\u00e7\u0131l\u0131\u011f\u0131 il\u0259 YAP rayon t\u0259\u015fkilat\u0131n\u0131n inzibati binas\u0131nda \u00dcmummilli Lider Heyd\u0259r \u018fliyevin 100 illik yubileyin\u0259 h\u0259sr olunmu\u015f \u201cAz\u0259rbaycan\u0131n d\u00f6vl\u0259t m\u00fcst\u0259qilliyi \u0259b\u0259didir, sars\u0131lmazd\u0131r, d\u00f6nm\u0259zdir!\u201d m\u00f6vzusunda \u201cd\u0259yirmi masa\u201d ke\u00e7irilib. \u201cD\u0259yirmi masa\u201dda T\u0259rt\u0259r rayon \u0130cra Hakimiyy\u0259tinin, YAP rayon t\u0259\u015fkilat\u0131n\u0131n n\u00fcmay\u0259nd\u0259l\u0259ri v\u0259 \u201cAz\u0259rpamb\u0131q\u201d MMC-nin T\u0259rt\u0259r filial\u0131n\u0131n kollektivi i\u015ftirak [&hellip;]<\/p>\n","protected":false},"author":2,"featured_media":0,"comment_status":"closed","ping_status":"closed","sticky":false,"template":"","format":"standard","meta":[],"categories":[10],"tags":[],"_links":{"self":[{"href":"https:\/\/yeniterter.az\/index.php?rest_route=\/wp\/v2\/posts\/24887"}],"collection":[{"href":"https:\/\/yeniterter.az\/index.php?rest_route=\/wp\/v2\/posts"}],"about":[{"href":"https:\/\/yeniterter.az\/index.php?rest_route=\/wp\/v2\/types\/post"}],"author":[{"embeddable":true,"href":"https:\/\/yeniterter.az\/index.php?rest_route=\/wp\/v2\/users\/2"}],"replies":[{"embeddable":true,"href":"https:\/\/yeniterter.az\/index.php?rest_route=%2Fwp%2Fv2%2Fcomments&post=24887"}],"version-history":[{"count":2,"href":"https:\/\/yeniterter.az\/index.php?rest_route=\/wp\/v2\/posts\/24887\/revisions"}],"predecessor-version":[{"id":24890,"href":"https:\/\/yeniterter.az\/index.php?rest_route=\/wp\/v2\/posts\/24887\/revisions\/24890"}],"wp:attachment":[{"href":"https:\/\/yeniterter.az\/index.php?rest_route=%2Fwp%2Fv2%2Fmedia&parent=24887"}],"wp:term":[{"taxonomy":"category","embeddable":true,"href":"https:\/\/yeniterter.az\/index.php?rest_route=%2Fwp%2Fv2%2Fcategories&post=24887"},{"taxonomy":"post_tag","embeddable":true,"href":"https:\/\/yeniterter.az\/index.php?rest_route=%2Fwp%2Fv2%2Ftags&post=24887"}],"curies":[{"name":"wp","href":"https:\/\/api.w.org\/{rel}","templated":true}]}}