{"id":24884,"date":"2023-05-08T08:59:51","date_gmt":"2023-05-08T05:59:51","guid":{"rendered":"https:\/\/yeniterter.az\/?p=24884"},"modified":"2023-05-08T08:59:51","modified_gmt":"2023-05-08T05:59:51","slug":"t%c9%99rt%c9%99r-rayon-q%c9%99zetinin-90-illiyi-qarsisinda-2","status":"publish","type":"post","link":"https:\/\/yeniterter.az\/?p=24884","title":{"rendered":"T\u0259rt\u0259r rayon q\u0259zetinin 90 illiyi qar\u015f\u0131s\u0131nda"},"content":{"rendered":"<p style=\"text-align: center;\"><strong>XAT\u0130R\u018fL\u018fRD\u018f QALAN G\u00d6R\u00dc\u015eL\u018fR<\/strong><\/p>\n<p><img decoding=\"async\" loading=\"lazy\" class=\"wp-image-24885 alignleft\" src=\"https:\/\/yeniterter.az\/wp-content\/uploads\/54vc-gnh-204x300.jpg\" alt=\"\" width=\"91\" height=\"133\" srcset=\"https:\/\/yeniterter.az\/wp-content\/uploads\/54vc-gnh-204x300.jpg 204w, https:\/\/yeniterter.az\/wp-content\/uploads\/54vc-gnh-697x1024.jpg 697w, https:\/\/yeniterter.az\/wp-content\/uploads\/54vc-gnh-768x1129.jpg 768w, https:\/\/yeniterter.az\/wp-content\/uploads\/54vc-gnh.jpg 802w\" sizes=\"(max-width: 91px) 100vw, 91px\" \/>Ya\u015fan\u0131lan tarix dahi insanlar\u0131, nadir \u015f\u0259xsiyy\u0259tl\u0259ri il\u0259 d\u0259y\u0259rl\u0259ndirilir. H\u0259r bir xalq\u0131n tarixd\u0259 \u00f6z imzas\u0131n\u0131 qoymas\u0131nda bel\u0259 \u00f6vladlar\u0131n\u0131n rolu misilsiz oldu\u011fu q\u0259d\u0259r, h\u0259m d\u0259 yaddaqaland\u0131r. Onlar\u0131n ideya v\u0259 \u0259m\u0259ll\u0259ri ill\u0259r ke\u00e7s\u0259 d\u0259 unudulmur, xo\u015f xatir\u0259l\u0259r\u0259 \u00e7evrilib yadda\u015flara k\u00f6\u00e7\u00fcr. Bu xatir\u0259l\u0259r\u0259 \u0259b\u0259diya\u015farl\u0131q verm\u0259k, onlar\u0131 ka\u011f\u0131z \u00fcz\u0259rin\u0259, videolentl\u0259r\u0259 k\u00f6\u00e7\u00fcrm\u0259k is\u0259 jurnalistl\u0259rin, yazarlar\u0131n \u00fcz\u0259rin\u0259 d\u00fc\u015f\u0259n \u0259n \u015f\u0259r\u0259fli v\u0259zif\u0259 olaraq qal\u0131r.<br \/>\n* * *<br \/>\nN\u0259inki \u00f6lk\u0259mizd\u0259, h\u0259tta b\u00fct\u00fcn d\u00fcnyada tan\u0131nan v\u0259 sevil\u0259n nadir \u015f\u0259xsiyy\u0259tl\u0259rd\u0259n biri d\u0259 Az\u0259rbaycan xalq\u0131n\u0131n b\u00f6y\u00fck o\u011flu, Ulu \u00d6nd\u0259rimiz Heyd\u0259r \u018fliyevdir. H\u0259mi\u015f\u0259 xalq\u0131na arxalanan bu q\u00fcdr\u0259tli insan bu g\u00fcn d\u0259 Az\u0259rbaycan xalq\u0131n\u0131n yadda\u015f\u0131nda \u00f6z b\u00f6y\u00fckl\u00fcy\u00fcn\u00fc qoruyub saxlayan, h\u0259r k\u0259s\u0259 do\u011fma olan bir \u015f\u0259xsiyy\u0259t kimi ya\u015fay\u0131r.<br \/>\nBug\u00fcnk\u00fc m\u00fcsahibimiz Ulu \u00d6nd\u0259rl\u0259 d\u0259f\u0259l\u0259rl\u0259 g\u00f6r\u00fc\u015f\u0259n v\u0259 bu g\u00f6r\u00fc\u015fl\u0259ri \u00f6mr\u00fcn\u00fcn \u0259n \u015firin, yaddaqalan anlar\u0131 kimi h\u0259v\u0259sl\u0259 xat\u0131rlayan Yadigar \u018fhm\u0259dovdur. O, 1930-cu ild\u0259 T\u0259rt\u0259r rayonunun Balak\u0259ng\u0259rli k\u0259ndind\u0259 anadan olub. U\u015faql\u0131q \u00e7a\u011flar\u0131 a\u011f\u0131r m\u00fcharib\u0259 ill\u0259rin\u0259 t\u0259sad\u00fcf etdiyind\u0259n, \u0259m\u0259k f\u0259aliyy\u0259tin\u0259 ki\u00e7ik ya\u015flar\u0131ndan ba\u015flay\u0131b. \u00d6mr\u00fc boyu yaln\u0131z \u00f6z \u0259ll\u0259rinin z\u0259hm\u0259til\u0259 halal \u00e7\u00f6r\u0259k qazanan Yadigar ki\u015fi h\u0259yat\u0131n\u0131n maraql\u0131, unudulmaz anlar\u0131n\u0131 bel\u0259 xat\u0131rlay\u0131r:<br \/>\n\u2013 M\u0259nim ilk i\u015f h\u0259yat\u0131m Ming\u0259\u00e7evir Su Elektrik Stansiyas\u0131n\u0131n tikintisind\u0259 f\u0259hl\u0259 i\u015fl\u0259m\u0259kl\u0259 ba\u015flay\u0131b. <!--more-->Sonra h\u0259rbi xidm\u0259td\u0259 olmu\u015fam. Cavanl\u0131qdan idmana h\u0259v\u0259s g\u00f6st\u0259rmi\u015f\u0259m. H\u0259rbi xidm\u0259td\u0259 d\u0259f\u0259l\u0259rl\u0259 qa\u00e7\u0131\u015f \u00fczr\u0259 idman yar\u0131\u015flar\u0131nda i\u015ftirak edib, h\u0259mi\u015f\u0259 1-ci v\u0259 2-ci yerl\u0259ri tutmu\u015fam. \u018fsg\u0259ri xidm\u0259td\u0259n sonra birillik s\u00fcr\u00fcc\u00fc-mexaniklik kursunu bitirib, m\u00fcxt\u0259lif idar\u0259 v\u0259 t\u0259\u015fkilatlarda traktor\u00e7u kimi f\u0259aliyy\u0259t g\u00f6st\u0259rmi\u015f\u0259m. Ot bi\u00e7ini v\u0259 pamb\u0131q y\u0131\u011f\u0131m\u0131 vaxt\u0131 kolxozlara k\u00f6m\u0259y\u0259 g\u00f6nd\u0259rilirdim. He\u00e7 vaxt i\u015fd\u0259n, \u00e7\u0259tinlikd\u0259n qorxmam\u0131\u015fam. \u00d6z i\u015fimd\u0259n z\u00f6vq alm\u0131\u015fam. H\u0259mi\u015f\u0259 d\u0259 ad\u0131m qabaqc\u0131llar s\u0131ras\u0131nda \u00e7\u0259kilib, \u0259m\u0259yim d\u00f6vl\u0259t t\u0259r\u0259find\u0259n qiym\u0259tl\u0259ndirilib. 1976, 1978, 1979-cu ill\u0259rd\u0259 \u201cSosializm yar\u0131\u015f\u0131n\u0131n qalibi\u201d d\u00f6\u015f ni\u015fan\u0131 il\u0259, 1989-cu ild\u0259 is\u0259 \u201c\u018fm\u0259k veteran\u0131\u201d medal\u0131 il\u0259 t\u0259ltif olunmu\u015fam.<br \/>\nYadigar \u018fhm\u0259dov \u00dcmummilli Liderimiz Heyd\u0259r \u018fliyevl\u0259 g\u00f6r\u00fc\u015fl\u0259rini \u00f6mr\u00fcn\u00fcn \u0259n \u015firin anlar\u0131 kimi unutmur, xatir\u0259l\u0259rini biziml\u0259 b\u00f6l\u00fc\u015fm\u0259kd\u0259n z\u00f6vq al\u0131r:<br \/>\n\u2013 M\u0259n \u00f6z\u00fcm\u00fc xo\u015fb\u0259xt san\u0131ram ki, Ulu \u00d6nd\u0259rimizl\u0259 bir ne\u00e7\u0259 d\u0259f\u0259 g\u00f6r\u00fc\u015fm\u0259k qism\u0259tim olub. C\u0259nab Heyd\u0259r \u018fliyevi ilk d\u0259f\u0259 \u00f6z do\u011fma kolxozumuzda \u2013 \u201c\u00d6zb\u0259kistan\u201d kolxozunda, ikinci d\u0259f\u0259 G\u0259nc\u0259 pamb\u0131q zavodunda, \u00fc\u00e7\u00fcnc\u00fc d\u0259f\u0259 is\u0259 Ulu \u00d6nd\u0259rimiz S\u0259rs\u0259ng Su Anbar\u0131n\u0131n a\u00e7\u0131l\u0131\u015f\u0131na g\u0259l\u0259rk\u0259n g\u00f6rm\u00fc\u015f\u0259m.<br \/>\nS\u0259rs\u0259ng\u0259 ged\u0259rk\u0259n yolu T\u0259rt\u0259rd\u0259n ke\u00e7\u0259n \u00dcmummilli Liderimiz \u201cAna abid\u0259si\u201dnd\u0259 ma\u015f\u0131ndan d\u00fc\u015f\u00fcb, onu qar\u015f\u0131lamaq \u00fc\u00e7\u00fcn yolboyu d\u00fcz\u00fclm\u00fc\u015f z\u0259hm\u0259tke\u015fl\u0259rl\u0259 g\u00f6r\u00fc\u015fd\u00fc. H\u0259min vaxt m\u0259n \u0259limd\u0259 g\u00fcl ona yax\u0131nla\u015fd\u0131m. \u018fl verib g\u00f6r\u00fc\u015fd\u00fck, g\u00fcll\u0259ri t\u0259qdim etdim v\u0259 dedim ki, \u201cM\u0259nim atam\u0131n da ad\u0131 Heyd\u0259rdir\u201d. Bu s\u00f6z\u00fcm bir q\u0259d\u0259r d\u0259 g\u00fcl\u00fc\u015f yaratd\u0131. Ondan sonra n\u0259 zaman, harda dahi r\u0259hb\u0259rimizl\u0259 g\u00f6r\u00fc\u015fm\u0259k qism\u0259tim olubsa, h\u0259mi\u015f\u0259 \u00e7\u0259kinm\u0259d\u0259n yax\u0131nla\u015f\u0131b \u0259l vermi\u015f\u0259m. \u00c7\u00fcnki o, \u00e7ox sad\u0259, s\u0259mimi bir insan idi. Sad\u0259 \u0259m\u0259k adamlar\u0131n\u0131n qay\u011f\u0131s\u0131na qal\u0131r v\u0259 onlara qiym\u0259t verirdi.<br \/>\nYadigar ki\u015finin hal-haz\u0131rda 5 \u00f6vlad\u0131, 9 n\u0259v\u0259si olsa da, bu g\u00fcn t\u0259k ya\u015fay\u0131r. Buna baxmayaraq yen\u0259 \u00e7al\u0131\u015f\u0131r, \u00f6z t\u0259s\u0259rr\u00fcfat\u0131n\u0131 \u00f6z\u00fc idar\u0259 edir. Ma\u015fallah, h\u0259l\u0259 g\u00fcmrahd\u0131r. O, d\u00f6vl\u0259t\u0259 v\u0259 d\u00f6vl\u0259t\u00e7iliy\u0259 sadiq bir insand\u0131r. Bu g\u00fcnl\u0259rd\u0259 m\u00f6ht\u0259r\u0259m Prezidenti-mizin F\u0259rman\u0131 il\u0259 minimum \u0259m\u0259k haqlar\u0131n\u0131n v\u0259 pensiyalar\u0131n art\u0131r\u0131lmas\u0131 onun da h\u0259dsiz sevincin\u0259 s\u0259b\u0259b olub. S\u00f6hb\u0259timiz zaman\u0131 t\u0259qa\u00fcd\u00e7\u00fcl\u0259rin qay\u011f\u0131s\u0131na qalan c\u0259nab Prezidentimiz\u0259 minn\u0259tdarl\u0131\u011f\u0131n\u0131 bildirm\u0259yi d\u0259 unutmad\u0131.<br \/>\nBu da \u00dcmummilli Liderimizi yax\u0131ndan g\u00f6rm\u00fc\u015f ya\u015fl\u0131 insanlardan birinin xatir\u0259l\u0259ri idi. Sizl\u0259r\u0259 t\u0259qdim etdik ki, bizd\u0259n sonra g\u0259l\u0259n n\u0259sill\u0259r\u0259 \u0259rm\u0259\u011fan olsun, h\u0259l\u0259 \u00e7ox-\u00e7ox ill\u0259r unudulmas\u0131n dey\u0259.<\/p>\n<p style=\"text-align: right;\"><em><strong>Solmaz KAZIMOVA<\/strong><\/em><br \/>\n<em><strong>\u201cYeni T\u0259rt\u0259r\u201d q\u0259zeti,<\/strong><\/em><br \/>\n<em><strong>5 oktyabr 2010-cu il<\/strong><\/em><\/p>\n","protected":false},"excerpt":{"rendered":"<p>XAT\u0130R\u018fL\u018fRD\u018f QALAN G\u00d6R\u00dc\u015eL\u018fR Ya\u015fan\u0131lan tarix dahi insanlar\u0131, nadir \u015f\u0259xsiyy\u0259tl\u0259ri il\u0259 d\u0259y\u0259rl\u0259ndirilir. H\u0259r bir xalq\u0131n tarixd\u0259 \u00f6z imzas\u0131n\u0131 qoymas\u0131nda bel\u0259 \u00f6vladlar\u0131n\u0131n rolu misilsiz oldu\u011fu q\u0259d\u0259r, h\u0259m d\u0259 yaddaqaland\u0131r. Onlar\u0131n ideya v\u0259 \u0259m\u0259ll\u0259ri ill\u0259r ke\u00e7s\u0259 d\u0259 unudulmur, xo\u015f xatir\u0259l\u0259r\u0259 \u00e7evrilib yadda\u015flara k\u00f6\u00e7\u00fcr. Bu xatir\u0259l\u0259r\u0259 \u0259b\u0259diya\u015farl\u0131q verm\u0259k, onlar\u0131 ka\u011f\u0131z \u00fcz\u0259rin\u0259, videolentl\u0259r\u0259 k\u00f6\u00e7\u00fcrm\u0259k is\u0259 jurnalistl\u0259rin, yazarlar\u0131n \u00fcz\u0259rin\u0259 d\u00fc\u015f\u0259n \u0259n [&hellip;]<\/p>\n","protected":false},"author":2,"featured_media":0,"comment_status":"closed","ping_status":"closed","sticky":false,"template":"","format":"standard","meta":[],"categories":[10],"tags":[],"_links":{"self":[{"href":"https:\/\/yeniterter.az\/index.php?rest_route=\/wp\/v2\/posts\/24884"}],"collection":[{"href":"https:\/\/yeniterter.az\/index.php?rest_route=\/wp\/v2\/posts"}],"about":[{"href":"https:\/\/yeniterter.az\/index.php?rest_route=\/wp\/v2\/types\/post"}],"author":[{"embeddable":true,"href":"https:\/\/yeniterter.az\/index.php?rest_route=\/wp\/v2\/users\/2"}],"replies":[{"embeddable":true,"href":"https:\/\/yeniterter.az\/index.php?rest_route=%2Fwp%2Fv2%2Fcomments&post=24884"}],"version-history":[{"count":1,"href":"https:\/\/yeniterter.az\/index.php?rest_route=\/wp\/v2\/posts\/24884\/revisions"}],"predecessor-version":[{"id":24886,"href":"https:\/\/yeniterter.az\/index.php?rest_route=\/wp\/v2\/posts\/24884\/revisions\/24886"}],"wp:attachment":[{"href":"https:\/\/yeniterter.az\/index.php?rest_route=%2Fwp%2Fv2%2Fmedia&parent=24884"}],"wp:term":[{"taxonomy":"category","embeddable":true,"href":"https:\/\/yeniterter.az\/index.php?rest_route=%2Fwp%2Fv2%2Fcategories&post=24884"},{"taxonomy":"post_tag","embeddable":true,"href":"https:\/\/yeniterter.az\/index.php?rest_route=%2Fwp%2Fv2%2Ftags&post=24884"}],"curies":[{"name":"wp","href":"https:\/\/api.w.org\/{rel}","templated":true}]}}