{"id":24879,"date":"2023-05-08T08:38:35","date_gmt":"2023-05-08T05:38:35","guid":{"rendered":"https:\/\/yeniterter.az\/?p=24879"},"modified":"2023-05-08T08:41:10","modified_gmt":"2023-05-08T05:41:10","slug":"may-ayinda-dogulan-i-qarabag-muharib%c9%99si-s%c9%99hidl%c9%99ri","status":"publish","type":"post","link":"https:\/\/yeniterter.az\/?p=24879","title":{"rendered":"May ay\u0131nda do\u011fulan I Qaraba\u011f m\u00fcharib\u0259si \u015f\u0259hidl\u0259ri"},"content":{"rendered":"<p style=\"text-align: center;\"><strong>\u00c7\u0131ld\u0131ran ugrunda ged\u0259n d\u00f6y\u00fc\u015fd\u0259 \u015f\u0259hid oldu<\/strong><\/p>\n<p><img decoding=\"async\" loading=\"lazy\" class=\" wp-image-24880 alignright\" src=\"https:\/\/yeniterter.az\/wp-content\/uploads\/02-36-211x300.jpg\" alt=\"\" width=\"121\" height=\"172\" srcset=\"https:\/\/yeniterter.az\/wp-content\/uploads\/02-36-211x300.jpg 211w, https:\/\/yeniterter.az\/wp-content\/uploads\/02-36-721x1024.jpg 721w, https:\/\/yeniterter.az\/wp-content\/uploads\/02-36-768x1091.jpg 768w, https:\/\/yeniterter.az\/wp-content\/uploads\/02-36.jpg 945w\" sizes=\"(max-width: 121px) 100vw, 121px\" \/>1992-ci il sentyabr ay\u0131n\u0131n 1-d\u0259 \u00c7\u0131ld\u0131ran y\u00fcks\u0259kliyi u\u011frunda g\u0259rgin d\u00f6y\u00fc\u015fl\u0259r gedirdi. Batalyon \u00fczvl\u0259rinin \u0259hval-ruhiyy\u0259si \u00e7ox y\u00fcks\u0259k idi. D\u00fc\u015fm\u0259nl\u0259r y\u00fcks\u0259kliyi qoyub qorxaqcas\u0131na qa\u00e7\u0131rd\u0131lar, ancaq ara-s\u0131ra \u0259trafda m\u0259rmil\u0259r partlay\u0131rd\u0131.<br \/>\nD\u00f6y\u00fc\u015f\u00e7\u00fcl\u0259rimizin \u0259ks\u0259riyy\u0259ti art\u0131q y\u00fcks\u0259kliy\u0259 qalxm\u0131\u015fd\u0131lar, ancaq bir az arxada qalanlar da vard\u0131. Onlardan biri V\u0259zir Oruco-h\u0259mk\u0259ndlisi, rayonun Xoruzlu k\u0259ndind\u0259n olan Hafiz S\u0259f\u0259rov idi.<br \/>\nAz\u0259rbaycan Qaraba\u011f M\u00fcharib\u0259si \u018flill\u0259ri, Veteranlar\u0131 v\u0259 \u015e\u0259hid Ail\u0259l\u0259ri \u0130ctimai Birliyi T\u0259rt\u0259r rayon \u015f\u00f6b\u0259sinin s\u0259dri Suliddin Yusibov bu d\u00f6y\u00fc\u015f bar\u0259d\u0259 bel\u0259 dan\u0131\u015f\u0131r:<br \/>\n\u2013Sentyabr\u0131n 1-i, g\u00fcnorta saat 1-2 rad\u0259l\u0259ri idi. \u00c7\u0131ld\u0131ran y\u00fcks\u0259kliyini almaq tap\u015f\u0131r\u0131\u011f\u0131n\u0131 alan igidl\u0259rimiz s\u00fcr\u0259tl\u0259 ir\u0259lil\u0259yirdil\u0259r. Bel\u0259 d\u0259qiq\u0259l\u0259rd\u0259 bizi he\u00e7 n\u0259 dayand\u0131ra bilm\u0259zdi. Ona g\u00f6r\u0259 d\u0259 arxada partlay\u0131\u015f s\u0259sini e\u015fits\u0259k d\u0259, dayanmad\u0131q. \u00c7\u00fcnki adi bir l\u0259ngim\u0259, \u00e7a\u015fq\u0131nl\u0131q \u0259m\u0259liyyat\u0131n gedi\u015fini poza bil\u0259rdi. Ancaq \u0259trafda ba\u015f ver\u0259nl\u0259ri diqq\u0259tl\u0259 izl\u0259y\u0259n V\u0259zir Orucov d\u0259rhal v\u0259ziyy\u0259ti \u00f6yr\u0259ndi. M\u0259lum oldu ki, partlay\u0131\u015f n\u0259t\u0131c\u0259sind\u0259 batalyonun iki \u00fczv\u00fc \u2013 Hafiz S\u0259f\u0259rov v\u0259 \u018fr\u015fad Sar\u0131yev \u015f\u0259hidliy\u0259 ucald\u0131lar, S\u0259rv\u0259r, \u018fh\u0259d v\u0259 \u0130lham is\u0259 yaraland\u0131lar (\u0130lham da bir ay sonra ald\u0131\u011f\u0131 yaradan \u015f\u0259hid oldu).<br \/>\n\u00d6l\u00fcm\u00fcn g\u00f6z\u00fcn\u0259 dik baxan, h\u0259yatda he\u00e7 n\u0259d\u0259n qorxmayan sevimli komandirimizin \u00fcz\u00fcnd\u0259ki ifad\u0259ni, \u201canalar\u0131 o u\u015faqlar\u0131 m\u0259n\u0259 tap\u015f\u0131rm\u0131\u015fd\u0131lar\u201d s\u00f6zl\u0259rini bu g\u00fcn d\u0259 unuda bilmir\u0259m.<!--more--><br \/>\nHafiz S\u0259f\u0259rov 1970-ci il may ay\u0131n\u0131n 13-d\u0259 T\u0259rt\u0259r rayonunun Xoruzlu k\u0259ndind\u0259 anadan olub. H\u0259min k\u0259ndd\u0259 orta m\u0259kt\u0259bi bitirib. 1988-ci ilin may ay\u0131ndan 1990-c\u0131 ilin may ay\u0131nad\u0259k ke\u00e7mi\u015f Sovet Ordusu s\u0131ralar\u0131nda h\u0259qiqi h\u0259rbi xidm\u0259td\u0259 olub. H\u0259rbi xidm\u0259td\u0259n qay\u0131td\u0131qdan sonra \u00f6z k\u0259ndl\u0259rind\u0259 kolxoz\u00e7u i\u015fl\u0259yib. Erm\u0259ni i\u015f\u011fal\u00e7\u0131lar\u0131na qar\u015f\u0131 m\u00fcbariz\u0259 aparmaq \u00fc\u00e7\u00fcn 1992-ci ilin avqust ay\u0131nda t\u0259krar h\u0259rbi xidm\u0259t etm\u0259k \u00fc\u00e7\u00fcn Milli Ordu s\u0131ralar\u0131na gedib. A\u011fd\u0259r\u0259 \u0259razisind\u0259 ged\u0259n d\u00f6y\u00fc\u015fl\u0259rin i\u015ftirak\u00e7\u0131s\u0131 olub.<br \/>\nHafizin \u015f\u0259hidliy\u0259 qovu\u015fdu\u011fu g\u00fcn\u00fc bu g\u00fcn d\u0259 xatir\u0259l\u0259rind\u0259 ya\u015fadan Suliddin m\u00fc\u0259llim deyir ki, o, \u00e7ox v\u0259t\u0259np\u0259rv\u0259r g\u0259nc idi. \u00dcr\u0259yind\u0259 ne\u00e7\u0259-ne\u00e7\u0259 arzusu vard\u0131. Hafizin \u0259n b\u00f6y\u00fck arzusu indi ger\u00e7\u0259kl\u0259\u015fib. Torpaqlar\u0131m\u0131z azadd\u0131r. Bu yolda \u015f\u0259hid olanlar\u0131n ham\u0131s\u0131na Allahdan r\u0259hm\u0259t dil\u0259yir, qazil\u0259rimiz\u0259 cansa\u011fl\u0131\u011f\u0131 arzulay\u0131ram.<\/p>\n<p>\u201cYEN\u0130 T\u018fRT\u018fR\u201d<\/p>\n","protected":false},"excerpt":{"rendered":"<p>\u00c7\u0131ld\u0131ran ugrunda ged\u0259n d\u00f6y\u00fc\u015fd\u0259 \u015f\u0259hid oldu 1992-ci il sentyabr ay\u0131n\u0131n 1-d\u0259 \u00c7\u0131ld\u0131ran y\u00fcks\u0259kliyi u\u011frunda g\u0259rgin d\u00f6y\u00fc\u015fl\u0259r gedirdi. Batalyon \u00fczvl\u0259rinin \u0259hval-ruhiyy\u0259si \u00e7ox y\u00fcks\u0259k idi. D\u00fc\u015fm\u0259nl\u0259r y\u00fcks\u0259kliyi qoyub qorxaqcas\u0131na qa\u00e7\u0131rd\u0131lar, ancaq ara-s\u0131ra \u0259trafda m\u0259rmil\u0259r partlay\u0131rd\u0131. D\u00f6y\u00fc\u015f\u00e7\u00fcl\u0259rimizin \u0259ks\u0259riyy\u0259ti art\u0131q y\u00fcks\u0259kliy\u0259 qalxm\u0131\u015fd\u0131lar, ancaq bir az arxada qalanlar da vard\u0131. Onlardan biri V\u0259zir Oruco-h\u0259mk\u0259ndlisi, rayonun Xoruzlu k\u0259ndind\u0259n olan Hafiz S\u0259f\u0259rov [&hellip;]<\/p>\n","protected":false},"author":2,"featured_media":0,"comment_status":"closed","ping_status":"closed","sticky":false,"template":"","format":"standard","meta":[],"categories":[39],"tags":[],"_links":{"self":[{"href":"https:\/\/yeniterter.az\/index.php?rest_route=\/wp\/v2\/posts\/24879"}],"collection":[{"href":"https:\/\/yeniterter.az\/index.php?rest_route=\/wp\/v2\/posts"}],"about":[{"href":"https:\/\/yeniterter.az\/index.php?rest_route=\/wp\/v2\/types\/post"}],"author":[{"embeddable":true,"href":"https:\/\/yeniterter.az\/index.php?rest_route=\/wp\/v2\/users\/2"}],"replies":[{"embeddable":true,"href":"https:\/\/yeniterter.az\/index.php?rest_route=%2Fwp%2Fv2%2Fcomments&post=24879"}],"version-history":[{"count":1,"href":"https:\/\/yeniterter.az\/index.php?rest_route=\/wp\/v2\/posts\/24879\/revisions"}],"predecessor-version":[{"id":24881,"href":"https:\/\/yeniterter.az\/index.php?rest_route=\/wp\/v2\/posts\/24879\/revisions\/24881"}],"wp:attachment":[{"href":"https:\/\/yeniterter.az\/index.php?rest_route=%2Fwp%2Fv2%2Fmedia&parent=24879"}],"wp:term":[{"taxonomy":"category","embeddable":true,"href":"https:\/\/yeniterter.az\/index.php?rest_route=%2Fwp%2Fv2%2Fcategories&post=24879"},{"taxonomy":"post_tag","embeddable":true,"href":"https:\/\/yeniterter.az\/index.php?rest_route=%2Fwp%2Fv2%2Ftags&post=24879"}],"curies":[{"name":"wp","href":"https:\/\/api.w.org\/{rel}","templated":true}]}}