{"id":24874,"date":"2023-05-08T08:22:27","date_gmt":"2023-05-08T05:22:27","guid":{"rendered":"https:\/\/yeniterter.az\/?p=24874"},"modified":"2023-05-08T08:30:29","modified_gmt":"2023-05-08T05:30:29","slug":"t%c9%99rt%c9%99rin-kuc%c9%99l%c9%99rind%c9%99n-biri-rasim-murs%c9%99lovun-adini-dasiyir","status":"publish","type":"post","link":"https:\/\/yeniterter.az\/?p=24874","title":{"rendered":"T\u0259rt\u0259rin k\u00fc\u00e7\u0259l\u0259rind\u0259n biri Rasim M\u00fcrs\u0259lovun ad\u0131n\u0131 da\u015f\u0131y\u0131r"},"content":{"rendered":"<p><img decoding=\"async\" loading=\"lazy\" class=\" wp-image-24875 alignleft\" src=\"https:\/\/yeniterter.az\/wp-content\/uploads\/01-69-209x300.jpg\" alt=\"\" width=\"104\" height=\"150\" srcset=\"https:\/\/yeniterter.az\/wp-content\/uploads\/01-69-209x300.jpg 209w, https:\/\/yeniterter.az\/wp-content\/uploads\/01-69-712x1024.jpg 712w, https:\/\/yeniterter.az\/wp-content\/uploads\/01-69-768x1104.jpg 768w, https:\/\/yeniterter.az\/wp-content\/uploads\/01-69-1068x1536.jpg 1068w, https:\/\/yeniterter.az\/wp-content\/uploads\/01-69.jpg 1098w\" sizes=\"(max-width: 104px) 100vw, 104px\" \/>Birinci Qaraba\u011f m\u00fcharib\u0259si \u015f\u0259hidi Rasim M\u00fcrs\u0259lov 1956-c\u0131 il may ay\u0131n\u0131n 17-d\u0259 T\u0259rt\u0259r \u015f\u0259h\u0259rind\u0259 anadan olub. Sad\u0259, z\u0259hm\u0259tke\u015f ail\u0259d\u0259 b\u00f6y\u00fcy\u00fcb. \u00d6z\u00fc d\u0259 m\u00fcxt\u0259lif pe\u015f\u0259l\u0259r\u0259, o c\u00fcml\u0259d\u0259n r\u0259ngsazl\u0131\u011fa, s\u00fcr\u00fcc\u00fcl\u00fcy\u0259 maraq g\u00f6st\u0259rib. Odur ki, 1972-1974-c\u00fc ill\u0259rd\u0259 ke\u00e7-mi\u015f Sovet Ordusu s\u0131ralar\u0131nda h\u0259rbi xidm\u0259tini ba\u015fa vurandan sonra Bak\u0131 \u015f\u0259h\u0259rind\u0259ki 48 n\u00f6mr\u0259li texniki pe\u015f\u0259 m\u0259kt\u0259bind\u0259 t\u0259hsil al\u0131b v\u0259 paytaxtda qal\u0131b i\u015fl\u0259yib.<br \/>\nLakin \u00f6t\u0259n \u0259srin 90-c\u0131 ill\u0259rinin \u0259vv\u0259lind\u0259 erm\u0259nil\u0259rin t\u00f6r\u0259tdikl\u0259ri t\u0259xribatlar n\u0259tic\u0259sind\u0259 rayonumuzda v\u0259ziyy\u0259t g\u0259rginl\u0259\u015f\u0259nd\u0259, Rasim T\u0259rt\u0259r\u0259 qay\u0131d\u0131b v\u0259 bir m\u00fcdd\u0259t s\u00fcr\u00fcc\u00fc i\u015fl\u0259yib. \u201cT\u0259rt\u0259r \u00d6z\u00fcn\u00fcm\u00fcdafi\u0259 Batalyonu\u201d yarad\u0131lark\u0259n k\u00f6n\u00fcll\u00fc olaraq h\u0259min batalyona yaz\u0131l\u0131b.<br \/>\nRasim M\u00fcrs\u0259lov Qaraba\u011f m\u00fcharib\u0259si tarixin\u0259 \u201cMarqu\u015fevan \u0259m\u0259liyyat\u0131\u201d ad\u0131 il\u0259 daxil olmu\u015f d\u00f6y\u00fc\u015f\u00fcn i\u015ftirak\u00e7\u0131s\u0131d\u0131r. H\u0259min d\u00f6y\u00fc\u015f 1992-ci il aprelin 10-da ba\u015flam\u0131\u015f v\u0259 2 g\u00fcn davam etmi\u015fdir. Batalyona yerli polis \u0259m\u0259kda\u015flar\u0131 v\u0259 m\u00fclki \u0259hali yax\u0131ndan k\u00f6m\u0259k edirdi. T\u0259rt\u0259rlil\u0259r q\u0259hr\u0259mancas\u0131na vuru\u015furdular.<!--more--> Q\u00fcvv\u0259l\u0259r is\u0259 qeyri-b\u0259rab\u0259r idi. Erm\u0259nil\u0259r rus havadarlar\u0131n\u0131n k\u00f6m\u0259yi il\u0259 texnika v\u0259 silah-sursatla t\u0259chiz edilmi\u015fdil\u0259r, biz t\u0259r\u0259fd\u0259 is\u0259 bunlar \u00e7at\u0131\u015fm\u0131rd\u0131. D\u00f6y\u00fc\u015f\u00e7\u00fcl\u0259rin \u00fcr\u0259yind\u0259ki V\u0259t\u0259n sevgisi onlar\u0131 ya\u011f\u0131 d\u00fc\u015fm\u0259nin \u00fcz\u0259rin\u0259 adi bir avtomatla apar\u0131rd\u0131.<br \/>\nRasim M\u00fcrs\u0259lov da q\u0259hr\u0259mancas\u0131na d\u00f6y\u00fc\u015f\u00fcr, qorxu bilm\u0259d\u0259n d\u00fc\u015fm\u0259nin \u00fcz\u0259rin\u0259 gedirdi. Lakin m\u00fcharib\u0259nin \u00f6z qanunlar\u0131 var. Bu \u0259m\u0259liyyat n\u0259tic\u0259sind\u0259 T\u0259rt\u0259r Batalyonu k\u0259ndi d\u00fc\u015f-m\u0259nl\u0259rd\u0259n azad ets\u0259 d\u0259, q\u00fcvv\u0259l\u0259rin qeyri-b\u0259rab\u0259rliyi v\u0259 h\u0259rbi texnikan\u0131n olmamas\u0131 \u00fcz\u00fcnd\u0259n al\u0131nm\u0131\u015f k\u0259ndi saxlamaq m\u00fcmk\u00fcn olmad\u0131. Onlar 7 h\u0259rb\u00e7i, 4 polis \u0259m\u0259kda\u015f\u0131, 6 m\u00fclki v\u0259t\u0259nda\u015f qurban ver\u0259r\u0259k geri \u00e7\u0259kilm\u0259li oldular. H\u0259min d\u00f6y\u00fc\u015fd\u0259 \u015f\u0259hidlik zirv\u0259sin\u0259 ucalanlardan biri d\u0259 Rasim M\u00fcrs\u0259lov idi.<br \/>\nQ\u0259dirbil\u0259n xalq\u0131m\u0131z \u015f\u0259hidl\u0259rin \u0259ziz xatir\u0259sini \u0259b\u0259di olaraq ya\u015fad\u0131r. T\u0259rt\u0259r \u015f\u0259h\u0259rinin k\u00fc\u00e7\u0259l\u0259rind\u0259n birin\u0259 Rasim M\u00fcrs\u0259lovun ad\u0131 verilib. N\u0259inki t\u0259rt\u0259rlil\u0259r, \u015f\u0259h\u0259rimizin qonaqlar\u0131 da bu k\u00fc\u00e7\u0259d\u0259n ke\u00e7\u0259rk\u0259n igid d\u00f6y\u00fc\u015f\u00e7\u00fcn\u00fcn xatir\u0259sini minn\u0259tdarl\u0131q hissi il\u0259 yad edirl\u0259r.<\/p>\n<p style=\"text-align: right;\"><em><strong>\u201cYEN\u0130 T\u018fRT\u018fR\u201d<\/strong><\/em><\/p>\n","protected":false},"excerpt":{"rendered":"<p>Birinci Qaraba\u011f m\u00fcharib\u0259si \u015f\u0259hidi Rasim M\u00fcrs\u0259lov 1956-c\u0131 il may ay\u0131n\u0131n 17-d\u0259 T\u0259rt\u0259r \u015f\u0259h\u0259rind\u0259 anadan olub. Sad\u0259, z\u0259hm\u0259tke\u015f ail\u0259d\u0259 b\u00f6y\u00fcy\u00fcb. \u00d6z\u00fc d\u0259 m\u00fcxt\u0259lif pe\u015f\u0259l\u0259r\u0259, o c\u00fcml\u0259d\u0259n r\u0259ngsazl\u0131\u011fa, s\u00fcr\u00fcc\u00fcl\u00fcy\u0259 maraq g\u00f6st\u0259rib. Odur ki, 1972-1974-c\u00fc ill\u0259rd\u0259 ke\u00e7-mi\u015f Sovet Ordusu s\u0131ralar\u0131nda h\u0259rbi xidm\u0259tini ba\u015fa vurandan sonra Bak\u0131 \u015f\u0259h\u0259rind\u0259ki 48 n\u00f6mr\u0259li texniki pe\u015f\u0259 m\u0259kt\u0259bind\u0259 t\u0259hsil al\u0131b v\u0259 paytaxtda qal\u0131b i\u015fl\u0259yib. [&hellip;]<\/p>\n","protected":false},"author":2,"featured_media":0,"comment_status":"closed","ping_status":"closed","sticky":false,"template":"","format":"standard","meta":[],"categories":[39],"tags":[],"_links":{"self":[{"href":"https:\/\/yeniterter.az\/index.php?rest_route=\/wp\/v2\/posts\/24874"}],"collection":[{"href":"https:\/\/yeniterter.az\/index.php?rest_route=\/wp\/v2\/posts"}],"about":[{"href":"https:\/\/yeniterter.az\/index.php?rest_route=\/wp\/v2\/types\/post"}],"author":[{"embeddable":true,"href":"https:\/\/yeniterter.az\/index.php?rest_route=\/wp\/v2\/users\/2"}],"replies":[{"embeddable":true,"href":"https:\/\/yeniterter.az\/index.php?rest_route=%2Fwp%2Fv2%2Fcomments&post=24874"}],"version-history":[{"count":3,"href":"https:\/\/yeniterter.az\/index.php?rest_route=\/wp\/v2\/posts\/24874\/revisions"}],"predecessor-version":[{"id":24878,"href":"https:\/\/yeniterter.az\/index.php?rest_route=\/wp\/v2\/posts\/24874\/revisions\/24878"}],"wp:attachment":[{"href":"https:\/\/yeniterter.az\/index.php?rest_route=%2Fwp%2Fv2%2Fmedia&parent=24874"}],"wp:term":[{"taxonomy":"category","embeddable":true,"href":"https:\/\/yeniterter.az\/index.php?rest_route=%2Fwp%2Fv2%2Fcategories&post=24874"},{"taxonomy":"post_tag","embeddable":true,"href":"https:\/\/yeniterter.az\/index.php?rest_route=%2Fwp%2Fv2%2Ftags&post=24874"}],"curies":[{"name":"wp","href":"https:\/\/api.w.org\/{rel}","templated":true}]}}