{"id":24855,"date":"2023-04-29T08:27:16","date_gmt":"2023-04-29T05:27:16","guid":{"rendered":"https:\/\/yeniterter.az\/?p=24855"},"modified":"2023-04-29T08:27:16","modified_gmt":"2023-04-29T05:27:16","slug":"icra-bascisi-must%c9%99qim-m%c9%99mm%c9%99dov-rayonun-k%c9%99ng%c9%99rli-k%c9%99ndind%c9%99-v%c9%99t%c9%99n-muharib%c9%99si-s%c9%99hidi-q%c9%99nb%c9%99r-q%c9%99nb%c9%99rlinin-ail%c9%99sini-ziyar%c9%99","status":"publish","type":"post","link":"https:\/\/yeniterter.az\/?p=24855","title":{"rendered":"\u0130cra ba\u015f\u00e7\u0131s\u0131 M\u00fcst\u0259qim M\u0259mm\u0259dov rayonun K\u0259ng\u0259rli k\u0259ndind\u0259 V\u0259t\u0259n m\u00fcharib\u0259si \u015f\u0259hidi Q\u0259nb\u0259r Q\u0259nb\u0259rlinin ail\u0259sini ziyar\u0259t edib"},"content":{"rendered":"<p><img decoding=\"async\" loading=\"lazy\" class=\" wp-image-24856 alignright\" src=\"https:\/\/yeniterter.az\/wp-content\/uploads\/a0739bfd702dc4dc37660e16e5dcee53-300x200.jpg\" alt=\"\" width=\"191\" height=\"127\" srcset=\"https:\/\/yeniterter.az\/wp-content\/uploads\/a0739bfd702dc4dc37660e16e5dcee53-300x200.jpg 300w, https:\/\/yeniterter.az\/wp-content\/uploads\/a0739bfd702dc4dc37660e16e5dcee53-1024x683.jpg 1024w, https:\/\/yeniterter.az\/wp-content\/uploads\/a0739bfd702dc4dc37660e16e5dcee53-768x512.jpg 768w, https:\/\/yeniterter.az\/wp-content\/uploads\/a0739bfd702dc4dc37660e16e5dcee53.jpg 1152w\" sizes=\"(max-width: 191px) 100vw, 191px\" \/>T\u0259rt\u0259r Rayon \u0130cra Hakimiyy\u0259tinin ba\u015f\u00e7\u0131s\u0131 M\u00fcst\u0259qim M\u0259mm\u0259dov S\u0259f\u0259rb\u0259rlik v\u0259 H\u0259rbi Xidm\u0259t\u0259 \u00c7a\u011f\u0131r\u0131\u015f \u00fczr\u0259 D\u00f6vl\u0259t Xidm\u0259tinin T\u0259rt\u0259r rayon \u015f\u00f6b\u0259sinin r\u0259isi El\u015f\u0259n Abdullayev v\u0259 YAP rayon T\u0259\u015fkilat\u0131n\u0131n s\u0259dri Eldar \u018fs\u0259dov birlikd\u0259\u00a0\u201cR\u0259\u015fad\u0259t\u201d ordenli, V\u0259t\u0259n m\u00fcharib\u0259si \u015f\u0259hidi\u00a0 Q\u0259nb\u0259r Q\u0259nb\u0259rlinin rayonun K\u0259ng\u0259rli k\u0259ndind\u0259 ya\u015fayan ail\u0259sind\u0259 olub, onlar\u0131n qay\u011f\u0131lar\u0131 il\u0259 maraqlan\u0131b.<\/p>\n<p>Rayon r\u0259hb\u0259ri bizi \u0259razi b\u00fct\u00f6vl\u00fcy\u00fcm\u00fcz\u0259 qovu\u015fduran, \u015eanl\u0131 Z\u0259f\u0259r tarixmizi yazan \u015f\u0259hidl\u0259rimizin xatir\u0259sinin he\u00e7 vaxt unudulmayaca\u011f\u0131n\u0131 bildirib, Q\u0259nb\u0259r Q\u0259nb\u0259rlinin ke\u00e7diyi \u015f\u0259r\u0259fli \u00f6m\u00fcr yoluna n\u0259z\u0259r sal\u0131b.<\/p>\n<p>Q\u0259nb\u0259r Q\u0259nb\u0259rli 1993-c\u00fc il sentyabr\u0131n 10-da T\u0259rt\u0259r rayonunun K\u0259ng\u0259rli k\u0259ndind\u0259 anadan olub.<\/p>\n<p>Az\u0259rbaycan Ordusunun ba\u015f leytenant\u0131 olan Q\u0259nb\u0259r 2020-ci il sentyabr\u0131n 27-d\u0259 Az\u0259rbaycan Silahl\u0131 Q\u00fcvv\u0259l\u0259ri t\u0259r\u0259find\u0259n Erm\u0259nistan i\u015f\u011fal\u0131 alt\u0131nda olan \u0259razil\u0259rin azad edilm\u0259si v\u0259 Az\u0259rbaycan\u0131n \u0259razi b\u00fct\u00f6vl\u00fcy\u00fcn\u00fcn b\u0259rpa olunmas\u0131 \u00fc\u00e7\u00fcn ba\u015flanan V\u0259t\u0259n m\u00fcharib\u0259si zaman\u0131 Murovda\u011f istiqam\u0259tind\u0259 ged\u0259n d\u00f6y\u00fc\u015fl\u0259rd\u0259 sava\u015f\u0131b. Sentyabr\u0131n 27-d\u0259 Murovda\u011f d\u00f6y\u00fc\u015fl\u0259ri zaman\u0131 \u015f\u0259hid olub. Uzun m\u00fcdd\u0259t n\u0259\u015fi tap\u0131la bilm\u0259yib. 22 may 2021-ci ild\u0259 n\u0259\u015fi tap\u0131l\u0131b v\u0259 ail\u0259sin\u0259 t\u0259hvil verilib.<!--more--><\/p>\n<p>T\u0259rt\u0259r rayonunun K\u0259ng\u0259rli k\u0259ndind\u0259 d\u0259fn olunub.<\/p>\n<p>Sa\u011fl\u0131\u011f\u0131nda\u00a0 &#8220;Az\u0259rbaycan Ordusunun 100 illiyi&#8221; yubiley medal\u0131 il\u0259 t\u0259ltif olunmu\u015f q\u0259hr\u0259man ba\u015f leytenant\u0131m\u0131z Q\u0259nb\u0259r Q\u0259nb\u0259rli Az\u0259rbaycan\u0131n \u0259razi b\u00fct\u00f6vl\u00fcy\u00fcn\u00fcn t\u0259min edilm\u0259si u\u011frunda d\u00f6y\u00fc\u015f \u0259m\u0259liyyatlar\u0131na qat\u0131lan v\u0259 h\u0259rbi hiss\u0259 qar\u015f\u0131s\u0131nda qoyulmu\u015f tap\u015f\u0131r\u0131qlar\u0131n icras\u0131 zaman\u0131 v\u0259zif\u0259 borcunu \u015f\u0259r\u0259fl\u0259 yerin\u0259 yetirdiyi \u00fc\u00e7\u00fcn Az\u0259rbaycan Respublikas\u0131n\u0131n Prezidenti c\u0259nab \u0130lham \u018fliyevin m\u00fcvafiq S\u0259r\u0259ncamlar\u0131na \u0259sas\u0259n \u00f6l\u00fcm\u00fcnd\u0259n sonra 3 d\u0259r\u0259c\u0259li \u201cR\u0259\u015fad\u0259t\u201d ordeni, &#8220;V\u0259t\u0259n u\u011frunda&#8221;, &#8220;\u015e\u00fcca\u0259t\u0259 g\u00f6r\u0259&#8221; v\u0259 \u201cK\u0259lb\u0259c\u0259rin azad olunmas\u0131na g\u00f6r\u0259\u201d medallar\u0131 il\u0259 t\u0259ltif edilib. Ail\u0259liydi. Bir \u00f6vlad\u0131 yadigar qal\u0131b.<\/p>\n<p>\u201cR\u0259\u015fad\u0259t\u201d ordenli Q\u0259nb\u0259r Q\u0259nb\u0259rlinin xatir\u0259sin\u0259 ehtiram \u0259lam\u0259ti olaraq onun ad\u0131 \u0259b\u0259dil\u0259\u015fdirilib. Rayon m\u0259rk\u0259zind\u0259 v\u0259 do\u011fuldu\u011fu k\u0259ndd\u0259 ad\u0131na k\u00fc\u00e7\u0259 verilib, k\u0259ndd\u0259 \u015f\u0259hidl\u0259rin xatir\u0259sin\u0259 ucald\u0131lm\u0131\u015f abid\u0259 kompleksin\u0259 onun da \u015f\u0259kli h\u0259kk olunub.<\/p>\n<p>\u015e\u0259hidin ail\u0259 \u00fczvl\u0259ri onlara g\u00f6st\u0259ril\u0259n diqq\u0259t v\u0259 qay\u011f\u0131ya g\u00f6r\u0259 Az\u0259rbaycan Respublikas\u0131n\u0259n Prezidenti c\u0259nab \u0130lham \u018fliyev\u0259 v\u0259 Birinci vitse-prezident Mehriban xan\u0131m \u018fliyevaya \u00f6z\u00a0 minnn\u0259tdarl\u0131qlar\u0131n\u0131 bildiribl\u0259r.<\/p>\n<p>Allah b\u00fct\u00fcn \u015f\u0259hidl\u0259rmiz\u0259 r\u0259hm\u0259t, qazil\u0259rimiz\u0259, veteranlar\u0131m\u0131za is\u0259 can sa\u011fl\u0131\u011f\u0131\u00a0 versin!<\/p>\n<p>&nbsp;<\/p>\n","protected":false},"excerpt":{"rendered":"<p>T\u0259rt\u0259r Rayon \u0130cra Hakimiyy\u0259tinin ba\u015f\u00e7\u0131s\u0131 M\u00fcst\u0259qim M\u0259mm\u0259dov S\u0259f\u0259rb\u0259rlik v\u0259 H\u0259rbi Xidm\u0259t\u0259 \u00c7a\u011f\u0131r\u0131\u015f \u00fczr\u0259 D\u00f6vl\u0259t Xidm\u0259tinin T\u0259rt\u0259r rayon \u015f\u00f6b\u0259sinin r\u0259isi El\u015f\u0259n Abdullayev v\u0259 YAP rayon T\u0259\u015fkilat\u0131n\u0131n s\u0259dri Eldar \u018fs\u0259dov birlikd\u0259\u00a0\u201cR\u0259\u015fad\u0259t\u201d ordenli, V\u0259t\u0259n m\u00fcharib\u0259si \u015f\u0259hidi\u00a0 Q\u0259nb\u0259r Q\u0259nb\u0259rlinin rayonun K\u0259ng\u0259rli k\u0259ndind\u0259 ya\u015fayan ail\u0259sind\u0259 olub, onlar\u0131n qay\u011f\u0131lar\u0131 il\u0259 maraqlan\u0131b. Rayon r\u0259hb\u0259ri bizi \u0259razi b\u00fct\u00f6vl\u00fcy\u00fcm\u00fcz\u0259 qovu\u015fduran, \u015eanl\u0131 Z\u0259f\u0259r tarixmizi yazan [&hellip;]<\/p>\n","protected":false},"author":2,"featured_media":0,"comment_status":"closed","ping_status":"closed","sticky":false,"template":"","format":"standard","meta":[],"categories":[39],"tags":[],"_links":{"self":[{"href":"https:\/\/yeniterter.az\/index.php?rest_route=\/wp\/v2\/posts\/24855"}],"collection":[{"href":"https:\/\/yeniterter.az\/index.php?rest_route=\/wp\/v2\/posts"}],"about":[{"href":"https:\/\/yeniterter.az\/index.php?rest_route=\/wp\/v2\/types\/post"}],"author":[{"embeddable":true,"href":"https:\/\/yeniterter.az\/index.php?rest_route=\/wp\/v2\/users\/2"}],"replies":[{"embeddable":true,"href":"https:\/\/yeniterter.az\/index.php?rest_route=%2Fwp%2Fv2%2Fcomments&post=24855"}],"version-history":[{"count":1,"href":"https:\/\/yeniterter.az\/index.php?rest_route=\/wp\/v2\/posts\/24855\/revisions"}],"predecessor-version":[{"id":24857,"href":"https:\/\/yeniterter.az\/index.php?rest_route=\/wp\/v2\/posts\/24855\/revisions\/24857"}],"wp:attachment":[{"href":"https:\/\/yeniterter.az\/index.php?rest_route=%2Fwp%2Fv2%2Fmedia&parent=24855"}],"wp:term":[{"taxonomy":"category","embeddable":true,"href":"https:\/\/yeniterter.az\/index.php?rest_route=%2Fwp%2Fv2%2Fcategories&post=24855"},{"taxonomy":"post_tag","embeddable":true,"href":"https:\/\/yeniterter.az\/index.php?rest_route=%2Fwp%2Fv2%2Ftags&post=24855"}],"curies":[{"name":"wp","href":"https:\/\/api.w.org\/{rel}","templated":true}]}}