{"id":24850,"date":"2023-04-28T13:12:05","date_gmt":"2023-04-28T10:12:05","guid":{"rendered":"https:\/\/yeniterter.az\/?p=24850"},"modified":"2023-04-28T13:12:43","modified_gmt":"2023-04-28T10:12:43","slug":"heyd%c9%99r-%c9%99liyev-ili-2023-8","status":"publish","type":"post","link":"https:\/\/yeniterter.az\/?p=24850","title":{"rendered":"Heyd\u0259r \u018fliyev ili\u20132023"},"content":{"rendered":"<p style=\"text-align: center;\"><strong>XALQIN ULU \u00d6ND\u018fR\u018f OLAN M\u018fH\u018fBB\u018fT\u0130 SONSUZDUR<\/strong><\/p>\n<p><img decoding=\"async\" loading=\"lazy\" class=\"size-full wp-image-24842 alignright\" src=\"https:\/\/yeniterter.az\/wp-content\/uploads\/images-57.jpg\" alt=\"\" width=\"272\" height=\"185\" \/>Ulu \u00d6nd\u0259rimiz Heyd\u0259r \u018fliyev Az\u0259rbaycan\u0131n d\u00f6vl\u0259t m\u00fcst\u0259qilliyinin m\u00f6hk\u0259ml\u0259ndirilm\u0259si namin\u0259 konkret, m\u0259qs\u0259dy\u00f6nl\u00fc, u\u011furlu siyas\u0259t aparm\u0131\u015f v\u0259 Az\u0259rbaycan v\u0259t\u0259nda\u015flar\u0131 bunun m\u00fcqabilind\u0259 firavan h\u0259yat s\u00fcrm\u0259kd\u0259dirl\u0259r. H\u0259l\u0259 D\u00f6vl\u0259t T\u0259hl\u00fck\u0259sizlik Komit\u0259sind\u0259 f\u0259aliyy\u0259t g\u00f6st\u0259r\u0259rk\u0259n Az\u0259rbaycan xalq\u0131na xidm\u0259t etm\u0259k Heyd\u0259r \u018fliyevin amal\u0131, onun \u0259n \u00fcmd\u0259 v\u0259zif\u0259l\u0259rind\u0259n biri olmu\u015fdur.<br \/>\n1969-cu ild\u0259n, Az\u0259rbaycana r\u0259hb\u0259rlik etdiyi birinci d\u00f6vrd\u0259n Ulu \u00d6nd\u0259rin i\u015fg\u00fczar f\u0259aliyy\u0259tinin b\u0259hr\u0259l\u0259rini Az\u0259rbaycan v\u0259t\u0259nda\u015flar\u0131 \u00f6z h\u0259yatlar\u0131nda yax\u0131ndan hiss etmi\u015fl\u0259r. Bu nailiyy\u0259tl\u0259ri sadalamaqla bit\u0259n deyil.<br \/>\n\u015eirvan zonas\u0131nda olan \u015foran torpaqlarda m\u00fcnbit \u015f\u0259rait yarad\u0131ld\u0131. Bak\u0131 Kondinsionerl\u0259r Zavodunun a\u00e7\u0131lmas\u0131na g\u00f6r\u0259 Ukrayna d\u00f6vl\u0259ti 2 il Az\u0259rbaycanla incik v\u0259ziyy\u0259td\u0259 qald\u0131. \u00c7\u00fcnki h\u0259min kondinsionerl\u0259r zavodu Ukraynada a\u00e7\u0131lmal\u0131 idi. Lakin, Ulu \u00d6nd\u0259rin s\u0259yi n\u0259tic\u0259sind\u0259 h\u0259min m\u00fc\u0259ssis\u0259 m\u0259hz Bak\u0131da a\u00e7\u0131ld\u0131.<br \/>\n1978-ci ild\u0259 Az\u0259rbaycan Konstitusiyas\u0131 q\u0259bul edildi. Ulu \u00d6nd\u0259r \u00f6z xatir\u0259l\u0259rind\u0259 bu-nunla ba\u011fl\u0131 bel\u0259 qeyd edirdi: \u201cM\u0259ni o vaxt SSR\u0130-nin r\u0259hb\u0259rl\u0259rind\u0259n biri Ponomaryov yan\u0131na \u00e7a\u011f\u0131rtd\u0131r\u0131b dedi ki, Qaraba\u011fda ya\u015fayan erm\u0259nil\u0259r\u0259 ayr\u0131ca x\u00fcsusi bir status verm\u0259k laz\u0131md\u0131r\u201d. 2 g\u00fcn sonra Az\u0259rbaycan Konstitusiyas\u0131 q\u0259bul edilm\u0259li idi. Ulu \u00d6nd\u0259r bu t\u0259klifd\u0259n d\u0259rhal sonra bir g\u00fcn\u00fcn i\u00e7\u0259risind\u0259 Sov.\u0130KP MK-n\u0131n Ba\u015f Katibi Brejnev il\u0259 g\u00f6r\u00fc\u015f\u00fcb bu m\u0259s\u0259l\u0259ni m\u00fcsb\u0259t h\u0259ll etdi.<!--more--><br \/>\nUlu \u00d6nd\u0259rin Az\u0259rbaycana prinsipial ba\u011fl\u0131l\u0131\u011f\u0131 SSR\u0130-nin r\u0259hb\u0259ri Qorba\u00e7ova s\u0259rf etm\u0259diyi \u00fc\u00e7\u00fcn Heyd\u0259r \u018fliyevi siyasi hakimiyy\u0259td\u0259n uzaqla\u015fd\u0131rd\u0131. Bu hadis\u0259d\u0259n c\u0259mi on be\u015f g\u00fcn ke\u00e7m\u0259mi\u015fdi ki, satq\u0131n Qorba\u00e7ov Qaraba\u011f problemini t\u0259\u015fkil etdi. O vaxtk\u0131 Az\u0259rbaycan r\u0259hb\u0259rl\u0259ri olan V\u0259zirov, M\u00fct\u0259llibov bu m\u0259s\u0259l\u0259d\u0259 d\u00fczg\u00fcn m\u00f6vqe tutmad\u0131lar. N\u0259tic\u0259d\u0259 20 Yanvar hadis\u0259l\u0259ri ba\u015f verdi. Yanvar q\u0131r\u011f\u0131n\u0131na s\u0259rt reaksiya ver\u0259n Heyd\u0259r \u018fliyev SSR\u0130 hakimiyy\u0259tini, Qorba\u00e7ovu h\u0259min anda pisl\u0259di, g\u00fcnahland\u0131rd\u0131, bir s\u00f6zl\u0259, Az\u0259rbaycana olan s\u0259daq\u0259tini n\u00fcmayi\u015f etdirdi.<br \/>\n1993-c\u00fc ild\u0259 Az\u0259rbaycanda ba\u015f ver\u0259n v\u0259t\u0259nda\u015f m\u00fcharib\u0259sind\u0259n t\u0259\u015fvi\u015f\u0259 d\u00fc\u015f\u0259n AXC-m\u00fcsavat c\u00fctl\u00fcy\u00fcnd\u0259n ibar\u0259t olan Az\u0259rbaycan hakimiyy\u0259ti yenid\u0259n \u00fczl\u0259rini israrla xilaskar Heyd\u0259r \u018fliyev\u0259 tutdular. Onlar\u0131n t\u0259kidli xahi\u015fi il\u0259 Heyd\u0259r \u018fliyev Az\u0259rbaycan xalq\u0131na olan m\u0259h\u0259bb\u0259tini n\u0259z\u0259r\u0259 al\u0131b, Bak\u0131ya qay\u0131td\u0131 v\u0259 xalq\u0131m\u0131z\u0131n \u00fcmidini do\u011fruldaraq, m\u00fcst\u0259qil Az\u0259rbaycan\u0131m\u0131za Prezident se\u00e7ildi.<br \/>\n1993-1998-ci ill\u0259rd\u0259 2 d\u0259f\u0259 ke\u00e7iril\u0259n Prezident se\u00e7kil\u0259rind\u0259 qalib olan Heyd\u0259r \u018fliyev f\u0259aliyy\u0259ti d\u00f6vr\u00fcnd\u0259 Az\u0259rbaycana s\u0259daq\u0259tl\u0259 xidm\u0259t g\u00f6st\u0259rmi\u015fdir. Bunun n\u0259tic\u0259sind\u0259 Az\u0259rbaycan n\u00fcmun\u0259vi demokratik \u00f6lk\u0259 kimi d\u00fcnyan\u0131n bir \u00e7ox \u00f6lk\u0259l\u0259rin\u0259 \u00f6rn\u0259kdir.<br \/>\n\u00dcmumiyy\u0259tl\u0259, Heyd\u0259r \u018fliyevin h\u0259yat\u0131na diqq\u0259tl\u0259 yana\u015fsaq g\u00f6r\u0259rik ki, onun i\u015fg\u00fczar, yorulmaq bilm\u0259y\u0259n f\u0259aliyy\u0259ti Az\u0259rbaycan\u0131n b\u00fct\u00fcn sah\u0259l\u0259rin\u0259, o c\u00fcml\u0259d\u0259n iqtisadiyyat\u0131na, m\u0259d\u0259niyy\u0259tin\u0259, t\u0259hsilin\u0259 v\u0259 sair sah\u0259l\u0259rin\u0259 \u00f6z m\u00fcsb\u0259t t\u0259sirini g\u00f6st\u0259rmi\u015fdir.<br \/>\n1994-c\u00fc ild\u0259, \u018fsrin Kontrakt\u0131n\u0131n ger\u00e7\u0259kl\u0259\u015fdirildiyi zamanda \u00f6lk\u0259d\u0259 ba\u015f ver\u0259n sui q\u0259sdl\u0259r Ulu \u00d6nd\u0259rin irad\u0259sini s\u0131nd\u0131ra bilm\u0259mi\u015fdir. V\u0259 h\u0259tta d\u00f6vl\u0259t \u00e7evrili\u015fin\u0259 c\u0259hdl\u0259r d\u0259 onun \u0259zmini sars\u0131da bilm\u0259mi\u015fdir, \u0259ksin\u0259, d\u00f6vl\u0259t \u00e7evrili\u015finin qar\u015f\u0131s\u0131n\u0131 ald\u0131\u011f\u0131 \u00fc\u00e7\u00fcn Heyd\u0259r \u018fliyev xalq\u0131m\u0131z\u0131n g\u00f6z\u00fcnd\u0259 daha da ucald\u0131 v\u0259 ona xalq\u0131m\u0131z\u0131n m\u0259h\u0259bb\u0259ti v\u0259 g\u00fcv\u0259ni daha da artd\u0131.<br \/>\nHeyd\u0259r \u018fliyevin Az\u0259rbaycana \u0259n b\u00f6y\u00fck h\u0259diyy\u0259si onun siyasi varisi, m\u00f6ht\u0259r\u0259m Prezidentimiz \u0130lham \u018fliyevdir. Az\u0259rbaycan Respublikas\u0131n\u0131n Prezidenti olan m\u00f6ht\u0259r\u0259m \u0130lham \u018fliyev ata v\u0259siyy\u0259tini yerin\u0259 yetir\u0259r\u0259k 30 ild\u0259n art\u0131q i\u015f\u011fal alt\u0131nda olan torpaqlar\u0131m\u0131z\u0131 azad etdi, Az\u0259rbaycan\u0131n ba\u015f\u0131n\u0131 d\u00fcnyada uca etdi. B\u0259li, Az\u0259rbaycan xalq\u0131 Heyd\u0259r \u018fliyevi \u00f6z\u00fcn\u0259 \u00dcmummilli Lider se\u00e7m\u0259kl\u0259 s\u0259hv etm\u0259mi\u015fdir. Az\u0259rbaycan xalq\u0131 daima Ulu \u00d6nd\u0259rimizi xat\u0131rlayacaq v\u0259 onunla q\u00fcrur hissi ke\u00e7ir\u0259c\u0259k.<\/p>\n<p style=\"text-align: right;\"><em><strong>\u0130rad\u0259 R\u0259fiyeva, <\/strong><\/em><br \/>\n<em><strong>T\u0259rt\u0259r Rayon Statistika \u0130dar\u0259sinin r\u0259is m\u00fcavini<\/strong><\/em><\/p>\n<p>&nbsp;<\/p>\n","protected":false},"excerpt":{"rendered":"<p>XALQIN ULU \u00d6ND\u018fR\u018f OLAN M\u018fH\u018fBB\u018fT\u0130 SONSUZDUR Ulu \u00d6nd\u0259rimiz Heyd\u0259r \u018fliyev Az\u0259rbaycan\u0131n d\u00f6vl\u0259t m\u00fcst\u0259qilliyinin m\u00f6hk\u0259ml\u0259ndirilm\u0259si namin\u0259 konkret, m\u0259qs\u0259dy\u00f6nl\u00fc, u\u011furlu siyas\u0259t aparm\u0131\u015f v\u0259 Az\u0259rbaycan v\u0259t\u0259nda\u015flar\u0131 bunun m\u00fcqabilind\u0259 firavan h\u0259yat s\u00fcrm\u0259kd\u0259dirl\u0259r. H\u0259l\u0259 D\u00f6vl\u0259t T\u0259hl\u00fck\u0259sizlik Komit\u0259sind\u0259 f\u0259aliyy\u0259t g\u00f6st\u0259r\u0259rk\u0259n Az\u0259rbaycan xalq\u0131na xidm\u0259t etm\u0259k Heyd\u0259r \u018fliyevin amal\u0131, onun \u0259n \u00fcmd\u0259 v\u0259zif\u0259l\u0259rind\u0259n biri olmu\u015fdur. 1969-cu ild\u0259n, Az\u0259rbaycana r\u0259hb\u0259rlik etdiyi birinci d\u00f6vrd\u0259n Ulu [&hellip;]<\/p>\n","protected":false},"author":2,"featured_media":0,"comment_status":"closed","ping_status":"closed","sticky":false,"template":"","format":"standard","meta":[],"categories":[10],"tags":[],"_links":{"self":[{"href":"https:\/\/yeniterter.az\/index.php?rest_route=\/wp\/v2\/posts\/24850"}],"collection":[{"href":"https:\/\/yeniterter.az\/index.php?rest_route=\/wp\/v2\/posts"}],"about":[{"href":"https:\/\/yeniterter.az\/index.php?rest_route=\/wp\/v2\/types\/post"}],"author":[{"embeddable":true,"href":"https:\/\/yeniterter.az\/index.php?rest_route=\/wp\/v2\/users\/2"}],"replies":[{"embeddable":true,"href":"https:\/\/yeniterter.az\/index.php?rest_route=%2Fwp%2Fv2%2Fcomments&post=24850"}],"version-history":[{"count":1,"href":"https:\/\/yeniterter.az\/index.php?rest_route=\/wp\/v2\/posts\/24850\/revisions"}],"predecessor-version":[{"id":24851,"href":"https:\/\/yeniterter.az\/index.php?rest_route=\/wp\/v2\/posts\/24850\/revisions\/24851"}],"wp:attachment":[{"href":"https:\/\/yeniterter.az\/index.php?rest_route=%2Fwp%2Fv2%2Fmedia&parent=24850"}],"wp:term":[{"taxonomy":"category","embeddable":true,"href":"https:\/\/yeniterter.az\/index.php?rest_route=%2Fwp%2Fv2%2Fcategories&post=24850"},{"taxonomy":"post_tag","embeddable":true,"href":"https:\/\/yeniterter.az\/index.php?rest_route=%2Fwp%2Fv2%2Ftags&post=24850"}],"curies":[{"name":"wp","href":"https:\/\/api.w.org\/{rel}","templated":true}]}}