{"id":24846,"date":"2023-04-28T12:55:38","date_gmt":"2023-04-28T09:55:38","guid":{"rendered":"https:\/\/yeniterter.az\/?p=24846"},"modified":"2023-04-28T12:55:38","modified_gmt":"2023-04-28T09:55:38","slug":"ulu-ond%c9%99r-heyd%c9%99r-%c9%99liyevin-irsi-milli-s%c9%99rv%c9%99timizdir","status":"publish","type":"post","link":"https:\/\/yeniterter.az\/?p=24846","title":{"rendered":"\u201cUlu \u00d6nd\u0259r Heyd\u0259r \u018fliyevin irsi milli s\u0259rv\u0259timizdir\u201d"},"content":{"rendered":"<p><img decoding=\"async\" loading=\"lazy\" class=\" wp-image-24847 alignright\" src=\"https:\/\/yeniterter.az\/wp-content\/uploads\/f23033bb24bfe54230c706d69e7c9747-300x200.jpg\" alt=\"\" width=\"194\" height=\"129\" srcset=\"https:\/\/yeniterter.az\/wp-content\/uploads\/f23033bb24bfe54230c706d69e7c9747-300x200.jpg 300w, https:\/\/yeniterter.az\/wp-content\/uploads\/f23033bb24bfe54230c706d69e7c9747-1024x683.jpg 1024w, https:\/\/yeniterter.az\/wp-content\/uploads\/f23033bb24bfe54230c706d69e7c9747-768x512.jpg 768w, https:\/\/yeniterter.az\/wp-content\/uploads\/f23033bb24bfe54230c706d69e7c9747.jpg 1152w\" sizes=\"(max-width: 194px) 100vw, 194px\" \/>T\u0259rt\u0259r Rayon \u0130cra Hakimiyy\u0259tinin, YAP rayon t\u0259\u015fkilat\u0131n\u0131n v\u0259 B\u00f6lg\u0259 T\u0259cr\u00fcb\u0259 Stansiyas\u0131n\u0131n t\u0259\u015fkilat\u00e7\u0131l\u0131\u011f\u0131 il\u0259 YAP rayon t\u0259\u015fkilat\u0131n\u0131n inzibati binas\u0131nda \u00dcmummilli Lider Heyd\u0259r \u018fliyevin 100 illik yubileyin\u0259 h\u0259sr olunmu\u015f \u201cUlu \u00d6nd\u0259r Heyd\u0259r \u018fliyevin irsi milli s\u0259rv\u0259timizdir\u201d m\u00f6vzusunda \u201cd\u0259yirmi masa\u201d ke\u00e7irilib.<br \/>\n\u201cD\u0259yirmi masa\u201dda T\u0259rt\u0259r rayon \u0130cra Hakimiyy\u0259tinin, YAP rayon t\u0259\u015fkilat\u0131n\u0131n n\u00fcmay\u0259nd\u0259l\u0259ri v\u0259 B\u00f6lg\u0259 T\u0259cr\u00fcb\u0259 Stansiyas\u0131n\u0131n kollektivi i\u015ftirak edibl\u0259r.<br \/>\nT\u0259dbir i\u015ftirak\u00e7\u0131lar\u0131 \u0259vv\u0259lc\u0259 Ulu \u00d6nd\u0259rin xatir\u0259sin\u0259 ehtiram \u0259lam\u0259ti olaraq onun abid\u0259si \u00f6n\u00fcn\u0259 g\u00fcl d\u0259st\u0259l\u0259ri d\u00fcz\u00fcbl\u0259r.<br \/>\nSonra \u201cd\u0259yirmi masa\u201d \u0259traf\u0131nda davam ed\u0259n t\u0259dbird\u0259 \u00dcmummilli Liderin v\u0259 torpaqlar\u0131m\u0131z\u0131n \u0259razi b\u00fct\u00f6vl\u00fcy\u00fc u\u011frunda h\u0259lak olmu\u015f \u015f\u0259hidl\u0259rin xatir\u0259si bir d\u0259qiq\u0259lik s\u00fckutla yad edilib.<br \/>\n\u201cD\u0259yirmi masa\u201dda i\u015ftirak ed\u0259n T\u0259rt\u0259r R\u0130HB aparat\u0131n\u0131n \u0130ctimai-siyasi v\u0259 humanitar m\u0259s\u0259l\u0259l\u0259r \u015f\u00f6b\u0259sinin m\u00fcdir m\u00fcavini Zabil Pa\u015fayev rayonda Ulu \u00d6nd\u0259rin 100 illik yubileyi il\u0259 ba\u011fl\u0131 ke\u00e7iril\u0259n t\u0259dbirl\u0259rd\u0259n dan\u0131\u015f\u0131b.<!--more--><br \/>\nYeni Az\u0259rbaycan Partiyas\u0131 rayon t\u0259\u015fkilat\u0131n\u0131n \u0259m\u0259kda\u015f\u0131 \u018fli Pa\u015fayev, B\u00f6lg\u0259 T\u0259cr\u00fcb\u0259 Stansiyas\u0131n\u0131n direktoru R\u0259\u015fad Familzad\u0259, aqrotexnik May\u0131l M\u0259h\u0259rr\u0259mov, \u015f\u00f6b\u0259 m\u00fcdiri Ziy\u0259ddin Mehdiyev v\u0259 aqronom Z\u0259min\u0259 Qas\u0131mova \u00e7\u0131x\u0131\u015f ed\u0259r\u0259k, Az\u0259rbaycan tarixinin Heyd\u0259r \u018fliyev d\u00f6vr\u00fcn\u00fcn t\u0259kc\u0259 s\u00fcr\u0259tli inki\u015faf, y\u00fcks\u0259li\u015f anlay\u0131\u015flar\u0131 il\u0259 s\u0259ciyy\u0259l\u0259nm\u0259diyini, mahiyy\u0259tc\u0259 yeni tarixin formala\u015fmas\u0131 kimi tarix\u0259 h\u0259kk olundu\u011funu vur\u011fulay\u0131blar.<\/p>\n","protected":false},"excerpt":{"rendered":"<p>T\u0259rt\u0259r Rayon \u0130cra Hakimiyy\u0259tinin, YAP rayon t\u0259\u015fkilat\u0131n\u0131n v\u0259 B\u00f6lg\u0259 T\u0259cr\u00fcb\u0259 Stansiyas\u0131n\u0131n t\u0259\u015fkilat\u00e7\u0131l\u0131\u011f\u0131 il\u0259 YAP rayon t\u0259\u015fkilat\u0131n\u0131n inzibati binas\u0131nda \u00dcmummilli Lider Heyd\u0259r \u018fliyevin 100 illik yubileyin\u0259 h\u0259sr olunmu\u015f \u201cUlu \u00d6nd\u0259r Heyd\u0259r \u018fliyevin irsi milli s\u0259rv\u0259timizdir\u201d m\u00f6vzusunda \u201cd\u0259yirmi masa\u201d ke\u00e7irilib. \u201cD\u0259yirmi masa\u201dda T\u0259rt\u0259r rayon \u0130cra Hakimiyy\u0259tinin, YAP rayon t\u0259\u015fkilat\u0131n\u0131n n\u00fcmay\u0259nd\u0259l\u0259ri v\u0259 B\u00f6lg\u0259 T\u0259cr\u00fcb\u0259 Stansiyas\u0131n\u0131n kollektivi i\u015ftirak edibl\u0259r. [&hellip;]<\/p>\n","protected":false},"author":2,"featured_media":0,"comment_status":"closed","ping_status":"closed","sticky":false,"template":"","format":"standard","meta":[],"categories":[10],"tags":[],"_links":{"self":[{"href":"https:\/\/yeniterter.az\/index.php?rest_route=\/wp\/v2\/posts\/24846"}],"collection":[{"href":"https:\/\/yeniterter.az\/index.php?rest_route=\/wp\/v2\/posts"}],"about":[{"href":"https:\/\/yeniterter.az\/index.php?rest_route=\/wp\/v2\/types\/post"}],"author":[{"embeddable":true,"href":"https:\/\/yeniterter.az\/index.php?rest_route=\/wp\/v2\/users\/2"}],"replies":[{"embeddable":true,"href":"https:\/\/yeniterter.az\/index.php?rest_route=%2Fwp%2Fv2%2Fcomments&post=24846"}],"version-history":[{"count":1,"href":"https:\/\/yeniterter.az\/index.php?rest_route=\/wp\/v2\/posts\/24846\/revisions"}],"predecessor-version":[{"id":24848,"href":"https:\/\/yeniterter.az\/index.php?rest_route=\/wp\/v2\/posts\/24846\/revisions\/24848"}],"wp:attachment":[{"href":"https:\/\/yeniterter.az\/index.php?rest_route=%2Fwp%2Fv2%2Fmedia&parent=24846"}],"wp:term":[{"taxonomy":"category","embeddable":true,"href":"https:\/\/yeniterter.az\/index.php?rest_route=%2Fwp%2Fv2%2Fcategories&post=24846"},{"taxonomy":"post_tag","embeddable":true,"href":"https:\/\/yeniterter.az\/index.php?rest_route=%2Fwp%2Fv2%2Ftags&post=24846"}],"curies":[{"name":"wp","href":"https:\/\/api.w.org\/{rel}","templated":true}]}}