{"id":24829,"date":"2023-04-28T12:36:32","date_gmt":"2023-04-28T09:36:32","guid":{"rendered":"https:\/\/yeniterter.az\/?p=24829"},"modified":"2023-04-28T12:36:59","modified_gmt":"2023-04-28T09:36:59","slug":"ulu-ond%c9%99r-heyd%c9%99r-%c9%99liyev-v%c9%99-humanitar-diplomatiya","status":"publish","type":"post","link":"https:\/\/yeniterter.az\/?p=24829","title":{"rendered":"ULU \u00d6ND\u018fR HEYD\u018fR \u018fL\u0130YEV  V\u018f HUMAN\u0130TAR  D\u0130PLOMAT\u0130YA"},"content":{"rendered":"<p><img decoding=\"async\" loading=\"lazy\" class=\"wp-image-24830 alignright\" src=\"https:\/\/yeniterter.az\/wp-content\/uploads\/2c3c3d1a2f9fadb309502d79f2fec009-1-300x225.jpg\" alt=\"\" width=\"215\" height=\"161\" srcset=\"https:\/\/yeniterter.az\/wp-content\/uploads\/2c3c3d1a2f9fadb309502d79f2fec009-1-300x225.jpg 300w, https:\/\/yeniterter.az\/wp-content\/uploads\/2c3c3d1a2f9fadb309502d79f2fec009-1-1024x768.jpg 1024w, https:\/\/yeniterter.az\/wp-content\/uploads\/2c3c3d1a2f9fadb309502d79f2fec009-1-768x576.jpg 768w, https:\/\/yeniterter.az\/wp-content\/uploads\/2c3c3d1a2f9fadb309502d79f2fec009-1.jpg 1156w\" sizes=\"(max-width: 215px) 100vw, 215px\" \/>T\u0259rt\u0259r Rayon \u0130cra Hakimiyy\u0259tinin, YAP rayon t\u0259\u015fkilat\u0131n\u0131n v\u0259 \u201cQ\u0131z\u0131l Aypara\u201d C\u0259miyy\u0259tinin T\u0259rt\u0259r rayon b\u00f6lm\u0259sinin t\u0259\u015fkilat\u00e7\u0131l\u0131\u011f\u0131 il\u0259 YAP rayon t\u0259\u015fkilat\u0131n\u0131n inzibati binas\u0131nda \u00dcmummilli Lider Heyd\u0259r \u018fliyevin 100 illik yubileyin\u0259 h\u0259sr olunmu\u015f \u201cUlu \u00d6nd\u0259r Heyd\u0259r \u018fliyev v\u0259 humanitar diplomatiya\u201d m\u00f6vzusunda \u201cd\u0259yirmi masa\u201d ke\u00e7irilib.<br \/>\n\u201cD\u0259yirmi masa\u201d da T\u0259rt\u0259r rayon \u0130cra Hakimiyy\u0259ti Ba\u015f\u00e7\u0131s\u0131 aparat\u0131n\u0131n, YAP rayon t\u0259\u015fkilat\u0131n\u0131n \u0259m\u0259kda\u015flar\u0131, \u201cQ\u0131z\u0131l Aypara\u201d c\u0259miyy\u0259tinin rayon b\u00f6lm\u0259snin s\u0259dri Etibar Heyd\u0259rov v\u0259 k\u00f6n\u00fcll\u00fcl\u0259r, c\u0259miyy\u0259tin B\u0259rd\u0259 rayon b\u00f6lm\u0259sinin s\u0259dri R\u0259fael V\u0259liyev i\u015ftirak edibl\u0259r.<br \/>\nT\u0259dbir i\u015ftirak\u00e7\u0131lar\u0131 \u0259vv\u0259lc\u0259 Ulu \u00d6nd\u0259rin xatir\u0259sin\u0259 ehtiram \u0259lam\u0259ti olaraq onun abid\u0259si \u00f6n\u00fcn\u0259 g\u00fcl d\u0259st\u0259l\u0259ri d\u00fcz\u00fcbl\u0259r.<br \/>\nSonra \u201cd\u0259yirmi masa\u201d \u0259traf\u0131nda \u00dcmummilli Liderin v\u0259 torpaqlar\u0131m\u0131z\u0131n \u0259razi b\u00fct\u00f6vl\u00fcy\u00fc u\u011frunda h\u0259lak olmu\u015f \u015f\u0259hidl\u0259rin xatir\u0259si bir d\u0259qiq\u0259lik s\u00fckutla yad edilib.<br \/>\nT\u0259rt\u0259r rayon \u0130cra Hakimiyy\u0259ti Ba\u015f\u00e7\u0131s\u0131 aparat\u0131n\u0131n \u0130ctimai-siyasi v\u0259 humanitar m\u0259s\u0259l\u0259l\u0259r \u015f\u00f6b\u0259sinin ba\u015f m\u0259sl\u0259h\u0259t\u00e7isi Svetlana \u018fzizova t\u0259dbiri a\u00e7araq rayonda Ulu \u00d6nd\u0259rin 100 illiyi m\u00fcnasib\u0259ti il\u0259 ke\u00e7iril\u0259n t\u0259dbirl\u0259r haqq\u0131nda i\u015ftirak\u00e7\u0131lara m\u0259lumat verib, m\u00fcst\u0259qillik d\u00f6vr\u00fcnd\u0259 AzQAC-\u0131n itirilmi\u015f h\u00fcquqi bazas\u0131n\u0131n formala\u015fd\u0131r\u0131lmas\u0131nda v\u0259 Beyn\u0259lxalq Q\u0131z\u0131l Xa\u00e7 v\u0259 Q\u0131z\u0131l Aypara C\u0259miyy\u0259tl\u0259ri Federasiyas\u0131n\u0131n b\u0259rab\u0259rh\u00fcquqlu \u00fczvl\u00fcy\u00fcn\u0259 q\u0259bul edilm\u0259sind\u0259 Ulu \u00d6nd\u0259rin x\u00fcsusi rolunu vur\u011fulay\u0131b. <!--more-->Respublikan\u0131n \u015f\u0259h\u0259r v\u0259 rayonlar\u0131nda Az-QAC-\u0131n yerli b\u00f6lm\u0259l\u0259rinin f\u0259aliyy\u0259tin\u0259 veril\u0259n d\u0259st\u0259kd\u0259n dan\u0131\u015f\u0131b. H\u0259m\u00e7inin, Heyd\u0259r \u018fliyevin siyasi kursunun prioritet sah\u0259l\u0259rind\u0259n olan insan, v\u0259t\u0259nda\u015f h\u00fcquq v\u0259 azadl\u0131qlar\u0131n\u0131n y\u00fcks\u0259k s\u0259viyy\u0259d\u0259 qorunmas\u0131, v\u0259t\u0259nda\u015flar\u0131n layiqli h\u0259yat s\u0259viyy\u0259sinin t\u0259min edilm\u0259si, el\u0259c\u0259 d\u0259 humanizm siyas\u0259tinin h\u0259yata ke\u00e7irilm\u0259si istiqam\u0259tind\u0259 ard\u0131c\u0131l t\u0259dbirl\u0259r bar\u0259d\u0259 m\u0259lumatlar\u0131 t\u0259dbir i\u015ftirak\u00e7\u0131lar\u0131n\u0131n diqq\u0259tin\u0259 \u00e7atd\u0131r\u0131b.<br \/>\n\u201cD\u0259yirmi masa\u201dda \u201cQ\u0131z\u0131l Aypara\u201d C\u0259miyy\u0259tinin T\u0259rt\u0259r Rayon b\u00f6lm\u0259sinin s\u0259dri Etibar Heyd\u0259rov, f\u00f6vq\u0259lad\u0259 mobil k\u00f6n\u00fcll\u00fcl\u0259r d\u0259st\u0259sinin qrup lideri Nicat \u0130brahimli, k\u00f6n\u00fcll\u00fcl\u0259rd\u0259n Fatim\u0259 K\u0259rimzad\u0259 v\u0259 T\u00fcnzal\u0259 N\u0259c\u0259fova \u00e7\u0131x\u0131\u015f ed\u0259r\u0259k \u00dcmummilli Liderin hakimiyy\u0259ti ill\u0259rind\u0259 b\u00fct\u00fcn sah\u0259l\u0259r\u0259 oldu\u011fu kimi humanitar sah\u0259y\u0259 d\u0259 diqq\u0259t v\u0259 qay\u011f\u0131 g\u00f6st\u0259rildiyind\u0259n, ikinci d\u0259f\u0259 xalq\u0131n t\u0259kidli t\u0259l\u0259bi il\u0259 hakimiyy\u0259t\u0259 g\u0259ldikd\u0259n sonra 2008-ci ild\u0259 onun s\u0259r\u0259ncam\u0131 il\u0259 10 mart Q\u0131z\u0131l Aypara g\u00fcn\u00fcn\u00fcn t\u0259sis edildiyind\u0259n, \u201cQ\u0131z\u0131l Aypara\u201d C\u0259miyy\u0259tinin k\u00f6n\u00fcll\u00fcl\u0259rinin respublikam\u0131zda, el\u0259c\u0259 d\u0259 rayonumuzdak\u0131 f\u0259aliyy\u0259tind\u0259n s\u00f6hb\u0259t a\u00e7\u0131blar. Onlar \u201cCOV\u0130D-19\u201d Pandemiyas\u0131 v\u0259 44 g\u00fcnl\u00fck V\u0259t\u0259n m\u00fcharib\u0259si d\u00f6vr\u00fcnd\u0259 m\u00fclki \u0259haliy\u0259 g\u00f6st\u0259rdikl\u0259ri xidm\u0259t, AzQAC-\u0131n bu istiqam\u0259td\u0259 h\u0259yata ke\u00e7irdiyi humanitar layih\u0259l\u0259r bar\u0259d\u0259 m\u0259lumat veribl\u0259r. Bu sah\u0259d\u0259 onlara yerli icra hakimiyy\u0259ti orqanlar\u0131 t\u0259r\u0259find\u0259n ya-rad\u0131lan \u015f\u0259raitd\u0259n m\u0259mnun olduqlar\u0131n\u0131 bildiribl\u0259r.<br \/>\nSonda xatir\u0259 \u015f\u0259kli \u00e7\u0259kilib.<\/p>\n<p>&nbsp;<\/p>\n","protected":false},"excerpt":{"rendered":"<p>T\u0259rt\u0259r Rayon \u0130cra Hakimiyy\u0259tinin, YAP rayon t\u0259\u015fkilat\u0131n\u0131n v\u0259 \u201cQ\u0131z\u0131l Aypara\u201d C\u0259miyy\u0259tinin T\u0259rt\u0259r rayon b\u00f6lm\u0259sinin t\u0259\u015fkilat\u00e7\u0131l\u0131\u011f\u0131 il\u0259 YAP rayon t\u0259\u015fkilat\u0131n\u0131n inzibati binas\u0131nda \u00dcmummilli Lider Heyd\u0259r \u018fliyevin 100 illik yubileyin\u0259 h\u0259sr olunmu\u015f \u201cUlu \u00d6nd\u0259r Heyd\u0259r \u018fliyev v\u0259 humanitar diplomatiya\u201d m\u00f6vzusunda \u201cd\u0259yirmi masa\u201d ke\u00e7irilib. \u201cD\u0259yirmi masa\u201d da T\u0259rt\u0259r rayon \u0130cra Hakimiyy\u0259ti Ba\u015f\u00e7\u0131s\u0131 aparat\u0131n\u0131n, YAP rayon t\u0259\u015fkilat\u0131n\u0131n \u0259m\u0259kda\u015flar\u0131, \u201cQ\u0131z\u0131l [&hellip;]<\/p>\n","protected":false},"author":2,"featured_media":0,"comment_status":"closed","ping_status":"closed","sticky":false,"template":"","format":"standard","meta":[],"categories":[10],"tags":[],"_links":{"self":[{"href":"https:\/\/yeniterter.az\/index.php?rest_route=\/wp\/v2\/posts\/24829"}],"collection":[{"href":"https:\/\/yeniterter.az\/index.php?rest_route=\/wp\/v2\/posts"}],"about":[{"href":"https:\/\/yeniterter.az\/index.php?rest_route=\/wp\/v2\/types\/post"}],"author":[{"embeddable":true,"href":"https:\/\/yeniterter.az\/index.php?rest_route=\/wp\/v2\/users\/2"}],"replies":[{"embeddable":true,"href":"https:\/\/yeniterter.az\/index.php?rest_route=%2Fwp%2Fv2%2Fcomments&post=24829"}],"version-history":[{"count":2,"href":"https:\/\/yeniterter.az\/index.php?rest_route=\/wp\/v2\/posts\/24829\/revisions"}],"predecessor-version":[{"id":24832,"href":"https:\/\/yeniterter.az\/index.php?rest_route=\/wp\/v2\/posts\/24829\/revisions\/24832"}],"wp:attachment":[{"href":"https:\/\/yeniterter.az\/index.php?rest_route=%2Fwp%2Fv2%2Fmedia&parent=24829"}],"wp:term":[{"taxonomy":"category","embeddable":true,"href":"https:\/\/yeniterter.az\/index.php?rest_route=%2Fwp%2Fv2%2Fcategories&post=24829"},{"taxonomy":"post_tag","embeddable":true,"href":"https:\/\/yeniterter.az\/index.php?rest_route=%2Fwp%2Fv2%2Ftags&post=24829"}],"curies":[{"name":"wp","href":"https:\/\/api.w.org\/{rel}","templated":true}]}}