{"id":24824,"date":"2023-04-28T11:33:41","date_gmt":"2023-04-28T08:33:41","guid":{"rendered":"https:\/\/yeniterter.az\/?p=24824"},"modified":"2023-04-28T11:33:41","modified_gmt":"2023-04-28T08:33:41","slug":"bir-s%c9%99hid-anasi-taniyirdim","status":"publish","type":"post","link":"https:\/\/yeniterter.az\/?p=24824","title":{"rendered":"B\u0130R \u015e\u018fH\u0130D ANASI TANIYIRDIM&#8230;"},"content":{"rendered":"<p style=\"text-align: center;\"><strong>Birinci Qaraba\u011f m\u00fcharib\u0259si \u015f\u0259hidi X\u0259lil \u018fzimovun <\/strong><br \/>\n<strong>an\u0131m g\u00fcn\u00fc m\u00fcnasib\u0259ti il\u0259<\/strong><\/p>\n<p><img decoding=\"async\" loading=\"lazy\" class=\" wp-image-24825 alignleft\" src=\"https:\/\/yeniterter.az\/wp-content\/uploads\/2-12-216x300.jpg\" alt=\"\" width=\"101\" height=\"140\" srcset=\"https:\/\/yeniterter.az\/wp-content\/uploads\/2-12-216x300.jpg 216w, https:\/\/yeniterter.az\/wp-content\/uploads\/2-12-736x1024.jpg 736w, https:\/\/yeniterter.az\/wp-content\/uploads\/2-12-768x1068.jpg 768w, https:\/\/yeniterter.az\/wp-content\/uploads\/2-12-1104x1536.jpg 1104w, https:\/\/yeniterter.az\/wp-content\/uploads\/2-12.jpg 1120w\" sizes=\"(max-width: 101px) 100vw, 101px\" \/>20 il \u00f6nc\u0259 Qaynaq k\u0259ndind\u0259n bir \u015f\u0259hid anas\u0131 il\u0259 tan\u0131\u015f olmu\u015fdum.\u0130ndi Tanr\u0131 d\u0259rgah\u0131nda haqq d\u00fcnyas\u0131na qovu\u015fub.<br \/>\n\u201cBir vaxt k\u00f6rp\u0259 idi, quca\u011f\u0131mda g\u0259zdirirdim, indi d\u0259 \u015f\u0259klini qoynumda g\u0259zdirir\u0259m,\u201d- deyib, o\u011flunun \u015f\u0259klini \u00e7\u0131xar\u0131b g\u00f6st\u0259rmi\u015fdi, k\u00f6vr\u0259l\u0259-k\u00f6vr\u0259l\u0259:\u201dM\u0259nim 7 o\u011flum, 1 q\u0131z\u0131m var. O\u011flanlar\u0131m\u0131 el\u0259 t\u0259rbiy\u0259 etmi\u015f\u0259m ki, d\u00fc\u015fm\u0259nin qar\u015f\u0131s\u0131na \u00fcr\u0259kl\u0259 \u00e7\u0131x\u0131blar.<br \/>\nX\u0259lil m\u0259nim b\u00f6y\u00fck o\u011flum idi. Erm\u0259ni \u201cd\u0131\u011fa\u201dlar\u0131 \u201cQaraba\u011f bizimdir,\u201d- dey\u0259nd\u0259 k\u00f6n\u00fcll\u00fc c\u0259bh\u0259y\u0259 getdi, ki\u015fi kimi d\u00f6y\u00fc\u015fd\u00fc, \u015e\u0131xarx k\u0259ndi u\u011frunda ged\u0259n d\u00f6y\u00fc\u015fl\u0259rd\u0259 ki\u015fi kimi d\u0259 h\u0259lak oldu. \u201d- demi\u015fdi.<br \/>\nO vaxt bir yaz\u0131 yazm\u0131\u015fd\u0131m, onun \u015f\u0259hid o\u011flundan&#8230;<br \/>\n&#8230;X\u0259lil \u018fzimov 1958-ci ild\u0259 Qaynaq k\u0259ndind\u0259 d\u00fcnyaya g\u00f6z a\u00e7m\u0131\u015fd\u0131. Do\u011fuldu\u011fu k\u0259ndd\u0259 8-ci sinfi bitirdikd\u0259n sonra Sumqay\u0131tda 35 sayl\u0131 orta texniki pe\u015f\u0259 m\u0259kt\u0259bini bitirmi\u015f, sonra h\u0259rbi xidm\u0259t\u0259 yola d\u00fc\u015fm\u00fc\u015fd\u00fcr.<br \/>\nX\u0259lil h\u0259rbi xidm\u0259td\u0259n qay\u0131td\u0131qdan sonra kolxozda i\u015fl\u0259yir, ail\u0259sin\u0259 k\u00f6m\u0259k edirdi&#8230;<br \/>\n&#8230;Torpaq u\u011frunda can\u0131ndan ke\u00e7di, \u015f\u0259hidlik zirv\u0259sin\u0259 ucald\u0131, el\u0259 do\u011fuldu\u011fu k\u0259ndd\u0259 d\u0259 torpa\u011fa tap\u015f\u0131r\u0131ld\u0131.<br \/>\nOndan sonra \u0259kiz qarda\u015flar\u0131 \u0130lham v\u0259 \u0130lqar c\u0259bh\u0259y\u0259 getdil\u0259r, vuru\u015fdular, d\u00fc\u015fm\u0259nd\u0259n qarda\u015flar\u0131n\u0131n qisas\u0131n\u0131 ald\u0131lar. M\u00fcharib\u0259d\u0259n h\u0259r ikisinin b\u0259d\u0259nind\u0259 g\u00fcll\u0259, q\u0259lp\u0259 yaras\u0131 yadigar qald\u0131.<br \/>\nMay\u0131n 11-i X\u0259lil \u018fzimovun \u015f\u0259hid oldu\u011fu g\u00fcnd\u00fcr. D\u00fcnyas\u0131n\u0131 d\u0259yi\u015f\u0259n\u0259 kimi Pakiz\u0259 xala \u00fcr\u0259yind\u0259 bu d\u0259rdi da\u015f\u0131d\u0131, t\u0259skinliyi t\u0259k onda tap\u0131rd\u0131 ki, o\u011flu v\u0259t\u0259n yolunda \u015f\u0259hid olub. Vaxtil\u0259 X\u0259lilin oxudu\u011fu Qaynaq k\u0259nd \u00fcmumi orta m\u0259kt\u0259bi indi onun ad\u0131n\u0131 da\u015f\u0131y\u0131r.<!--more--><br \/>\nPakiz\u0259 xalan\u0131n 20 n\u0259v\u0259si, 12 n\u0259tic\u0259si olsa da \u00fcr\u0259yi X\u0259lil sar\u0131dan \u00e7ox nisgilli idi: \u201cKa\u015f ki, onun da \u00f6z\u00fcnd\u0259n sonra bir yadigar\u0131 qalayd\u0131,\u201d- deyirdi.<br \/>\nAllah s\u0259n\u0259 r\u0259hm\u0259t el\u0259sin, \u015f\u0259hid anas\u0131! X\u0259lild\u0259n v\u0259t\u0259n\u0259 s\u0259daq\u0259t, m\u0259rdlik qald\u0131. \u015e\u0259hid kimi \u0259n y\u00fcks\u0259k zirv\u0259y\u0259 ucald\u0131. Do\u011fma T\u0259rt\u0259rimiz\u0259 X\u0259lil kimi o\u011fullar\u0131m\u0131z say\u0259sind\u0259 d\u00fc\u015fm\u0259n aya\u011f\u0131 d\u0259ym\u0259di. Bel\u0259 o\u011ful b\u00f6y\u00fctd\u00fcy\u00fcn\u00fcz \u00fc\u00e7\u00fcn siz\u0259 borcluyuq.<br \/>\nP.S.May ay\u0131n\u0131n 11-i Birinci Qaraba\u011f m\u00fcharib\u0259si \u015f\u0259hidi X\u0259lil \u018fzimovun an\u0131m g\u00fcn\u00fc oldu\u011fu \u00fc\u00e7\u00fcn onun v\u0259 bu d\u00fcnyadan o\u011ful nisgili il\u0259 k\u00f6\u00e7\u0259n anas\u0131 Pakiz\u0259 xalan\u0131n xatir\u0259sini ki\u00e7ik bir yaz\u0131 il\u0259 d\u0259 olsa anma\u011f\u0131 \u00f6z\u00fcm\u0259 borc bildim. Allah r\u0259hm\u0259t el\u0259sin!<br \/>\nX\u0259lilin h\u0259lak olmas\u0131n\u0131n 31-ci ild\u00f6n\u00fcm\u00fc m\u00fcnasib\u0259ti il\u0259 bir daha onun do\u011fmalar\u0131na ba\u015fsa\u011fl\u0131\u011f\u0131 verir, Ulu Tanr\u0131dan b\u00fct\u00fcn \u015f\u0259hidl\u0259rimiz\u0259 r\u0259hm\u0259t dil\u0259yir, \u201cV\u0259t\u0259n sa\u011f olsun, V\u0259t\u0259n \u00fc\u00e7\u00fcn o\u011ful b\u00f6y\u00fcd\u0259n analar sa\u011f olsun!\u201d,- deyir\u0259m. V\u0259 bel\u0259 analardan biri olan Pakiz\u0259 xalaya da Ulu Tanr\u0131dan r\u0259hm\u0259t dil\u0259yir\u0259m.<\/p>\n<p style=\"text-align: right;\"><em><strong>Svetlana \u018fZ\u0130ZOVA<\/strong><\/em><\/p>\n<p>&nbsp;<\/p>\n","protected":false},"excerpt":{"rendered":"<p>Birinci Qaraba\u011f m\u00fcharib\u0259si \u015f\u0259hidi X\u0259lil \u018fzimovun an\u0131m g\u00fcn\u00fc m\u00fcnasib\u0259ti il\u0259 20 il \u00f6nc\u0259 Qaynaq k\u0259ndind\u0259n bir \u015f\u0259hid anas\u0131 il\u0259 tan\u0131\u015f olmu\u015fdum.\u0130ndi Tanr\u0131 d\u0259rgah\u0131nda haqq d\u00fcnyas\u0131na qovu\u015fub. \u201cBir vaxt k\u00f6rp\u0259 idi, quca\u011f\u0131mda g\u0259zdirirdim, indi d\u0259 \u015f\u0259klini qoynumda g\u0259zdirir\u0259m,\u201d- deyib, o\u011flunun \u015f\u0259klini \u00e7\u0131xar\u0131b g\u00f6st\u0259rmi\u015fdi, k\u00f6vr\u0259l\u0259-k\u00f6vr\u0259l\u0259:\u201dM\u0259nim 7 o\u011flum, 1 q\u0131z\u0131m var. O\u011flanlar\u0131m\u0131 el\u0259 t\u0259rbiy\u0259 etmi\u015f\u0259m ki, d\u00fc\u015fm\u0259nin qar\u015f\u0131s\u0131na [&hellip;]<\/p>\n","protected":false},"author":2,"featured_media":0,"comment_status":"closed","ping_status":"closed","sticky":false,"template":"","format":"standard","meta":[],"categories":[10],"tags":[],"_links":{"self":[{"href":"https:\/\/yeniterter.az\/index.php?rest_route=\/wp\/v2\/posts\/24824"}],"collection":[{"href":"https:\/\/yeniterter.az\/index.php?rest_route=\/wp\/v2\/posts"}],"about":[{"href":"https:\/\/yeniterter.az\/index.php?rest_route=\/wp\/v2\/types\/post"}],"author":[{"embeddable":true,"href":"https:\/\/yeniterter.az\/index.php?rest_route=\/wp\/v2\/users\/2"}],"replies":[{"embeddable":true,"href":"https:\/\/yeniterter.az\/index.php?rest_route=%2Fwp%2Fv2%2Fcomments&post=24824"}],"version-history":[{"count":1,"href":"https:\/\/yeniterter.az\/index.php?rest_route=\/wp\/v2\/posts\/24824\/revisions"}],"predecessor-version":[{"id":24826,"href":"https:\/\/yeniterter.az\/index.php?rest_route=\/wp\/v2\/posts\/24824\/revisions\/24826"}],"wp:attachment":[{"href":"https:\/\/yeniterter.az\/index.php?rest_route=%2Fwp%2Fv2%2Fmedia&parent=24824"}],"wp:term":[{"taxonomy":"category","embeddable":true,"href":"https:\/\/yeniterter.az\/index.php?rest_route=%2Fwp%2Fv2%2Fcategories&post=24824"},{"taxonomy":"post_tag","embeddable":true,"href":"https:\/\/yeniterter.az\/index.php?rest_route=%2Fwp%2Fv2%2Ftags&post=24824"}],"curies":[{"name":"wp","href":"https:\/\/api.w.org\/{rel}","templated":true}]}}