{"id":24812,"date":"2023-04-28T10:08:27","date_gmt":"2023-04-28T07:08:27","guid":{"rendered":"https:\/\/yeniterter.az\/?p=24812"},"modified":"2023-04-28T10:09:46","modified_gmt":"2023-04-28T07:09:46","slug":"t%c9%99rt%c9%99r-rayon-q%c9%99zetinin-90-illiyi-qarsisinda","status":"publish","type":"post","link":"https:\/\/yeniterter.az\/?p=24812","title":{"rendered":"T\u0259rt\u0259r rayon q\u0259zetinin 90 illiyi qar\u015f\u0131s\u0131nda"},"content":{"rendered":"<p style=\"text-align: center;\"><span style=\"font-size: 14pt;\"><strong>Q\u0259zetin tarixi T\u0259rt\u0259rin tarixidir<\/strong><\/span><\/p>\n<p><img decoding=\"async\" loading=\"lazy\" class=\"wp-image-24813 alignright\" src=\"https:\/\/yeniterter.az\/wp-content\/uploads\/\u0411\u0435\u0437-\u043d\u0430\u0437\u0432\u0430\u043d\u0438\u044f-41.jpg\" alt=\"\" width=\"113\" height=\"126\" \/>\u018fziz t\u0259rt\u0259rlil\u0259r, h\u00f6rm\u0259tli oxucular\u0131m\u0131z!<br \/>\nBildiyiniz kimi, ayr\u0131-ayr\u0131 ill\u0259rd\u0259 m\u00fcxt\u0259lif adlarla \u2013\u201cKolxoz\u00e7ular\u0131n varlanmas\u0131 yolunda\u201d, \u201cQ\u0131z\u0131l bayraq\u201d, \u201cT\u0259rt\u0259r\u201d v\u0259 haz\u0131rda \u201cYeni T\u0259rt\u0259r\u201d ad\u0131 il\u0259 n\u0259\u015fr olunan bizim rayon q\u0259zetinin bu ilin aprelind\u0259 89 ya\u015f\u0131 tamam oldu.<br \/>\n90 illik yubileyimiz\u0259 c\u0259mi bir il qald\u0131. Q\u0259zetin tarixi T\u0259rt\u0259rin tarixidir. Yubiley\u0259 haz\u0131rl\u0131q ilind\u0259 biz bu tarixi v\u0259r\u0259ql\u0259m\u0259y\u0259 \u00e7al\u0131\u015faca\u011f\u0131q.<br \/>\nBu i\u015fd\u0259 oxucular\u0131m\u0131z\u0131n k\u00f6m\u0259yin\u0259 ehtiyac\u0131m\u0131z var. M\u0259s\u0259l\u0259n, bilirik ki, 1934-c\u00fc ild\u0259 \u201cKolxoz\u00e7ular\u0131n varlanmas\u0131 yolunda\u201d ad\u0131 il\u0259 \u00e7ap olunan q\u0259zet T\u0259rt\u0259r rayon MTS-in siyasi \u015f\u00f6b\u0259sinin orqan\u0131 idi. \u015e\u00f6b\u0259nin r\u0259isi Nazim M\u0259mm\u0259dovun imzas\u0131 il\u0259 \u00e7\u0131x\u0131rd\u0131. 1934-c\u00fc ild\u0259n 1937-ci ilin sentyabr\u0131nad\u0259k q\u0259zetin redaktoru X\u0259lil \u015e\u0259fizad\u0259, 1937-ci ild\u0259n 1939-cu il\u0259d\u0259k Q\u0259nb\u0259r N\u0259biyev olub. Sonrak\u0131 ill\u0259rd\u0259 \u018fli A\u011fayev, Ayd\u0131n M\u0259mm\u0259dxanov, \u018fmiraslan Qurbanzad\u0259, Z\u00f6hrab M\u0259mm\u0259dov, Hilal Bayramov, T\u0259v\u0259kk\u00fcl N\u0259c\u0259fov v\u0259 Tofiq Yusif redaksiyaya r\u0259hb\u0259rlik edibl\u0259r.\u0130lk redaktorla ba\u011fl\u0131 m\u0259lumat\u0131m\u0131z \u00e7ox azd\u0131r. Nazim M\u0259mm\u0259dov, X\u0259lil \u015e\u0259fizad\u0259 bar\u0259d\u0259 bilgil\u0259riniz varm\u0131? Y\u0259qin ki, onlar\u0131n qohumlar\u0131ndan kiml\u0259rs\u0259 indi d\u0259 rayonumuzda ya\u015fay\u0131r. <!--more-->Yaxud rayonumuzun ya\u015fl\u0131 sakinl\u0259rinin yadda\u015f\u0131nda hans\u0131sa xatir\u0259l\u0259r qal\u0131b. \u00dcmumiyy\u0259tl\u0259, bilirik ki, bu g\u00fcn \u00e7oxlar\u0131n\u0131z\u0131n evind\u0259 sev\u0259-sev\u0259 saxlad\u0131\u011f\u0131n\u0131z k\u00f6hn\u0259 q\u0259zet saylar\u0131 var ki, orada haqq\u0131n\u0131zda, yaxud ail\u0259 \u00fczvl\u0259riniz haqq\u0131nda m\u0259qal\u0259l\u0259r, o\u00e7erkl\u0259r d\u0259rc olunub. Q\u0259zetimizl\u0259 ba\u011fl\u0131 h\u0259r birinizin xatir\u0259l\u0259ri bizim \u00fc\u00e7\u00fcn maraql\u0131d\u0131r.<br \/>\n\u018fziz oxucular! Bu g\u00fcn q\u0259zetimizin sizin maddi v\u0259 m\u0259n\u0259vi k\u00f6m\u0259yiniz\u0259 ehtiyac\u0131 var. \u018fminik ki, Siz bu k\u00f6m\u0259yi \u0259sirg\u0259m\u0259y\u0259c\u0259ksiniz.<\/p>\n<p style=\"text-align: right;\"><em><strong>Svetlana BA\u011eIROVA<\/strong><\/em><\/p>\n","protected":false},"excerpt":{"rendered":"<p>Q\u0259zetin tarixi T\u0259rt\u0259rin tarixidir \u018fziz t\u0259rt\u0259rlil\u0259r, h\u00f6rm\u0259tli oxucular\u0131m\u0131z! Bildiyiniz kimi, ayr\u0131-ayr\u0131 ill\u0259rd\u0259 m\u00fcxt\u0259lif adlarla \u2013\u201cKolxoz\u00e7ular\u0131n varlanmas\u0131 yolunda\u201d, \u201cQ\u0131z\u0131l bayraq\u201d, \u201cT\u0259rt\u0259r\u201d v\u0259 haz\u0131rda \u201cYeni T\u0259rt\u0259r\u201d ad\u0131 il\u0259 n\u0259\u015fr olunan bizim rayon q\u0259zetinin bu ilin aprelind\u0259 89 ya\u015f\u0131 tamam oldu. 90 illik yubileyimiz\u0259 c\u0259mi bir il qald\u0131. Q\u0259zetin tarixi T\u0259rt\u0259rin tarixidir. Yubiley\u0259 haz\u0131rl\u0131q ilind\u0259 biz bu tarixi [&hellip;]<\/p>\n","protected":false},"author":2,"featured_media":0,"comment_status":"closed","ping_status":"closed","sticky":false,"template":"","format":"standard","meta":[],"categories":[10],"tags":[],"_links":{"self":[{"href":"https:\/\/yeniterter.az\/index.php?rest_route=\/wp\/v2\/posts\/24812"}],"collection":[{"href":"https:\/\/yeniterter.az\/index.php?rest_route=\/wp\/v2\/posts"}],"about":[{"href":"https:\/\/yeniterter.az\/index.php?rest_route=\/wp\/v2\/types\/post"}],"author":[{"embeddable":true,"href":"https:\/\/yeniterter.az\/index.php?rest_route=\/wp\/v2\/users\/2"}],"replies":[{"embeddable":true,"href":"https:\/\/yeniterter.az\/index.php?rest_route=%2Fwp%2Fv2%2Fcomments&post=24812"}],"version-history":[{"count":3,"href":"https:\/\/yeniterter.az\/index.php?rest_route=\/wp\/v2\/posts\/24812\/revisions"}],"predecessor-version":[{"id":24816,"href":"https:\/\/yeniterter.az\/index.php?rest_route=\/wp\/v2\/posts\/24812\/revisions\/24816"}],"wp:attachment":[{"href":"https:\/\/yeniterter.az\/index.php?rest_route=%2Fwp%2Fv2%2Fmedia&parent=24812"}],"wp:term":[{"taxonomy":"category","embeddable":true,"href":"https:\/\/yeniterter.az\/index.php?rest_route=%2Fwp%2Fv2%2Fcategories&post=24812"},{"taxonomy":"post_tag","embeddable":true,"href":"https:\/\/yeniterter.az\/index.php?rest_route=%2Fwp%2Fv2%2Ftags&post=24812"}],"curies":[{"name":"wp","href":"https:\/\/api.w.org\/{rel}","templated":true}]}}