{"id":24808,"date":"2023-04-28T09:57:47","date_gmt":"2023-04-28T06:57:47","guid":{"rendered":"https:\/\/yeniterter.az\/?p=24808"},"modified":"2023-04-28T09:58:51","modified_gmt":"2023-04-28T06:58:51","slug":"sagirdl%c9%99rin-f%c9%99alligi-s%c9%99raitind%c9%99-kec%c9%99n-aciq-d%c9%99rs","status":"publish","type":"post","link":"https:\/\/yeniterter.az\/?p=24808","title":{"rendered":"\u015eagirdl\u0259rin f\u0259all\u0131\u011f\u0131 \u015f\u0259raitind\u0259 ke\u00e7\u0259n \u201ca\u00e7\u0131q d\u0259rs\u201d"},"content":{"rendered":"<p><img decoding=\"async\" loading=\"lazy\" class=\"size-medium wp-image-24809 alignleft\" src=\"https:\/\/yeniterter.az\/wp-content\/uploads\/d65cc952-faff-4ef1-af7f-c3dcb121bb8d-300x139.jpg\" alt=\"\" width=\"300\" height=\"139\" srcset=\"https:\/\/yeniterter.az\/wp-content\/uploads\/d65cc952-faff-4ef1-af7f-c3dcb121bb8d-300x139.jpg 300w, https:\/\/yeniterter.az\/wp-content\/uploads\/d65cc952-faff-4ef1-af7f-c3dcb121bb8d-1024x473.jpg 1024w, https:\/\/yeniterter.az\/wp-content\/uploads\/d65cc952-faff-4ef1-af7f-c3dcb121bb8d-768x355.jpg 768w, https:\/\/yeniterter.az\/wp-content\/uploads\/d65cc952-faff-4ef1-af7f-c3dcb121bb8d.jpg 1280w\" sizes=\"(max-width: 300px) 100vw, 300px\" \/>Bu g\u00fcnl\u0259rd\u0259 H\u0259bib H\u00fcseynov ad\u0131na Mam\u0131rl\u0131 k\u0259nd tam orta m\u0259kt\u0259bind\u0259 co\u011frafiya f\u0259nni \u00fczr\u0259 \u201ca\u00e7\u0131q d\u0259rs\u201d ke\u00e7irilib. F\u0259nn m\u00fc\u0259llimi S\u0259buhi K\u0259rimovun \u201cBitki v\u0259 heyvanlar al\u0259minin m\u00fcxt\u0259lifliyi\u201d m\u00f6vzusunda haz\u0131rlad\u0131\u011f\u0131 \u201ca\u00e7\u0131q d\u0259rs\u201dd\u0259 \u015fagirdl\u0259r b\u00f6y\u00fck f\u0259all\u0131q g\u00f6st\u0259ribl\u0259r.<br \/>\nD\u0259v\u0259t edil\u0259n qonaqlar\u2013rayon t\u0259hsil sektorunun metodisti G\u00fclxar Abbasova, alim-aqronom M\u0259h\u0259mm\u0259d \u015eirinov, \u018fl\u0259sg\u0259rli k\u0259nd tam orta m\u0259kt\u0259binin direktor m\u00fcavini Bahar H\u00fcseynova, \u015f\u0259hid bac\u0131s\u0131, t\u0259qa\u00fcdd\u0259 olan m\u00fc\u0259llim Havva \u0130brahimova, m\u0259kt\u0259bin r\u0259hb\u0259rliyi v\u0259 m\u00fc\u0259lliml\u0259r d\u0259rsin gedi\u015fini maraqla izl\u0259yibl\u0259r.<br \/>\nD\u0259rsd\u0259n sonra qonaqlar \u201cT\u0259bi\u0259t\u0259 qay\u011f\u0131\u201d v\u0259 \u201cEkoklub\u201d d\u0259rn\u0259yinin \u00fczvl\u0259ri il\u0259 g\u00f6r\u00fc\u015f\u00fcbl\u0259r. Ulu \u00d6nd\u0259r Heyd\u0259r \u018fliyevin 100 illiyi il\u0259 \u0259laq\u0259dar m\u0259kt\u0259bin h\u0259y\u0259tind\u0259 a\u011fac v\u0259 g\u00fcl kollar\u0131 \u0259kilib. M\u0259h\u0259mm\u0259d \u015eirinov \u015fagirdl\u0259r\u0259 akademik H\u0259s\u0259n \u018fli-yevin \u201cT\u0259bi\u0259t\u0259 z\u00fclm ed\u0259nin ya\u015fama\u011fa haqq\u0131 yoxdur\u201d s\u00f6zl\u0259rini xat\u0131rlad\u0131b. Deyib ki, m\u0259kt\u0259bi himay\u0259y\u0259 g\u00f6t\u00fcr\u0259c\u0259k, onlar\u0131 dekorativ a\u011faclarla t\u0259min ed\u0259c\u0259k v\u0259 bu a\u011faclar\u0131n bec\u0259rilm\u0259sind\u0259 u\u015faqlara \u00f6z k\u00f6m\u0259kliyini g\u00f6st\u0259r\u0259c\u0259kdir.<br \/>\nH\u0259min g\u00fcn h\u0259m\u00e7inin m\u0259kt\u0259bin 2005\u2013ci il m\u0259zunu G\u00fcnd\u00fcz S\u0259f\u0259rovun u\u015faqlara g\u00f6nd\u0259rdiyi h\u0259diyy\u0259l\u0259r t\u0259qdim olunub.<br \/>\n\u015eagirdl\u0259r maraql\u0131 g\u00f6r\u00fc\u015f \u00fc\u00e7\u00fcn \u00f6z t\u0259\u015f\u0259kk\u00fcrl\u0259rini bildiribl\u0259r.<\/p>\n<p style=\"text-align: right;\"><em><strong>\u201cYEN\u0130\u2008T\u018fRT\u018fR\u201d<\/strong><\/em><\/p>\n","protected":false},"excerpt":{"rendered":"<p>Bu g\u00fcnl\u0259rd\u0259 H\u0259bib H\u00fcseynov ad\u0131na Mam\u0131rl\u0131 k\u0259nd tam orta m\u0259kt\u0259bind\u0259 co\u011frafiya f\u0259nni \u00fczr\u0259 \u201ca\u00e7\u0131q d\u0259rs\u201d ke\u00e7irilib. F\u0259nn m\u00fc\u0259llimi S\u0259buhi K\u0259rimovun \u201cBitki v\u0259 heyvanlar al\u0259minin m\u00fcxt\u0259lifliyi\u201d m\u00f6vzusunda haz\u0131rlad\u0131\u011f\u0131 \u201ca\u00e7\u0131q d\u0259rs\u201dd\u0259 \u015fagirdl\u0259r b\u00f6y\u00fck f\u0259all\u0131q g\u00f6st\u0259ribl\u0259r. D\u0259v\u0259t edil\u0259n qonaqlar\u2013rayon t\u0259hsil sektorunun metodisti G\u00fclxar Abbasova, alim-aqronom M\u0259h\u0259mm\u0259d \u015eirinov, \u018fl\u0259sg\u0259rli k\u0259nd tam orta m\u0259kt\u0259binin direktor m\u00fcavini Bahar H\u00fcseynova, \u015f\u0259hid bac\u0131s\u0131, [&hellip;]<\/p>\n","protected":false},"author":2,"featured_media":0,"comment_status":"closed","ping_status":"closed","sticky":false,"template":"","format":"standard","meta":[],"categories":[10],"tags":[],"_links":{"self":[{"href":"https:\/\/yeniterter.az\/index.php?rest_route=\/wp\/v2\/posts\/24808"}],"collection":[{"href":"https:\/\/yeniterter.az\/index.php?rest_route=\/wp\/v2\/posts"}],"about":[{"href":"https:\/\/yeniterter.az\/index.php?rest_route=\/wp\/v2\/types\/post"}],"author":[{"embeddable":true,"href":"https:\/\/yeniterter.az\/index.php?rest_route=\/wp\/v2\/users\/2"}],"replies":[{"embeddable":true,"href":"https:\/\/yeniterter.az\/index.php?rest_route=%2Fwp%2Fv2%2Fcomments&post=24808"}],"version-history":[{"count":2,"href":"https:\/\/yeniterter.az\/index.php?rest_route=\/wp\/v2\/posts\/24808\/revisions"}],"predecessor-version":[{"id":24811,"href":"https:\/\/yeniterter.az\/index.php?rest_route=\/wp\/v2\/posts\/24808\/revisions\/24811"}],"wp:attachment":[{"href":"https:\/\/yeniterter.az\/index.php?rest_route=%2Fwp%2Fv2%2Fmedia&parent=24808"}],"wp:term":[{"taxonomy":"category","embeddable":true,"href":"https:\/\/yeniterter.az\/index.php?rest_route=%2Fwp%2Fv2%2Fcategories&post=24808"},{"taxonomy":"post_tag","embeddable":true,"href":"https:\/\/yeniterter.az\/index.php?rest_route=%2Fwp%2Fv2%2Ftags&post=24808"}],"curies":[{"name":"wp","href":"https:\/\/api.w.org\/{rel}","templated":true}]}}