{"id":24403,"date":"2023-02-20T11:35:18","date_gmt":"2023-02-20T08:35:18","guid":{"rendered":"https:\/\/yeniterter.az\/?p=24403"},"modified":"2023-02-20T11:35:18","modified_gmt":"2023-02-20T08:35:18","slug":"11-illik-s%c9%99r%c9%99fli-inkisaf-yolu","status":"publish","type":"post","link":"https:\/\/yeniterter.az\/?p=24403","title":{"rendered":"11 illik \u015f\u0259r\u0259fli inki\u015faf yolu"},"content":{"rendered":"<p><img decoding=\"async\" loading=\"lazy\" class=\" wp-image-24404 alignright\" src=\"https:\/\/yeniterter.az\/wp-content\/uploads\/835d7695458944b6910b4678c1b52980-300x200.jpg\" alt=\"\" width=\"231\" height=\"154\" srcset=\"https:\/\/yeniterter.az\/wp-content\/uploads\/835d7695458944b6910b4678c1b52980-300x200.jpg 300w, https:\/\/yeniterter.az\/wp-content\/uploads\/835d7695458944b6910b4678c1b52980.jpg 375w\" sizes=\"(max-width: 231px) 100vw, 231px\" \/>T\u0259rt\u0259rd\u0259 S\u0259f\u0259rb\u0259rlik v\u0259 H\u0259rbi Xidm\u0259t\u0259 \u00c7a\u011f\u0131r\u0131\u015f \u00fczr\u0259 D\u00f6vl\u0259t Xidm\u0259tinin \u018fm\u0259kda\u015flar\u0131n\u0131n pe\u015f\u0259 bayram\u0131 v\u0259 Xidm\u0259tin yarad\u0131lmas\u0131n\u0131n 11-ci ild\u00f6n\u00fcm\u00fc m\u00fcnasib\u0259ti il\u0259 t\u0259dbir ke\u00e7irilib.<br \/>\nT\u0259dbird\u0259 T\u0259rt\u0259r Rayon \u0130cra Hakimiyy\u0259tinin ba\u015f\u00e7\u0131s\u0131 M\u00fcst\u0259qim M\u0259mm\u0259dov, h\u00fcquq-m\u00fchafiz\u0259 orqanlar\u0131n\u0131n r\u0259hb\u0259rl\u0259ri, YAP rayon T\u0259\u015fkilat\u0131n\u0131n s\u0259dri Eldar \u018fs\u0259dov, S\u0259f\u0259rb\u0259rlik v\u0259 H\u0259rbi Xidm\u0259t\u0259 \u00c7a\u011f\u0131r\u0131\u015f \u00fczr\u0259 D\u00f6vl\u0259t Xidm\u0259tinin rayon \u015f\u00f6b\u0259sinin \u0259m\u0259kda\u015flar\u0131, qazil\u0259r i\u015ftirak edibl\u0259r.<br \/>\n\u018fvv\u0259lc\u0259 t\u0259dbir i\u015ftirak\u00e7\u0131lar\u0131 M\u0259rk\u0259zi Meydanda Ulu \u00d6nd\u0259r Heyd\u0259r \u018fliyevin abid\u0259sinin v\u0259 \u015e\u0259hidl\u0259r Abid\u0259 kompleksinin \u00f6n\u00fcn\u0259 g\u00fcl d\u0259st\u0259l\u0259ri d\u00fcz\u00fcb, xatir\u0259l\u0259rini ehtiramla an\u0131blar.<br \/>\nSonra t\u0259dbir YAP T\u0259rt\u0259r Rayon T\u0259\u015fkilat\u0131n\u0131n iclas zal\u0131nda davam etdirilib.<br \/>\n\u00d6nc\u0259 Ulu \u00d6nd\u0259r Heyd\u0259r \u018fliyevin v\u0259 torpaqlar\u0131m\u0131z\u0131n azadl\u0131\u011f\u0131 u\u011frunda canlar\u0131ndan ke\u00e7\u0259n \u015f\u0259hidl\u0259rin xatir\u0259si ehtiramla yad edilib.<br \/>\nRayon icra hakimiyy\u0259ti-nin ba\u015f\u00e7\u0131s\u0131 M\u00fcst\u0259qim M\u0259mm\u0259dov t\u0259dbir i\u015ftirak-\u00e7\u0131lar\u0131n\u0131 Az\u0259rbaycan Respublikas\u0131n\u0131n S\u0259f\u0259rb\u0259rlik v\u0259 H\u0259rbi Xidm\u0259t\u0259 \u00c7a\u011f\u0131r\u0131\u015f \u00fczr\u0259 D\u00f6vl\u0259t Xidm\u0259tinin yarad\u0131lmas\u0131n\u0131n 11-ci ild\u00f6n\u00fcm\u00fc v\u0259 pe\u015f\u0259 bayramlar\u0131 m\u00fcnasib\u0259ti il\u0259 t\u0259brik edib v\u0259 \u0259n xo\u015f arzular\u0131n\u0131 \u00e7atd\u0131r\u0131b. Onlara s\u0259f\u0259rb\u0259rlik haz\u0131rl\u0131\u011f\u0131n\u0131n y\u00fcks\u0259ldilm\u0259si istiqam\u0259tind\u0259 apard\u0131qlar\u0131 \u015f\u0259r\u0259fli v\u0259 m\u0259-suliyy\u0259tli i\u015fl\u0259rind\u0259 u\u011furlar dil\u0259yib.<br \/>\nRayon r\u0259hb\u0259ri \u00f6t\u0259n d\u00f6vr \u0259rzind\u0259 S\u0259f\u0259rb\u0259rlik v\u0259 H\u0259rbi Xidm\u0259t\u0259 \u00c7a\u011f\u0131r\u0131\u015f \u00fczr\u0259 D\u00f6vl\u0259t Xidm\u0259tinin Ali Ba\u015f Komandan \u0130lham \u018fliyevin diqq\u0259t v\u0259 qay\u011f\u0131s\u0131 n\u0259tic\u0259sind\u0259 b\u00f6y\u00fck inki\u015faf yolu ke\u00e7diyini, ordu quruculu\u011fu prosesinin t\u0259kmill\u0259\u015fdirilm\u0259sin\u0259 \u00f6z t\u00f6hf\u0259l\u0259rini verdiyini qeyd edib. Bildirib ki, g\u0259ncl\u0259r aras\u0131nda h\u0259rbi v\u0259t\u0259np\u0259rv\u0259rlik t\u0259rbiy\u0259si g\u00fccl\u0259ndirilib, orduda f\u0259rarilik hallar\u0131 aradan qald\u0131r\u0131l\u0131b. Az\u0259rbaycanda s\u0259f\u0259rb\u0259rlik haz\u0131rl\u0131\u011f\u0131 i\u015finin t\u0259\u015fkili, v\u0259t\u0259nda\u015flar\u0131n ilkin h\u0259rbi qeydiyyata al\u0131nmas\u0131, xidm\u0259t\u0259 haz\u0131rlanmas\u0131, m\u00fcdd\u0259tli h\u0259rbi xidm\u0259t\u0259 \u00e7a\u011f\u0131r\u0131lmas\u0131n\u0131n t\u0259\u015fkili sah\u0259sind\u0259 u\u011furlar \u0259ld\u0259 olunub.<!--more--><br \/>\nT\u0259dbird\u0259 Az\u0259rbaycan Respublikas\u0131n\u0131n S\u0259f\u0259rb\u0259rlik v\u0259 H\u0259rbi Xidm\u0259t\u0259 \u00c7a\u011f\u0131r\u0131\u015f \u00fczr\u0259 D\u00f6vl\u0259t Xidm\u0259tinin T\u0259rt\u0259r rayon \u015f\u00f6b\u0259sinin r\u0259isi El\u015f\u0259n Abdullayev xidm\u0259tin 11 il \u0259rzind\u0259 ke\u00e7diyi \u015f\u0259r\u0259fli inki\u015faf yolundan dan\u0131\u015f\u0131b, 11 il \u0259rzind\u0259 qar\u015f\u0131ya qoyulmu\u015f v\u0259zif\u0259l\u0259rin m\u00fcv\u0259ff\u0259qiyy\u0259tl\u0259 yerin\u0259 yetirildiyini, c\u0259miyy\u0259tin g\u00f6zl\u0259ntil\u0259rini do\u011frultdu\u011funu qeyd edib.<br \/>\nT\u0259dbird\u0259 T\u0259rt\u0259r rayon polis \u015f\u00f6b\u0259sinin r\u0259isi El\u00e7in Qas\u0131mov, T\u0259rt\u0259r rayon prokuroru \u018fli Qurbanov, D\u00f6vl\u0259t T\u0259hl\u00fck\u0259sizlik Xidm\u0259tinin T\u0259rt\u0259r rayon \u015f\u00f6b\u0259sinin r\u0259isi Anar \u018fliyev, T\u0259rt\u0259r rayon m\u0259hk\u0259m\u0259sinin s\u0259dri Tahir Qubadov, YAP rayon T\u0259\u015fkilat\u0131n\u0131n s\u0259dri Eldar \u018fs\u0259dov \u00e7\u0131x\u0131\u015f ed\u0259r\u0259k, \u0259m\u0259kda\u015flar\u0131 t\u0259brik edib, \u00f6z \u00fcr\u0259k s\u00f6zl\u0259rini bildiribl\u0259r.<br \/>\nSonda S\u0259f\u0259rb\u0259rlik v\u0259 H\u0259rbi Xidm\u0259t\u0259 \u00c7a\u011f\u0131r\u0131\u015f \u00fczr\u0259 D\u00f6vl\u0259t Xidm\u0259tinin yarad\u0131lmas\u0131n\u0131n 11-cu ild\u00f6n\u00fcm\u00fc v\u0259 pe\u015f\u0259 bayramlar\u0131 m\u00fcnasib\u0259ti il\u0259 xidm\u0259td\u0259 f\u0259rql\u0259n\u0259n bir qrup \u0259m\u0259kda\u015f v\u0259 \u00e7a\u011f\u0131r\u0131\u015fa q\u0259d\u0259rki haz\u0131rl\u0131q f\u0259nnini t\u0259dris ed\u0259n m\u00fc\u0259lliml\u0259r T\u0259rt\u0259r Rayon \u0130cra Hakimiyy\u0259ti v\u0259 D\u00f6vl\u0259t Xidm\u0259tinin T\u0259rt\u0259r rayon \u015f\u00f6b\u0259si t\u0259r\u0259find\u0259n F\u0259xri F\u0259rmanlarla t\u0259ltif olunublar.<\/p>\n<p>&nbsp;<\/p>\n","protected":false},"excerpt":{"rendered":"<p>T\u0259rt\u0259rd\u0259 S\u0259f\u0259rb\u0259rlik v\u0259 H\u0259rbi Xidm\u0259t\u0259 \u00c7a\u011f\u0131r\u0131\u015f \u00fczr\u0259 D\u00f6vl\u0259t Xidm\u0259tinin \u018fm\u0259kda\u015flar\u0131n\u0131n pe\u015f\u0259 bayram\u0131 v\u0259 Xidm\u0259tin yarad\u0131lmas\u0131n\u0131n 11-ci ild\u00f6n\u00fcm\u00fc m\u00fcnasib\u0259ti il\u0259 t\u0259dbir ke\u00e7irilib. T\u0259dbird\u0259 T\u0259rt\u0259r Rayon \u0130cra Hakimiyy\u0259tinin ba\u015f\u00e7\u0131s\u0131 M\u00fcst\u0259qim M\u0259mm\u0259dov, h\u00fcquq-m\u00fchafiz\u0259 orqanlar\u0131n\u0131n r\u0259hb\u0259rl\u0259ri, YAP rayon T\u0259\u015fkilat\u0131n\u0131n s\u0259dri Eldar \u018fs\u0259dov, S\u0259f\u0259rb\u0259rlik v\u0259 H\u0259rbi Xidm\u0259t\u0259 \u00c7a\u011f\u0131r\u0131\u015f \u00fczr\u0259 D\u00f6vl\u0259t Xidm\u0259tinin rayon \u015f\u00f6b\u0259sinin \u0259m\u0259kda\u015flar\u0131, qazil\u0259r i\u015ftirak edibl\u0259r. \u018fvv\u0259lc\u0259 t\u0259dbir i\u015ftirak\u00e7\u0131lar\u0131 [&hellip;]<\/p>\n","protected":false},"author":2,"featured_media":0,"comment_status":"closed","ping_status":"closed","sticky":false,"template":"","format":"standard","meta":[],"categories":[10],"tags":[],"_links":{"self":[{"href":"https:\/\/yeniterter.az\/index.php?rest_route=\/wp\/v2\/posts\/24403"}],"collection":[{"href":"https:\/\/yeniterter.az\/index.php?rest_route=\/wp\/v2\/posts"}],"about":[{"href":"https:\/\/yeniterter.az\/index.php?rest_route=\/wp\/v2\/types\/post"}],"author":[{"embeddable":true,"href":"https:\/\/yeniterter.az\/index.php?rest_route=\/wp\/v2\/users\/2"}],"replies":[{"embeddable":true,"href":"https:\/\/yeniterter.az\/index.php?rest_route=%2Fwp%2Fv2%2Fcomments&post=24403"}],"version-history":[{"count":1,"href":"https:\/\/yeniterter.az\/index.php?rest_route=\/wp\/v2\/posts\/24403\/revisions"}],"predecessor-version":[{"id":24405,"href":"https:\/\/yeniterter.az\/index.php?rest_route=\/wp\/v2\/posts\/24403\/revisions\/24405"}],"wp:attachment":[{"href":"https:\/\/yeniterter.az\/index.php?rest_route=%2Fwp%2Fv2%2Fmedia&parent=24403"}],"wp:term":[{"taxonomy":"category","embeddable":true,"href":"https:\/\/yeniterter.az\/index.php?rest_route=%2Fwp%2Fv2%2Fcategories&post=24403"},{"taxonomy":"post_tag","embeddable":true,"href":"https:\/\/yeniterter.az\/index.php?rest_route=%2Fwp%2Fv2%2Ftags&post=24403"}],"curies":[{"name":"wp","href":"https:\/\/api.w.org\/{rel}","templated":true}]}}