{"id":24400,"date":"2023-02-20T11:31:42","date_gmt":"2023-02-20T08:31:42","guid":{"rendered":"https:\/\/yeniterter.az\/?p=24400"},"modified":"2023-02-20T11:31:42","modified_gmt":"2023-02-20T08:31:42","slug":"rayonumuzun-umumt%c9%99hsil-m%c9%99kt%c9%99bl%c9%99rinin-yuxari-sinif-sagirdl%c9%99ri-arasinda-r%c9%99sm-musabiq%c9%99si-kecirilib","status":"publish","type":"post","link":"https:\/\/yeniterter.az\/?p=24400","title":{"rendered":"Rayonumuzun \u00fcmumt\u0259hsil m\u0259kt\u0259bl\u0259rinin yuxar\u0131 sinif \u015fagirdl\u0259ri aras\u0131nda r\u0259sm m\u00fcsabiq\u0259si ke\u00e7irilib"},"content":{"rendered":"<p><em><strong>Bu g\u00fcnl\u0259rd\u0259 rayon \u0130cra Hakimiyy\u0259tinin, YAP rayon t\u0259\u015fkilat\u0131n\u0131n v\u0259 rayon t\u0259hsil sektorunun t\u0259\u015fkilat\u00e7\u0131l\u0131\u011f\u0131 il\u0259 G\u0259ncl\u0259r v\u0259 \u0130dman \u0130dar\u0259sinin inzibati binas\u0131nda rayonun \u00fcmumt\u0259hsil m\u0259kt\u0259bl\u0259rinin yuxar\u0131 sinif \u015fagirdl\u0259ri aras\u0131nda r\u0259sm m\u00fcsabiq\u0259si ke\u00e7irilib.<\/strong><\/em><br \/>\n<em><strong>R\u0259sm m\u00fcsabiq\u0259sin\u0259 m\u0259kt\u0259blil\u0259rin \u00e7\u0259kdiyi 36 r\u0259sm t\u0259qdim olunub.<\/strong><\/em><br \/>\n<em><strong>Rayonun G\u00fclabatl\u0131 k\u0259nd tam orta m\u0259kt\u0259binin 8-ci sinif \u015fagirdi Sar\u0131yeva K\u00f6n\u00fcl Natiq q\u0131z\u0131 I yer\u0259, \u018fskipara k\u0259nd tam orta m\u0259kt\u0259binin 6-c\u0131 sinif \u015fagirdi Salmanzad\u0259 \u0130lkin \u018fl\u00f6vs\u0259t o\u011flu II yer\u0259, S\u0259hlabad k\u0259nd tam orta m\u0259kt\u0259binin 6-c\u0131 sinif \u015fagirdi Babayev Yusif \u0130lham o\u011flu III yer\u0259 layiq g\u00f6r\u00fcl\u00fcbl\u0259r. Qalibl\u0259r\u0259 YAP T\u0259rt\u0259r Rayon T\u0259\u015fkilat\u0131 t\u0259r\u0259find\u0259n T\u0259\u015f\u0259kk\u00fcrnam\u0259 t\u0259qdim olunub.<\/strong><\/em><br \/>\n<em><strong>\u018fm\u0259kda\u015f\u0131m\u0131z Elfuz\u0259 V\u0259liyeva m\u00fcsabiq\u0259d\u0259 I yer\u0259 layiq g\u00f6r\u00fcl\u0259n K\u00f6n\u00fcl Sariyevan\u0131 redaksiyam\u0131za d\u0259v\u0259t ed\u0259r\u0259k, onun haqq\u0131nda yaz\u0131 haz\u0131rlay\u0131b.<\/strong><\/em><\/p>\n<p style=\"text-align: center;\"><span style=\"font-size: 14pt;\"><strong>R\u0259sm yar\u0131\u015fmas\u0131n\u0131n qalibi <\/strong><\/span><\/p>\n<p><img decoding=\"async\" loading=\"lazy\" class=\" wp-image-24401 alignleft\" src=\"https:\/\/yeniterter.az\/wp-content\/uploads\/e9d5c4e71b4c72db979368773bf94e30-300x225.jpg\" alt=\"\" width=\"211\" height=\"158\" srcset=\"https:\/\/yeniterter.az\/wp-content\/uploads\/e9d5c4e71b4c72db979368773bf94e30-300x225.jpg 300w, https:\/\/yeniterter.az\/wp-content\/uploads\/e9d5c4e71b4c72db979368773bf94e30.jpg 334w\" sizes=\"(max-width: 211px) 100vw, 211px\" \/>K\u00f6n\u00fcl Sar\u0131yeva \u0259misi, Birinci Qaraba\u011f M\u00fcharib\u0259si \u015f\u0259hidi \u018fr\u015fad Sar\u0131yev ad\u0131na G\u00fclabatl\u0131 k\u0259nd tam orta m\u0259kt\u0259bin 8-ci sinif \u015fagirdidir. D\u0259rs \u0259la\u00e7\u0131s\u0131d\u0131r. K\u00f6n\u00fclgil ail\u0259d\u0259 3 u\u015faqd\u0131rlar \u2013 2 qarda\u015f, 1 bac\u0131. H\u0259r \u00fc\u00e7\u00fc h\u0259m ail\u0259nin, h\u0259m d\u0259 t\u0259hsil ald\u0131qlar\u0131 m\u0259kt\u0259bin f\u0259xridirl\u0259r.<br \/>\n2023-c\u00fc ilin \u201cHeyd\u0259r \u018fliyev ili\u201d elan edilm\u0259si ham\u0131 kimi bu \u00e7al\u0131\u015fqan \u015fagirdl\u0259rin d\u0259 m\u0259suliyy\u0259tini art\u0131rm\u0131\u015fd\u0131r. Bu yax\u0131nlarda \u201cHeyd\u0259r \u018fliyev ili\u201dn\u0259 h\u0259sr olunmu\u015f \u00fcmumt\u0259hsil m\u0259kt\u0259bl\u0259ri aras\u0131nda ke\u00e7iril\u0259n r\u0259sm yar\u0131\u015fmas\u0131nda K\u00f6n\u00fcl Sar\u0131yeva da i\u015ftirak edib. O, a\u011f par\u00e7a \u00fcz\u0259rind\u0259 fonda Az\u0259rbaycan\u0131n x\u0259rit\u0259si \u00fcz\u0259rind\u0259 Ulu \u00d6nd\u0259r Heyd\u0259r \u018fliyevin portretini i\u015fl\u0259y\u0259r\u0259k yar\u0131\u015fman\u0131n qalibi olub v\u0259 birinci yeri tutub. Bununla \u0259laq\u0259dar K\u00f6n\u00fcll\u0259 \u0259laq\u0259 saxlay\u0131b fikirl\u0259rini \u00f6yr\u0259ndim. S\u00f6hb\u0259t zaman\u0131 m\u0259lum oldu ki, onun r\u0259sml\u0259ri 5-ci sinifd\u0259 oxudu\u011fu vaxtdan s\u0259rgil\u0259nir. \u201c\u015eu\u015fa ili\u201d il\u0259 \u0259laq\u0259dar \u201cXar\u0131 b\u00fclb\u00fcl\u201d, Xocal\u0131 hadis\u0259l\u0259rin\u0259 h\u0259sr olunmu\u015f\u201dAna v\u0259 \u00f6vlad\u0131\u201d tikm\u0259l\u0259ri m\u00fcvafiq m\u00fcsabiq\u0259l\u0259rd\u0259 ona u\u011furlar qazand\u0131r\u0131b. R\u0259sm \u00e7\u0259km\u0259k, par\u00e7alar \u00fcz\u0259rind\u0259 onlar\u0131 i\u015fl\u0259m\u0259k K\u00f6n\u00fcl\u00fcn bo\u015f vaxtlar\u0131n\u0131n m\u0259\u015f\u011fuliyy\u0259ti hesab olunur. Bu i\u015fd\u0259 anas\u0131 \u00dclviyy\u0259nin k\u00f6m\u0259kliyi olub. \u201cK\u00f6nl\u00fcm ke\u00e7ir Qaraba\u011fdan\u201c, \u201c20 Yanvar\u201d onun sev\u0259-sev\u0259 i\u015fl\u0259diyi r\u0259sml\u0259rdir.<!--more--><br \/>\nK\u00f6n\u00fcl d\u0259rsl\u0259rini d\u0259 yorulmadan haz\u0131rlay\u0131r. \u0130ntellektual yar\u0131\u015fmalarda, s\u0131naq imtahanlar\u0131nda qazand\u0131\u011f\u0131 u\u011furlar \u2013 ald\u0131\u011f\u0131 \u201cDiplom\u201d, \u201cT\u0259rifnam\u0259\u201d, \u201cSertifikat\u201d g\u00fcnd\u0259n-g\u00fcn\u0259 daha yax\u015f\u0131 \u00e7al\u0131\u015fmas\u0131na s\u0259b\u0259b olur. Ax\u0131, K\u00f6n\u00fcl\u00fcn arzusu g\u0259l\u0259c\u0259kd\u0259 h\u00fcquq\u015f\u00fcnas olmaqd\u0131r. S\u0259rgil\u0259n\u0259n r\u0259sml\u0259ri is\u0259 onun d\u0259rsl\u0259rind\u0259n \u0259lav\u0259 u\u011furudur.<\/p>\n","protected":false},"excerpt":{"rendered":"<p>Bu g\u00fcnl\u0259rd\u0259 rayon \u0130cra Hakimiyy\u0259tinin, YAP rayon t\u0259\u015fkilat\u0131n\u0131n v\u0259 rayon t\u0259hsil sektorunun t\u0259\u015fkilat\u00e7\u0131l\u0131\u011f\u0131 il\u0259 G\u0259ncl\u0259r v\u0259 \u0130dman \u0130dar\u0259sinin inzibati binas\u0131nda rayonun \u00fcmumt\u0259hsil m\u0259kt\u0259bl\u0259rinin yuxar\u0131 sinif \u015fagirdl\u0259ri aras\u0131nda r\u0259sm m\u00fcsabiq\u0259si ke\u00e7irilib. R\u0259sm m\u00fcsabiq\u0259sin\u0259 m\u0259kt\u0259blil\u0259rin \u00e7\u0259kdiyi 36 r\u0259sm t\u0259qdim olunub. Rayonun G\u00fclabatl\u0131 k\u0259nd tam orta m\u0259kt\u0259binin 8-ci sinif \u015fagirdi Sar\u0131yeva K\u00f6n\u00fcl Natiq q\u0131z\u0131 I yer\u0259, \u018fskipara k\u0259nd [&hellip;]<\/p>\n","protected":false},"author":2,"featured_media":0,"comment_status":"closed","ping_status":"closed","sticky":false,"template":"","format":"standard","meta":[],"categories":[10],"tags":[],"_links":{"self":[{"href":"https:\/\/yeniterter.az\/index.php?rest_route=\/wp\/v2\/posts\/24400"}],"collection":[{"href":"https:\/\/yeniterter.az\/index.php?rest_route=\/wp\/v2\/posts"}],"about":[{"href":"https:\/\/yeniterter.az\/index.php?rest_route=\/wp\/v2\/types\/post"}],"author":[{"embeddable":true,"href":"https:\/\/yeniterter.az\/index.php?rest_route=\/wp\/v2\/users\/2"}],"replies":[{"embeddable":true,"href":"https:\/\/yeniterter.az\/index.php?rest_route=%2Fwp%2Fv2%2Fcomments&post=24400"}],"version-history":[{"count":1,"href":"https:\/\/yeniterter.az\/index.php?rest_route=\/wp\/v2\/posts\/24400\/revisions"}],"predecessor-version":[{"id":24402,"href":"https:\/\/yeniterter.az\/index.php?rest_route=\/wp\/v2\/posts\/24400\/revisions\/24402"}],"wp:attachment":[{"href":"https:\/\/yeniterter.az\/index.php?rest_route=%2Fwp%2Fv2%2Fmedia&parent=24400"}],"wp:term":[{"taxonomy":"category","embeddable":true,"href":"https:\/\/yeniterter.az\/index.php?rest_route=%2Fwp%2Fv2%2Fcategories&post=24400"},{"taxonomy":"post_tag","embeddable":true,"href":"https:\/\/yeniterter.az\/index.php?rest_route=%2Fwp%2Fv2%2Ftags&post=24400"}],"curies":[{"name":"wp","href":"https:\/\/api.w.org\/{rel}","templated":true}]}}