{"id":24095,"date":"2023-01-10T12:13:38","date_gmt":"2023-01-10T09:13:38","guid":{"rendered":"https:\/\/yeniterter.az\/?p=24095"},"modified":"2023-01-10T12:14:20","modified_gmt":"2023-01-10T09:14:20","slug":"%c9%99fsan%c9%99vi-taborun-s%c9%99had%c9%99t%c9%99-yuks%c9%99l%c9%99n-son-s%c9%99hidi","status":"publish","type":"post","link":"https:\/\/yeniterter.az\/?p=24095","title":{"rendered":"\u018fFSAN\u018fV\u0130 TABORUN \u015e\u018fHAD\u018fT\u018f Y\u00dcKS\u018fL\u018fN SON \u015e\u018fH\u0130D\u0130"},"content":{"rendered":"<p><img decoding=\"async\" loading=\"lazy\" class=\" wp-image-24096 alignleft\" src=\"https:\/\/yeniterter.az\/wp-content\/uploads\/a9606d35-45e4-42cd-bd7b-74a2595add4e-200x300.jpg\" alt=\"\" width=\"108\" height=\"162\" srcset=\"https:\/\/yeniterter.az\/wp-content\/uploads\/a9606d35-45e4-42cd-bd7b-74a2595add4e-200x300.jpg 200w, https:\/\/yeniterter.az\/wp-content\/uploads\/a9606d35-45e4-42cd-bd7b-74a2595add4e.jpg 283w\" sizes=\"(max-width: 108px) 100vw, 108px\" \/><img decoding=\"async\" loading=\"lazy\" class=\"wp-image-24097 alignleft\" src=\"https:\/\/yeniterter.az\/wp-content\/uploads\/\u0411\u0435\u0437-\u043d\u0430\u0437\u0432\u0430\u043d\u0438\u044f-33.jpg\" alt=\"\" width=\"239\" height=\"144\" \/>Q\u0259dim o\u011fuz t\u00fcrkl\u0259rinin ya\u015fad\u0131\u011f\u0131 Qaraba\u011f\u0131m\u0131z\u0131n h\u0259r qar\u0131\u015f torpa\u011f\u0131 v\u0259 onun h\u0259r da\u015f\u0131 bir tarixdir. G\u00fcll\u0259l\u0259rin izi, \u015f\u0259hidl\u0259rimizin qan\u0131 il\u0259 yaz\u0131lan bu tarix, h\u0259m d\u0259 o\u011fuz t\u00fcrkl\u0259rinin tarix salnam\u0259sidir. Bu salnam\u0259d\u0259 Z\u0259f\u0259r tarixi ya\u015fayan v\u0259 ya\u015fadan \u0259fsan\u0259vi taborun son \u015f\u0259-hidini tan\u0131tmaq ist\u0259yir\u0259m.<br \/>\nQurbanov Yusif Arif o\u011flu 12 noyabr 1998-ci ild\u0259 Goranboy rayonunun \u015e\u0259f\u0259q k\u0259ndind\u0259 anadan olmu\u015fdur. O, bu k\u0259ndd\u0259 orta m\u0259kt\u0259bi bitirdikd\u0259n sonra 2017-ci ilin yanvar ay\u0131nda h\u0259rbi xidm\u0259t\u0259 \u00e7a\u011f\u0131r\u0131l\u0131r. Yusif xidm\u0259tinin on ikinci ay\u0131nda k\u00f6n\u00fcll\u00fc olaraq x\u00fcsusi t\u0259yinatl\u0131 q\u00fcvv\u0259l\u0259rd\u0259 h\u0259rbi xidm\u0259tini davam etdirmi\u015f v\u0259 bu qo\u015fun n\u00f6v\u00fcnd\u0259 ki\u00e7ik gizir v\u0259zif\u0259sin\u0259 layiq g\u00f6r\u00fclm\u00fc\u015fd\u00fc. V\u0259t\u0259n m\u00fcharib\u0259si ba\u015flananda o da torpaqlar\u0131m\u0131z\u0131 azad etm\u0259k \u00fc\u00e7\u00fcn d\u00f6y\u00fc\u015fl\u0259r\u0259 qat\u0131ld\u0131. \u0130lk d\u0259f\u0259 C\u0259bray\u0131l u\u011frunda ged\u0259n d\u00f6y\u00fc\u015fl\u0259rd\u0259 aya\u011f\u0131ndan says\u0131z q\u0259lp\u0259 yaralar\u0131 almas\u0131na baxmayaraq q\u0131sa m\u00fcdd\u0259td\u0259 yenid\u0259n d\u00f6y\u00fc\u015fl\u0259r\u0259 at\u0131ld\u0131. C\u0259bray\u0131ldan \u015eu\u015faya kimi d\u00f6y\u00fc\u015f yolu ke\u00e7\u0259n Yusif Qurbanov d\u00f6rd d\u0259f\u0259 yaralan\u0131r. Lakin o, sa\u011falar-sa\u011falmaz yenid\u0259n d\u00f6y\u00fc\u015f yolda\u015flar\u0131n\u0131n yan\u0131na qay\u0131d\u0131r. G\u00f6st\u0259rdiyi \u015f\u00fcca\u0259tl\u0259r\u0259 g\u00f6r\u0259 Prezident \u0130lham \u018fliyevin S\u0259r\u0259ncamlar\u0131 il\u0259 3 -c\u00fc d\u0259r\u0259c\u0259li \u201cV\u0259t\u0259n\u0259 xidm\u0259t\u0259 g\u00f6r\u0259\u201d ordeni il\u0259 v\u0259 \u201c\u015e\u00fcca\u0259t\u0259 g\u00f6r\u0259\u201d, \u201cV\u0259t\u0259n u\u011frunda\u201d, \u201cC\u0259bray\u0131l\u0131n azad olunmas\u0131na g\u00f6r\u0259\u201d, \u201cF\u00fczulinin azad olunmas\u0131na g\u00f6r\u0259\u201d, \u201cK\u0259lb\u0259c\u0259rin azad olunmas\u0131na g\u00f6r\u0259\u201d medallar\u0131 il\u0259 t\u0259ltif edilib.<br \/>\n2022-ci ilin sentyabr\u0131nda d\u00fc\u015fm\u0259nin geni\u015fmiqyasl\u0131 t\u0259xribatlar\u0131 n\u0259tic\u0259sind\u0259 K\u0259lb\u0259c\u0259r u\u011frunda ged\u0259n d\u00f6y\u00fc\u015fl\u0259rd\u0259 yenid\u0259n i\u015ftirak edir. \u00c7\u0259tin mane\u0259l\u0259ri ke\u00e7\u0259n bacar\u0131ql\u0131 k\u0259\u015ffiyyat\u00e7\u0131 d\u00fc\u015fm\u0259n\u0259 a\u011f\u0131r z\u0259rb\u0259l\u0259r vurur. Sentyabr\u0131n 12-d\u0259 is\u0259 gec\u0259 saatlar\u0131nda minaya d\u00fc\u015f\u0259r\u0259k yaralan\u0131r v\u0259 sa\u011f aya\u011f\u0131n\u0131 itirir. O, K\u0259lb\u0259c\u0259r H\u0259rbi Hospital\u0131nda ilkin yard\u0131m ald\u0131qdan sonra Bak\u0131ya apar\u0131l\u0131r v\u0259 M\u0259rk\u0259zi H\u0259rbi Klinik Hospitala yerl\u0259\u015fdirilir. Be\u015f g\u00fcn komada qalan Yusif Qurbanov h\u0259kiml\u0259rin s\u0259yin\u0259 baxmayaraq sentyabr\u0131n 17-d\u0259 \u015f\u0259had\u0259t\u0259 y\u00fcks\u0259lir. 18.09.2022-ci ild\u0259 Goranboy rayonunun \u015e\u0259f\u0259q k\u0259ndind\u0259 d\u0259fn edilir. O, g\u0259ncliyinin \u00e7a\u011flayan anlar\u0131n\u0131 ya\u015faya bilmir. 24 ya\u015fl\u0131 \u015f\u0259hidimiz ni\u015fanl\u0131 idi. T\u0259rt\u0259rd\u0259n ni\u015fanland\u0131\u011f\u0131 M\u0259lah\u0259t A\u011fayevayla ail\u0259 h\u0259yat\u0131 quracaqd\u0131. Ancaq bu iki g\u0259ncin arzular\u0131 nakam qald\u0131.<!--more--><br \/>\nD\u00f6y\u00fc\u015f yolda\u015f\u0131 M\u0259h\u0259mm\u0259d Haqverdiyevin dedikl\u0259ri: \u201c\u00d6lm\u0259yi v\u0259 \u00f6ld\u00fcrm\u0259yi bacaran igid o\u011ful idi. 44 g\u00fcnl\u00fck m\u00fcharib\u0259 zaman\u0131 d\u0259f\u0259l\u0259rl\u0259 yaralanm\u0131\u015fd\u0131. Onun yenid\u0259n d\u00f6y\u00fc\u015fl\u0259r\u0259 qat\u0131lmas\u0131 m\u00f6c\u00fcz\u0259 idi. \u00c7\u00fcnki \u015eu\u015fan\u0131n azad olunmas\u0131na on g\u00fcn qalm\u0131\u015f, yaralar\u0131n\u0131n sa\u011falmad\u0131\u011f\u0131 bir halda d\u00f6y\u00fc\u015f meydan\u0131na qay\u0131td\u0131 v\u0259 d\u00f6y\u00fc\u015f\u00fc sona kimi yaral\u0131 v\u0259ziyy\u0259td\u0259 davam etdirdi. H\u0259tta m\u00fcharib\u0259d\u0259n sonra da soyuqlu ayda, K\u0259lb\u0259c\u0259rin d\u00fc\u015fm\u0259nd\u0259n t\u0259mizl\u0259nm\u0259sini t\u0259min etm\u0259liydik. Bu tap\u015f\u0131r\u0131\u011f\u0131 yerin\u0259 yetir\u0259rk\u0259n Yusif q\u0259zaya u\u011frad\u0131 v\u0259 yaraland\u0131. Lakin buna baxmayaraq, sona kimi yan\u0131m\u0131zda oldu. Bu hadis\u0259d\u0259n on g\u00fcn ke\u00e7m\u0259mi\u015fdi ki, \u015eu\u015fa istiqam\u0259tind\u0259 ba\u015fqa bir tap\u015f\u0131r\u0131q ald\u0131q. D\u00fc\u015fm\u0259nin t\u0259xribat\u0131n\u0131n qar\u015f\u0131s\u0131n\u0131 almal\u0131yd\u0131q. H\u0259min d\u00f6y\u00fc\u015f tap\u015f\u0131r\u0131\u011f\u0131na 2 d\u00f6y\u00fc\u015f qrupu getdi. Bu d\u00f6y\u00fc\u015fl\u0259rd\u0259 Ramil M\u0259mm\u0259dov \u015f\u0259hid oldu. Yusif Qurbanov is\u0259 yaraland\u0131. \u015eu\u015fada h\u0259kiml\u0259r ondan soru\u015fdu ki, a\u011fr\u0131n varm\u0131? O dedi ki, he\u00e7 n\u0259yim yoxdu, d\u00f6y\u00fc\u015f yolda\u015flar\u0131m\u0131n yan\u0131na getm\u0259k ist\u0259yir\u0259m\u201d. \u015eirvan rayon x\u0259st\u0259xanas\u0131nda m\u00fcayin\u0259d\u0259n sonra m\u0259lum olur ki, iki qab\u0131r\u011fas\u0131n\u0131n q\u0131r\u0131lmas\u0131na baxmayaraq, yen\u0259 d\u0259 d\u00f6y\u00fc\u015f\u0259 getm\u0259k ist\u0259yir. O, sa\u011fald\u0131qdan sonra yen\u0259 X\u00fcsusi T\u0259yinatl\u0131lar\u0131n t\u0259rkibind\u0259 i\u015fini davam etdirm\u0259y\u0259 ba\u015flad\u0131. Ax\u0131r\u0131nc\u0131 d\u00f6y\u00fc\u015f tap\u015f\u0131r\u0131\u011f\u0131ndan \u0259vv\u0259l b\u00fct\u00fcn yolda\u015flar\u0131na s\u0259s at\u0131b halall\u0131q ist\u0259mi\u015fdi. Deyirdi, h\u0259r \u015fey ola bil\u0259r. Sonra da g\u00fcl\u0259-g\u00fcl\u0259 deyir ki, m\u0259n \u00e7ox x\u0259talardan qurtarm\u0131\u015fam, y\u0259qin Allah m\u0259ni qoruyur. \u0130n\u015fallah ki, bu d\u00f6y\u00fc\u015fd\u0259n d\u0259 \u00fcz\u00fca\u011f, sa\u011f-salamat \u00e7\u0131xar\u0131q. N\u0259s\u0259 d\u0259 olsa, Allah m\u0259n\u0259 \u015f\u0259hid kimi \u00f6lm\u0259yi n\u0259sib etsin.<br \/>\nYusif Qurbanov arzusuna \u00e7atd\u0131. Sentyabr\u0131n 17-d\u0259 \u0259n uca m\u0259qama y\u00fcks\u0259ldi. Allah r\u0259hm\u0259t el\u0259sin. Anas\u0131 deyir ki, m\u0259nim balam \u015f\u0259hid olana kimi ancaq torpaq, v\u0259t\u0259n, dostlar\u0131n\u0131 deyirdi. \u00c7\u00fcnki biz \u015f\u0259hidl\u0259rimizin can\u0131-qan\u0131 bahas\u0131na \u0259razi b\u00fct\u00f6vl\u00fcy\u00fcm\u00fc-z\u00fc t\u0259min etdik v\u0259 haqq\u0131m\u0131z\u0131 \u015f\u0259r\u0259fl\u0259 geri alaraq t\u00fcrk\u00fcn Z\u0259f\u0259r dastan\u0131n\u0131 yazd\u0131q.<\/p>\n<p style=\"text-align: right;\"><em><strong>Q\u0131zb\u0259s H\u00fcseynova,<\/strong><\/em><br \/>\n<em><strong>Umudlu k\u0259nd tam orta m\u0259kt\u0259bin tarix m\u00fc\u0259llimi<\/strong><\/em><\/p>\n","protected":false},"excerpt":{"rendered":"<p>Q\u0259dim o\u011fuz t\u00fcrkl\u0259rinin ya\u015fad\u0131\u011f\u0131 Qaraba\u011f\u0131m\u0131z\u0131n h\u0259r qar\u0131\u015f torpa\u011f\u0131 v\u0259 onun h\u0259r da\u015f\u0131 bir tarixdir. G\u00fcll\u0259l\u0259rin izi, \u015f\u0259hidl\u0259rimizin qan\u0131 il\u0259 yaz\u0131lan bu tarix, h\u0259m d\u0259 o\u011fuz t\u00fcrkl\u0259rinin tarix salnam\u0259sidir. Bu salnam\u0259d\u0259 Z\u0259f\u0259r tarixi ya\u015fayan v\u0259 ya\u015fadan \u0259fsan\u0259vi taborun son \u015f\u0259-hidini tan\u0131tmaq ist\u0259yir\u0259m. Qurbanov Yusif Arif o\u011flu 12 noyabr 1998-ci ild\u0259 Goranboy rayonunun \u015e\u0259f\u0259q k\u0259ndind\u0259 anadan olmu\u015fdur. [&hellip;]<\/p>\n","protected":false},"author":2,"featured_media":0,"comment_status":"closed","ping_status":"closed","sticky":false,"template":"","format":"standard","meta":[],"categories":[39],"tags":[],"_links":{"self":[{"href":"https:\/\/yeniterter.az\/index.php?rest_route=\/wp\/v2\/posts\/24095"}],"collection":[{"href":"https:\/\/yeniterter.az\/index.php?rest_route=\/wp\/v2\/posts"}],"about":[{"href":"https:\/\/yeniterter.az\/index.php?rest_route=\/wp\/v2\/types\/post"}],"author":[{"embeddable":true,"href":"https:\/\/yeniterter.az\/index.php?rest_route=\/wp\/v2\/users\/2"}],"replies":[{"embeddable":true,"href":"https:\/\/yeniterter.az\/index.php?rest_route=%2Fwp%2Fv2%2Fcomments&post=24095"}],"version-history":[{"count":2,"href":"https:\/\/yeniterter.az\/index.php?rest_route=\/wp\/v2\/posts\/24095\/revisions"}],"predecessor-version":[{"id":24099,"href":"https:\/\/yeniterter.az\/index.php?rest_route=\/wp\/v2\/posts\/24095\/revisions\/24099"}],"wp:attachment":[{"href":"https:\/\/yeniterter.az\/index.php?rest_route=%2Fwp%2Fv2%2Fmedia&parent=24095"}],"wp:term":[{"taxonomy":"category","embeddable":true,"href":"https:\/\/yeniterter.az\/index.php?rest_route=%2Fwp%2Fv2%2Fcategories&post=24095"},{"taxonomy":"post_tag","embeddable":true,"href":"https:\/\/yeniterter.az\/index.php?rest_route=%2Fwp%2Fv2%2Ftags&post=24095"}],"curies":[{"name":"wp","href":"https:\/\/api.w.org\/{rel}","templated":true}]}}