{"id":24092,"date":"2023-01-10T12:08:22","date_gmt":"2023-01-10T09:08:22","guid":{"rendered":"https:\/\/yeniterter.az\/?p=24092"},"modified":"2023-01-10T12:08:22","modified_gmt":"2023-01-10T09:08:22","slug":"mulki-s%c9%99hidimiz-2","status":"publish","type":"post","link":"https:\/\/yeniterter.az\/?p=24092","title":{"rendered":"M\u00fclki \u015f\u0259hidimiz"},"content":{"rendered":"<p style=\"text-align: center;\"><span style=\"font-size: 14pt;\">Bu v\u0259h\u015filik unudulmayacaq<\/span><\/p>\n<p><img decoding=\"async\" loading=\"lazy\" class=\" wp-image-24093 alignright\" src=\"https:\/\/yeniterter.az\/wp-content\/uploads\/22121-289x300.jpg\" alt=\"\" width=\"170\" height=\"176\" srcset=\"https:\/\/yeniterter.az\/wp-content\/uploads\/22121-289x300.jpg 289w, https:\/\/yeniterter.az\/wp-content\/uploads\/22121-986x1024.jpg 986w, https:\/\/yeniterter.az\/wp-content\/uploads\/22121-768x798.jpg 768w, https:\/\/yeniterter.az\/wp-content\/uploads\/22121.jpg 1155w\" sizes=\"(max-width: 170px) 100vw, 170px\" \/>\u018fs\u0259dov Sabit Usub o\u011flu 1981-ci ilin iyul ay\u0131n\u0131n 27-d\u0259 ke\u00e7mi\u015f A\u011fd\u0259r\u0259 rayonunun S\u0131rxav\u0259nd k\u0259ndind\u0259 anadan olub. Do\u011fma k\u0259ndl\u0259rinin i\u015f\u011fal\u0131ndan sonra ail\u0259si il\u0259 birlikd\u0259 T\u0259rt\u0259r rayonunun \u015e\u0131xarx q\u0259s\u0259b\u0259sind\u0259 m\u0259skunla\u015f\u0131b.<br \/>\nUzun ill\u0259r qa\u00e7q\u0131n-k\u00f6\u00e7k\u00fcn h\u0259yat\u0131 ya\u015fay\u0131blar. Son ill\u0259rd\u0259 is\u0259 \u015e\u0131xarxda tikilmi\u015f yeni q\u0259s\u0259b\u0259d\u0259 ail\u0259sin\u0259 3 otaql\u0131 m\u0259nzil veribl\u0259r. \u015e\u0259raitl\u0259ri, dolan\u0131\u015f\u0131qlar\u0131 yax\u015f\u0131la\u015fsa da, \u00fcr\u0259yind\u0259ki yurd nisgili z\u0259rr\u0259 q\u0259d\u0259r azalmam\u0131\u015fd\u0131.<br \/>\nQarda\u015f\u0131 \u0130sg\u0259nd\u0259r \u018fs\u0259dovun dedikl\u0259rind\u0259n: \u201cM\u00fcharib\u0259nin 3-c\u00fc g\u00fcn\u00fc idi. M\u0259n i\u015fd\u0259ydim. Erm\u0259nil\u0259r ya\u015fay\u0131\u015f m\u0259nt\u0259q\u0259l\u0259rimizi g\u00fccl\u00fc at\u0259\u015f\u0259 tuturdular. Qarda\u015f\u0131mdan \u00e7ox nigaran idim. Bilirdim ki, q\u0259s\u0259b\u0259d\u0259n he\u00e7 yer\u0259 getmir.<br \/>\nM\u0259n d\u0259 q\u0259s\u0259b\u0259y\u0259 yolland\u0131m. Sabitl\u0259 g\u00f6r\u00fc\u015f\u00fcb, ehtiyatl\u0131 olma\u011f\u0131 xahi\u015f etdim. Dedim, \u00f6z\u00fcn\u00fc qoru, \u00fc\u00e7 \u00f6vlad\u0131n var\u201d.<br \/>\nLakin Sabit evind\u0259n uzaqla\u015fmaq ist\u0259m\u0259yib. Qarda\u015f\u0131 \u0130sg\u0259nd\u0259r g\u00fcn\u00fcn ikinci yar\u0131s\u0131nda yenid\u0259n q\u0259s\u0259b\u0259y\u0259 g\u0259l\u0259nd\u0259, qazanxanan\u0131n yan\u0131na m\u0259rmi d\u00fc\u015fd\u00fcy\u00fcn\u00fc g\u00f6r\u00fcb. Q\u0259lp\u0259l\u0259r \u0259trafa yay\u0131l\u0131b, bir ne\u00e7\u0259 n\u0259f\u0259ri yaralam\u0131\u015fd\u0131. Onlardan biri d\u0259 Sabit idi.<br \/>\nSabiti B\u0259rd\u0259 m\u0259rk\u0259zi x\u0259st\u0259xanas\u0131na \u00e7atd\u0131rsalar da, h\u0259yat\u0131n\u0131 xilas etm\u0259k m\u00fcm-k\u00fcn olmay\u0131b. O, sentyabr\u0131n 29-da B\u0259rd\u0259 rayonunun C\u0259-yirli k\u0259ndind\u0259 d\u0259fn olunub.<br \/>\nSabit \u018fs\u0259dovun h\u0259yat yolda\u015f\u0131 S\u0259ad\u0259t xan\u0131m bu g\u00fcn 3 \u00f6vlad\u0131n\u0131 atas\u0131z b\u00f6y\u00fcd\u00fcr. Tacirin, Fidan\u0131n, Nurcan\u0131n atal\u0131, xo\u015fb\u0259xt g\u00fcnl\u0259rini erm\u0259ni c\u0259lladlar\u0131 \u0259ll\u0259rind\u0259n al\u0131blar. T\u0259kc\u0259 bu ail\u0259 deyil, b\u00fct\u00fcn xalq\u0131m\u0131z g\u00fcnahs\u0131z insanlar\u0131n qan\u0131n\u0131 t\u00f6k\u0259n erm\u0259ni c\u0259lladlar\u0131n\u0131n v\u0259h\u015filiyini he\u00e7 zaman unutmayacaq.<br \/>\nSad\u0259, z\u0259hm\u0259tke\u015f insan olan Sabit \u018fs\u0259dovun xatir\u0259si q\u0259lbl\u0259rd\u0259 ya\u015fayacaq.<\/p>\n<p style=\"text-align: right;\"><em><strong>Svetlana Ba\u011f\u0131rovan\u0131n<\/strong><\/em><br \/>\n<em><strong>\u201cT\u0259rt\u0259rin tarix yazan o\u011fullar\u0131\u201d kitab\u0131ndan<\/strong><\/em><\/p>\n<p>&nbsp;<\/p>\n","protected":false},"excerpt":{"rendered":"<p>Bu v\u0259h\u015filik unudulmayacaq \u018fs\u0259dov Sabit Usub o\u011flu 1981-ci ilin iyul ay\u0131n\u0131n 27-d\u0259 ke\u00e7mi\u015f A\u011fd\u0259r\u0259 rayonunun S\u0131rxav\u0259nd k\u0259ndind\u0259 anadan olub. Do\u011fma k\u0259ndl\u0259rinin i\u015f\u011fal\u0131ndan sonra ail\u0259si il\u0259 birlikd\u0259 T\u0259rt\u0259r rayonunun \u015e\u0131xarx q\u0259s\u0259b\u0259sind\u0259 m\u0259skunla\u015f\u0131b. Uzun ill\u0259r qa\u00e7q\u0131n-k\u00f6\u00e7k\u00fcn h\u0259yat\u0131 ya\u015fay\u0131blar. Son ill\u0259rd\u0259 is\u0259 \u015e\u0131xarxda tikilmi\u015f yeni q\u0259s\u0259b\u0259d\u0259 ail\u0259sin\u0259 3 otaql\u0131 m\u0259nzil veribl\u0259r. \u015e\u0259raitl\u0259ri, dolan\u0131\u015f\u0131qlar\u0131 yax\u015f\u0131la\u015fsa da, \u00fcr\u0259yind\u0259ki yurd nisgili [&hellip;]<\/p>\n","protected":false},"author":2,"featured_media":0,"comment_status":"closed","ping_status":"closed","sticky":false,"template":"","format":"standard","meta":[],"categories":[39],"tags":[],"_links":{"self":[{"href":"https:\/\/yeniterter.az\/index.php?rest_route=\/wp\/v2\/posts\/24092"}],"collection":[{"href":"https:\/\/yeniterter.az\/index.php?rest_route=\/wp\/v2\/posts"}],"about":[{"href":"https:\/\/yeniterter.az\/index.php?rest_route=\/wp\/v2\/types\/post"}],"author":[{"embeddable":true,"href":"https:\/\/yeniterter.az\/index.php?rest_route=\/wp\/v2\/users\/2"}],"replies":[{"embeddable":true,"href":"https:\/\/yeniterter.az\/index.php?rest_route=%2Fwp%2Fv2%2Fcomments&post=24092"}],"version-history":[{"count":1,"href":"https:\/\/yeniterter.az\/index.php?rest_route=\/wp\/v2\/posts\/24092\/revisions"}],"predecessor-version":[{"id":24094,"href":"https:\/\/yeniterter.az\/index.php?rest_route=\/wp\/v2\/posts\/24092\/revisions\/24094"}],"wp:attachment":[{"href":"https:\/\/yeniterter.az\/index.php?rest_route=%2Fwp%2Fv2%2Fmedia&parent=24092"}],"wp:term":[{"taxonomy":"category","embeddable":true,"href":"https:\/\/yeniterter.az\/index.php?rest_route=%2Fwp%2Fv2%2Fcategories&post=24092"},{"taxonomy":"post_tag","embeddable":true,"href":"https:\/\/yeniterter.az\/index.php?rest_route=%2Fwp%2Fv2%2Ftags&post=24092"}],"curies":[{"name":"wp","href":"https:\/\/api.w.org\/{rel}","templated":true}]}}