{"id":24012,"date":"2022-12-29T10:43:58","date_gmt":"2022-12-29T07:43:58","guid":{"rendered":"https:\/\/yeniterter.az\/?p=24012"},"modified":"2022-12-29T10:43:58","modified_gmt":"2022-12-29T07:43:58","slug":"mulki-s%c9%99hidimiz","status":"publish","type":"post","link":"https:\/\/yeniterter.az\/?p=24012","title":{"rendered":"M\u00fclki \u015f\u0259hidimiz"},"content":{"rendered":"<p style=\"text-align: center;\"><strong>Ail\u0259si il\u0259 g\u00f6r\u00fc\u015fm\u0259y\u0259 gedirdi, artilleriya m\u0259rmisin\u0259 tu\u015f g\u0259ldi<\/strong><\/p>\n<p><img decoding=\"async\" loading=\"lazy\" class=\" wp-image-24013 alignright\" src=\"https:\/\/yeniterter.az\/wp-content\/uploads\/\u0411\u0435\u0437-\u043d\u0430\u0437\u0432\u0430\u043d\u0438\u044f-32.jpg\" alt=\"\" width=\"203\" height=\"181\" \/>H\u0259s\u0259nov Zabil M\u0259h\u0259mm\u0259d o\u011flu 1983-c\u00fc ilin iyun ay\u0131n\u0131n 1-d\u0259 K\u0259lb\u0259c\u0259r rayonunun Bozlu k\u0259ndind\u0259 anadan olub. Do\u011fma k\u0259ndl\u0259rinin erm\u0259nil\u0259r t\u0259r\u0259find\u0259n i\u015f\u011fal\u0131ndan sonra ail\u0259si il\u0259 birlikd\u0259 T\u0259rt\u0259r rayonunun H\u0259s\u0259nqaya k\u0259ndind\u0259 m\u0259skunla\u015f\u0131b. Bu k\u0259nd at\u0259\u015fk\u0259s d\u00f6vr\u00fcnd\u0259, Aprel hadis\u0259l\u0259ri zaman\u0131 d\u0259f\u0259l\u0259rl\u0259 d\u00fc\u015fm\u0259n artilleriyas\u0131n\u0131n h\u00fccumlar\u0131na m\u0259ruz qal\u0131b, \u015f\u0259hid verib, insanlar \u0259lil olublar.<br \/>\nV\u0259t\u0259n m\u00fcharib\u0259sinin ilk g\u00fcnl\u0259rind\u0259n H\u0259s\u0259nqaya k\u0259ndi d\u00fc\u015fm\u0259nin h\u0259d\u0259fin\u0259 \u00e7evrilmi\u015fdi. Dinc sakinl\u0259rin burada qalmas\u0131 t\u0259hl\u00fck\u0259liydi. Zabil d\u0259 h\u0259yat yolda\u015f\u0131n\u0131 v\u0259 \u00fc\u00e7 \u00f6vlad\u0131n\u0131 \u2013 \u0130lkini, Nahid\u0259ni, T\u0259mkini B\u0259rd\u0259y\u0259 g\u00f6nd\u0259rib, \u00f6z\u00fc evl\u0259rind\u0259 qalm\u0131\u015fd\u0131. T\u0259s\u0259rr\u00fcfat i\u015fl\u0259ri il\u0259 m\u0259\u015f\u011ful olurdu.<br \/>\nZabilin H\u0259s\u0259nqaya k\u0259ndind\u0259 qalmaqda m\u0259qs\u0259di \u00f6n c\u0259bh\u0259d\u0259 \u0259sg\u0259rl\u0259rimiz\u0259 yax\u0131n olmaqla, k\u00f6m\u0259k etm\u0259k idi. Sonralar bu fakt\u0131 orada xidm\u0259t ed\u0259n \u0259sg\u0259rl\u0259r dan\u0131\u015f\u0131rd\u0131lar.<br \/>\nOktyabr\u0131n 1-d\u0259 o, bazarl\u0131q edib u\u015faqlar\u0131na ba\u015f \u00e7\u0259km\u0259y\u0259 haz\u0131rla\u015fm\u0131\u015fd\u0131. \u015e\u0259h\u0259rimizin k\u00f6hn\u0259 avtova\u011fzal deyil\u0259n \u0259razisind\u0259 ma\u015f\u0131n g\u00f6zl\u0259yirdi. Bu zaman T\u0259rt\u0259r \u00e7ay\u0131 \u00fcz\u0259rind\u0259 yerl\u0259\u015f\u0259n \u015f\u0259h\u0259rin \u0259sas k\u00f6rp\u00fcs\u00fcn\u00fcn yan\u0131na d\u00fc\u015f\u0259n artilleriya m\u0259rmisinin q\u0259lp\u0259l\u0259ri d\u0259ym\u0259si n\u0259tic\u0259sind\u0259 \u015f\u0259hid olub.<br \/>\nEl\u0259 h\u0259min g\u00fcn B\u0259yimsarov k\u0259nd q\u0259biristanl\u0131\u011f\u0131nda d\u0259fn olunub.<br \/>\nErm\u0259ni terrorunun n\u00f6vb\u0259ti qurban\u0131 olan Zabil H\u0259s\u0259novun da qan\u0131 yerd\u0259 qalmad\u0131. D\u00fc\u015fm\u0259nd\u0259n f\u0259rqli olaraq, Az\u0259rbaycan Ordusu onlar\u0131n cavab\u0131n\u0131 h\u0259rb meydan\u0131nda verdi.<br \/>\nB\u00fct\u00fcn \u015f\u0259hid ail\u0259l\u0259ri kimi, H\u0259s\u0259novlar ail\u0259si d\u0259 d\u00f6vl\u0259timizin qay\u011f\u0131s\u0131 il\u0259 \u0259hat\u0259 olunub.<\/p>\n<p>&nbsp;<\/p>\n","protected":false},"excerpt":{"rendered":"<p>Ail\u0259si il\u0259 g\u00f6r\u00fc\u015fm\u0259y\u0259 gedirdi, artilleriya m\u0259rmisin\u0259 tu\u015f g\u0259ldi H\u0259s\u0259nov Zabil M\u0259h\u0259mm\u0259d o\u011flu 1983-c\u00fc ilin iyun ay\u0131n\u0131n 1-d\u0259 K\u0259lb\u0259c\u0259r rayonunun Bozlu k\u0259ndind\u0259 anadan olub. Do\u011fma k\u0259ndl\u0259rinin erm\u0259nil\u0259r t\u0259r\u0259find\u0259n i\u015f\u011fal\u0131ndan sonra ail\u0259si il\u0259 birlikd\u0259 T\u0259rt\u0259r rayonunun H\u0259s\u0259nqaya k\u0259ndind\u0259 m\u0259skunla\u015f\u0131b. Bu k\u0259nd at\u0259\u015fk\u0259s d\u00f6vr\u00fcnd\u0259, Aprel hadis\u0259l\u0259ri zaman\u0131 d\u0259f\u0259l\u0259rl\u0259 d\u00fc\u015fm\u0259n artilleriyas\u0131n\u0131n h\u00fccumlar\u0131na m\u0259ruz qal\u0131b, \u015f\u0259hid verib, insanlar \u0259lil olublar. [&hellip;]<\/p>\n","protected":false},"author":2,"featured_media":0,"comment_status":"closed","ping_status":"closed","sticky":false,"template":"","format":"standard","meta":[],"categories":[39],"tags":[],"_links":{"self":[{"href":"https:\/\/yeniterter.az\/index.php?rest_route=\/wp\/v2\/posts\/24012"}],"collection":[{"href":"https:\/\/yeniterter.az\/index.php?rest_route=\/wp\/v2\/posts"}],"about":[{"href":"https:\/\/yeniterter.az\/index.php?rest_route=\/wp\/v2\/types\/post"}],"author":[{"embeddable":true,"href":"https:\/\/yeniterter.az\/index.php?rest_route=\/wp\/v2\/users\/2"}],"replies":[{"embeddable":true,"href":"https:\/\/yeniterter.az\/index.php?rest_route=%2Fwp%2Fv2%2Fcomments&post=24012"}],"version-history":[{"count":1,"href":"https:\/\/yeniterter.az\/index.php?rest_route=\/wp\/v2\/posts\/24012\/revisions"}],"predecessor-version":[{"id":24014,"href":"https:\/\/yeniterter.az\/index.php?rest_route=\/wp\/v2\/posts\/24012\/revisions\/24014"}],"wp:attachment":[{"href":"https:\/\/yeniterter.az\/index.php?rest_route=%2Fwp%2Fv2%2Fmedia&parent=24012"}],"wp:term":[{"taxonomy":"category","embeddable":true,"href":"https:\/\/yeniterter.az\/index.php?rest_route=%2Fwp%2Fv2%2Fcategories&post=24012"},{"taxonomy":"post_tag","embeddable":true,"href":"https:\/\/yeniterter.az\/index.php?rest_route=%2Fwp%2Fv2%2Ftags&post=24012"}],"curies":[{"name":"wp","href":"https:\/\/api.w.org\/{rel}","templated":true}]}}