{"id":24001,"date":"2022-12-29T09:41:53","date_gmt":"2022-12-29T06:41:53","guid":{"rendered":"https:\/\/yeniterter.az\/?p=24001"},"modified":"2022-12-29T09:41:53","modified_gmt":"2022-12-29T06:41:53","slug":"bayramqabagi-gunl%c9%99rd%c9%99-hec-kim-unudulmayib","status":"publish","type":"post","link":"https:\/\/yeniterter.az\/?p=24001","title":{"rendered":"BAYRAMQABA\u011eI G\u00dcNL\u018fRD\u018f HE\u00c7 K\u0130M UNUDULMAYIB"},"content":{"rendered":"<p><img decoding=\"async\" loading=\"lazy\" class=\" wp-image-24002 alignright\" src=\"https:\/\/yeniterter.az\/wp-content\/uploads\/06442e8d1c6d9cc32c16dc910e824e17-300x199.jpg\" alt=\"\" width=\"240\" height=\"159\" srcset=\"https:\/\/yeniterter.az\/wp-content\/uploads\/06442e8d1c6d9cc32c16dc910e824e17-300x199.jpg 300w, https:\/\/yeniterter.az\/wp-content\/uploads\/06442e8d1c6d9cc32c16dc910e824e17-1024x680.jpg 1024w, https:\/\/yeniterter.az\/wp-content\/uploads\/06442e8d1c6d9cc32c16dc910e824e17-768x510.jpg 768w, https:\/\/yeniterter.az\/wp-content\/uploads\/06442e8d1c6d9cc32c16dc910e824e17.jpg 1156w\" sizes=\"(max-width: 240px) 100vw, 240px\" \/>Az\u0259rbaycan xalq\u0131n\u0131n g\u00f6z\u0259l milli-m\u0259n\u0259vi d\u0259y\u0259rl\u0259rind\u0259n biri bayramqaba\u011f\u0131 g\u00fcnl\u0259rd\u0259 ail\u0259d\u0259 \u015f\u0259nlik ke\u00e7irm\u0259zd\u0259n \u0259vv\u0259l d\u0259rdi olan, \u0259zizini itir\u0259n insanlar\u0131n ziyar\u0259t edilm\u0259si, onlara m\u0259n\u0259vi v\u0259 maddi k\u00f6m\u0259klik g\u00f6st\u0259rilm\u0259sidir. Bu, h\u0259m d\u0259 \u00f6lk\u0259 Prezidenti \u0130lham \u018fliyevin h\u0259r bir m\u0259mur qar\u015f\u0131s\u0131nda qoydu\u011fu t\u0259l\u0259bdir, Birinci vitse-prezident Mehriban xan\u0131m \u018fliyevan\u0131n b\u00fct\u00fcn f\u0259aliyy\u0259tinin \u0259sas\u0131n\u0131 t\u0259\u015fkil ed\u0259n bir n\u00fcmun\u0259dir.<br \/>\n\u015e\u0259hid ail\u0259l\u0259rin\u0259, v\u0259t\u0259nin b\u00fct\u00f6vl\u00fcy\u00fc u\u011frunda d\u00f6y\u00fc\u015fl\u0259rd\u0259 yaralanan, sa\u011flaml\u0131\u011f\u0131n\u0131 itir\u0259n qazil\u0259rimiz\u0259 diqq\u0259t v\u0259 qay\u011f\u0131n\u0131 \u00f6z\u00fcn\u00fcn bir n\u00f6mr\u0259li v\u0259zif\u0259si hesab ed\u0259n rayon r\u0259hb\u0259ri M\u00fcst\u0259qim M\u0259mm\u0259dov, el\u0259c\u0259 d\u0259 rayonumuzun idar\u0259 v\u0259 m\u00fc\u0259ssis\u0259 kollektivl\u0259ri, m\u0259kt\u0259blil\u0259r Yeniilqaba\u011f\u0131 g\u00fcnl\u0259rd\u0259 \u015f\u0259hid ail\u0259l\u0259rinin, qazil\u0259rin qap\u0131lar\u0131n\u0131 d\u00f6y\u00fcr, onlarla g\u00f6r\u00fc\u015f\u00fcr, qay\u011f\u0131lar\u0131n\u0131 \u00f6yr\u0259nirl\u0259r.<br \/>\nBu yax\u0131nlarda 12 n\u0259f\u0259r \u015f\u0259hid ail\u0259sinin v\u0259 2 V\u0259t\u0259n m\u00fcharib\u0259si \u0259lilinin m\u00fcalic\u0259 v\u0259 istirah\u0259t \u00fc\u00e7\u00fcn \u201cCold Naftalan\u201d MMC M\u00fcalic\u0259 v\u0259 Sa\u011flaml\u0131q M\u0259rk\u0259zin\u0259 g\u00f6nd\u0259rilm\u0259si d\u0259 bu qay\u011f\u0131n\u0131n t\u0259zah\u00fcr\u00fcd\u00fcr.<br \/>\n\u015e\u0259hid \u0130sax Verdiyevin atas\u0131 \u018fdal\u0259t Verdiyev deyir:<br \/>\n\u2013 \u015e\u0259hid valideyni olmaq \u015f\u0259r\u0259flidir, ancaq \u015f\u0259r\u0259fli oldu\u011fu q\u0259d\u0259r d\u0259 \u00e7\u0259tindir. \u018ftraf\u0131m\u0131zda \u00f6vlad\u0131m\u0131z\u0131 unutmayan, onun xatir\u0259sini ya\u015fadan insanlar\u0131 g\u00f6r\u0259nd\u0259, t\u0259skinlik tap\u0131r\u0131q. Buna g\u00f6r\u0259 ilk n\u00f6vb\u0259d\u0259 d\u00f6vl\u0259timizin ba\u015f\u00e7\u0131s\u0131 \u0130lham \u018fliyev\u0259, \u00f6lk\u0259nin Birinci xan\u0131m\u0131 Mehriban \u018fliyevaya, rayon r\u0259hb\u0259rliyin\u0259, bizi qay\u011f\u0131 il\u0259 \u0259hat\u0259 ed\u0259n b\u00fct\u00fcn insanlara d\u0259rin t\u0259\u015f\u0259kk\u00fcr\u00fcm\u00fcz\u00fc bildiririk. Bayram \u0259r\u0259f\u0259sind\u0259 Naftalan \u015f\u0259h\u0259rind\u0259 xidm\u0259timizd\u0259 dayanan M\u00fcalic\u0259 v\u0259 Sa\u011flaml\u0131q M\u0259rk\u0259zinin personal\u0131na da \u201c\u00e7ox sa\u011f olun\u201d deyirik.<!--more--><br \/>\nT\u0259rt\u0259r rayon \u0130cra Hakimiyy\u0259tind\u0259 V\u0259t\u0259n m\u00fcharib\u0259si i\u015ftirak\u00e7\u0131lar\u0131 v\u0259 \u015f\u0259hid ail\u0259l\u0259ri il\u0259 i\u015fin t\u0259\u015fkili \u015f\u00f6b\u0259sinin m\u00fcdiri \u00dclvi N\u0259c\u0259fov bildirdi ki, h\u0259mi\u015f\u0259 oldu\u011fu kimi, bayramqaba\u011f\u0131 g\u00fcnl\u0259rd\u0259 d\u0259 he\u00e7 bir \u015f\u0259hid ail\u0259si, qazi diqq\u0259td\u0259n k\u0259nar qalmayacaq. Bu, T\u0259rt\u0259rd\u0259 ya\u015fayan m\u0259kt\u0259bli u\u015faqdan tutmu\u015f h\u0259r bir \u0259m\u0259k kollektivinin, ayr\u0131-ayr\u0131 v\u0259t\u0259nda\u015flar\u0131n q\u0259lbind\u0259n g\u0259l\u0259n bir ist\u0259kdir. M\u00fcharib\u0259 g\u00fcnl\u0259rind\u0259 \u0259halimiz bir oldu\u011fu kimi, indi d\u0259 b\u00f6y\u00fck birlik n\u00fcmayi\u015f etdirir.<br \/>\nBu, bel\u0259 d\u0259 olmal\u0131d\u0131r. Ax\u0131, s\u00fclh v\u0259 \u0259minamanl\u0131q \u015f\u0259raitind\u0259 ya-\u015fad\u0131\u011f\u0131m\u0131za, ba\u015f\u0131uca g\u0259zdiyimiz\u0259, i\u015f\u011fal alt\u0131nda inl\u0259y\u0259n torpaqlar\u0131m\u0131za sahib oldu\u011fumuza g\u00f6r\u0259 biz v\u0259t\u0259nin q\u0259hr\u0259man o\u011fullar\u0131na v\u0259 bu igidl\u0259ri b\u00f6y\u00fcd\u0259n ail\u0259l\u0259r\u0259 borcluyuq.<\/p>\n<p style=\"text-align: right;\"><em><strong>\u201cYeni T\u0259rt\u0259r\u201d<\/strong><\/em><\/p>\n","protected":false},"excerpt":{"rendered":"<p>Az\u0259rbaycan xalq\u0131n\u0131n g\u00f6z\u0259l milli-m\u0259n\u0259vi d\u0259y\u0259rl\u0259rind\u0259n biri bayramqaba\u011f\u0131 g\u00fcnl\u0259rd\u0259 ail\u0259d\u0259 \u015f\u0259nlik ke\u00e7irm\u0259zd\u0259n \u0259vv\u0259l d\u0259rdi olan, \u0259zizini itir\u0259n insanlar\u0131n ziyar\u0259t edilm\u0259si, onlara m\u0259n\u0259vi v\u0259 maddi k\u00f6m\u0259klik g\u00f6st\u0259rilm\u0259sidir. Bu, h\u0259m d\u0259 \u00f6lk\u0259 Prezidenti \u0130lham \u018fliyevin h\u0259r bir m\u0259mur qar\u015f\u0131s\u0131nda qoydu\u011fu t\u0259l\u0259bdir, Birinci vitse-prezident Mehriban xan\u0131m \u018fliyevan\u0131n b\u00fct\u00fcn f\u0259aliyy\u0259tinin \u0259sas\u0131n\u0131 t\u0259\u015fkil ed\u0259n bir n\u00fcmun\u0259dir. \u015e\u0259hid ail\u0259l\u0259rin\u0259, v\u0259t\u0259nin b\u00fct\u00f6vl\u00fcy\u00fc u\u011frunda [&hellip;]<\/p>\n","protected":false},"author":2,"featured_media":0,"comment_status":"closed","ping_status":"closed","sticky":false,"template":"","format":"standard","meta":[],"categories":[10],"tags":[],"_links":{"self":[{"href":"https:\/\/yeniterter.az\/index.php?rest_route=\/wp\/v2\/posts\/24001"}],"collection":[{"href":"https:\/\/yeniterter.az\/index.php?rest_route=\/wp\/v2\/posts"}],"about":[{"href":"https:\/\/yeniterter.az\/index.php?rest_route=\/wp\/v2\/types\/post"}],"author":[{"embeddable":true,"href":"https:\/\/yeniterter.az\/index.php?rest_route=\/wp\/v2\/users\/2"}],"replies":[{"embeddable":true,"href":"https:\/\/yeniterter.az\/index.php?rest_route=%2Fwp%2Fv2%2Fcomments&post=24001"}],"version-history":[{"count":1,"href":"https:\/\/yeniterter.az\/index.php?rest_route=\/wp\/v2\/posts\/24001\/revisions"}],"predecessor-version":[{"id":24003,"href":"https:\/\/yeniterter.az\/index.php?rest_route=\/wp\/v2\/posts\/24001\/revisions\/24003"}],"wp:attachment":[{"href":"https:\/\/yeniterter.az\/index.php?rest_route=%2Fwp%2Fv2%2Fmedia&parent=24001"}],"wp:term":[{"taxonomy":"category","embeddable":true,"href":"https:\/\/yeniterter.az\/index.php?rest_route=%2Fwp%2Fv2%2Fcategories&post=24001"},{"taxonomy":"post_tag","embeddable":true,"href":"https:\/\/yeniterter.az\/index.php?rest_route=%2Fwp%2Fv2%2Ftags&post=24001"}],"curies":[{"name":"wp","href":"https:\/\/api.w.org\/{rel}","templated":true}]}}