{"id":23991,"date":"2022-12-29T09:30:42","date_gmt":"2022-12-29T06:30:42","guid":{"rendered":"https:\/\/yeniterter.az\/?p=23991"},"modified":"2022-12-29T09:33:22","modified_gmt":"2022-12-29T06:33:22","slug":"israild%c9%99n-m%c9%99ktub-almisiq","status":"publish","type":"post","link":"https:\/\/yeniterter.az\/?p=23991","title":{"rendered":"\u0130sraild\u0259n m\u0259ktub alm\u0131\u015f\u0131q"},"content":{"rendered":"<p style=\"text-align: center;\"><strong>Dar g\u00fcnd\u0259 Az\u0259rbaycan biz\u0259 sahib \u00e7\u0131xd\u0131<\/strong><\/p>\n<p><img decoding=\"async\" loading=\"lazy\" class=\"wp-image-23992 alignleft\" src=\"https:\/\/yeniterter.az\/wp-content\/uploads\/04-2-1-300x230.jpg\" alt=\"\" width=\"198\" height=\"152\" srcset=\"https:\/\/yeniterter.az\/wp-content\/uploads\/04-2-1-300x230.jpg 300w, https:\/\/yeniterter.az\/wp-content\/uploads\/04-2-1-768x589.jpg 768w, https:\/\/yeniterter.az\/wp-content\/uploads\/04-2-1.jpg 921w\" sizes=\"(max-width: 198px) 100vw, 198px\" \/><img decoding=\"async\" loading=\"lazy\" class=\"wp-image-23994 alignleft\" src=\"https:\/\/yeniterter.az\/wp-content\/uploads\/04-1-1-195x300.jpg\" alt=\"\" width=\"99\" height=\"152\" srcset=\"https:\/\/yeniterter.az\/wp-content\/uploads\/04-1-1-195x300.jpg 195w, https:\/\/yeniterter.az\/wp-content\/uploads\/04-1-1-666x1024.jpg 666w, https:\/\/yeniterter.az\/wp-content\/uploads\/04-1-1-768x1181.jpg 768w, https:\/\/yeniterter.az\/wp-content\/uploads\/04-1-1.jpg 786w\" sizes=\"(max-width: 99px) 100vw, 99px\" \/><img decoding=\"async\" loading=\"lazy\" class=\"wp-image-23993 alignleft\" src=\"https:\/\/yeniterter.az\/wp-content\/uploads\/02l-1-300x216.jpg\" alt=\"\" width=\"217\" height=\"156\" srcset=\"https:\/\/yeniterter.az\/wp-content\/uploads\/02l-1-300x216.jpg 300w, https:\/\/yeniterter.az\/wp-content\/uploads\/02l-1-1024x738.jpg 1024w, https:\/\/yeniterter.az\/wp-content\/uploads\/02l-1-768x554.jpg 768w, https:\/\/yeniterter.az\/wp-content\/uploads\/02l-1.jpg 1029w\" sizes=\"(max-width: 217px) 100vw, 217px\" \/><img decoding=\"async\" loading=\"lazy\" class=\"wp-image-23995 alignleft\" src=\"https:\/\/yeniterter.az\/wp-content\/uploads\/02l-2-197x300.jpg\" alt=\"\" width=\"101\" height=\"154\" srcset=\"https:\/\/yeniterter.az\/wp-content\/uploads\/02l-2-197x300.jpg 197w, https:\/\/yeniterter.az\/wp-content\/uploads\/02l-2.jpg 662w\" sizes=\"(max-width: 101px) 100vw, 101px\" \/><\/p>\n<p>&nbsp;<\/p>\n<p>&nbsp;<\/p>\n<p>&nbsp;<\/p>\n<p>&nbsp;<\/p>\n<p>&nbsp;<\/p>\n<p>&nbsp;<\/p>\n<p>&nbsp;<\/p>\n<p>M\u0259n Ukraynan\u0131n Xarkov \u015f\u0259h\u0259rind\u0259 anadan olmu\u015fam. \u0130kinci D\u00fcnya m\u00fcharib\u0259si ill\u0259rind\u0259 bu g\u00f6z\u0259l \u015f\u0259h\u0259r Kiyevd\u0259n sonra ilk olaraq bombalanan yerl\u0259rd\u0259n biri idi. Atam\u0131 d\u0259rhal c\u0259bh\u0259y\u0259 apard\u0131lar. Ail\u0259miz \u00fc\u00e7\u00fcn is\u0259 \u015f\u0259h\u0259rd\u0259 qalmaq \u00e7ox t\u0259hl\u00fck\u0259liydi. \u00c7\u00fcnki fa\u015fistl\u0259r y\u0259hudil\u0259ri sor\u011fu-suals\u0131z \u00f6ld\u00fcr\u00fcr, min bir i\u015fg\u0259nc\u0259 verirdil\u0259r.<br \/>\nQohumlar\u0131m\u0131z\u0131n vasit\u0259sil\u0259 \u00e7\u0259tinlikl\u0259 d\u0259 olsa qatara bilet tap\u0131b Avropada g\u00f6z\u0259lliyin\u0259 g\u00f6r\u0259 birinci olan Xarkov d\u0259miryolu va\u011fzal\u0131ndan vaqona minib nam\u0259lum istiqam\u0259td\u0259 yola d\u00fc\u015fd\u00fck. Hara gedirdik, n\u0259 ed\u0259c\u0259ydik, bunu he\u00e7 kim bilmirdi. Atamdan sonra ail\u0259miz be\u015f n\u0259f\u0259rd\u0259n ibar\u0259t idi: anam, \u00fc\u00e7 bac\u0131m v\u0259 m\u0259n. 16 ya\u015f\u0131 yenic\u0259 tamam olan b\u00f6y\u00fck bac\u0131m b\u00fct\u00fcn qay\u011f\u0131lar\u0131 \u00f6z \u00fcz\u0259rin\u0259 g\u00f6t\u00fcrm\u0259y\u0259 \u00e7al\u0131\u015f\u0131rd\u0131.<br \/>\nBu s\u0259f\u0259rimiz haqq\u0131nda \u00e7ox dan\u0131\u015fmaq olar. Birc\u0259 onu dem\u0259k is-t\u0259yir\u0259m ki, \u0259ziyy\u0259tli g\u00fcnl\u0259rd\u0259n sonra n\u0259hay\u0259t, g\u0259lib \u00e7\u0131xd\u0131q Az\u0259rbaycan\u0131n T\u0259rt\u0259r rayonuna. Ail\u0259nin ki\u00e7iyi idim. Anam v\u0259 bac\u0131lar\u0131m m\u0259nim \u00fc\u00e7\u00fcn rahats\u0131z olurdular. Ancaq tezlikl\u0259 ba\u015fa d\u00fc\u015fd\u00fck ki, t\u0259k deyilik. Biz\u0259 mehriban m\u00fcnasib\u0259t g\u00f6st\u0259r\u0259n, v\u0259ziyy\u0259timizi, d\u0259rdimizi ba\u015fa d\u00fc\u015f\u0259n insanlar\u0131n \u0259hat\u0259sind\u0259yik. Odur ki, biz d\u0259 t\u0259rt\u0259rlil\u0259rl\u0259 tez dil tapd\u0131q, do\u011fmala\u015fd\u0131q v\u0259 bu do\u011fmal\u0131\u011f\u0131 indiy\u0259d\u0259k qoruyub saxlay\u0131r\u0131q.<br \/>\nQad\u0131nlar\u0131n t\u0259ndird\u0259 bi\u015firdiyi \u00e7\u00f6r\u0259yin \u0259tri h\u0259l\u0259 burnumuzdan getm\u0259yib, yuxular\u0131mda T\u0259rt\u0259rd\u0259n ke\u00e7\u0259n ki\u00e7ik arxlar\u0131, onlar\u0131n saf sular\u0131n\u0131 g\u00f6r\u00fcr\u0259m. Az\u0259rbaycandan g\u0259tirdiyimiz kitab\u0131n v\u0259r\u0259ql\u0259ri aras\u0131nda is\u0259 Qaraba\u011f\u0131n q\u0131z\u0131l g\u00fcl\u00fcn\u00fcn l\u0259\u00e7\u0259kl\u0259rini qoruyub saxlay\u0131ram.<!--more--><br \/>\nHumanistlik az\u0259rbaycanl\u0131lar\u0131n qan\u0131nda, can\u0131ndad\u0131r. Bunun say\u0259sind\u0259 yaln\u0131z biz deyil, y\u00fczl\u0259rl\u0259 y\u0259hudi ail\u0259si \u00f6l\u00fcm\u00fcn p\u0259nc\u0259sind\u0259n xilas oldu. Onu da deyim ki, bu, o q\u0259d\u0259r d\u0259 asan m\u0259s\u0259l\u0259 deyildi. \u0130kinci D\u00fcnya m\u00fcharib\u0259sind\u0259 c\u0259bh\u0259y\u0259 h\u0259r c\u00fcr k\u00f6m\u0259k g\u00f6st\u0259r\u0259n Az\u0259rbaycan\u0131n \u00f6z \u0259halisi d\u0259 \u00e7\u0259tinlikl\u0259rl\u0259 \u00fcz-\u00fcz\u0259 qalm\u0131\u015fd\u0131. Buna baxmayaraq, \u00e7\u00f6r\u0259kl\u0259rini biziml\u0259 b\u00f6l\u00fc\u015f\u00fcrd\u00fcl\u0259r, bir st\u0259kan s\u00fcd, bir ne\u00e7\u0259 q\u0259nd par\u00e7as\u0131 il\u0259 x\u0259st\u0259 u\u015faqlar\u0131 ovundururdular.<br \/>\nB\u00f6y\u00fck bac\u0131m Raisa Poqoster h\u0259yat\u0131n\u0131 \u00f6m\u00fcrl\u00fck Az\u0259rbaycanla ba\u011flad\u0131. T\u0259rt\u0259rli Bilalla ail\u0259 qurdu, \u00f6vlad, n\u0259v\u0259-n\u0259tic\u0259 sahibi oldu. Xarkov \u015f\u0259h\u0259ri fa\u015fistl\u0259rd\u0259n azad edildikd\u0259n sonra ail\u0259miz geri qay\u0131tsa da, bac\u0131ma g\u00f6r\u0259 Az\u0259rbaycanla \u0259laq\u0259l\u0259rimiz k\u0259silm\u0259di.<br \/>\nBu ill\u0259r \u0259rzind\u0259 bir h\u0259qiq\u0259ti d\u0259 d\u0259rk etdik. Xeyirxahl\u0131q Az\u0259rbaycan xalq\u0131n\u0131n milli-m\u0259n\u0259vi d\u0259y\u0259ridir, bu d\u0259y\u0259rl\u0259ri ya\u015fadan, inki\u015faf etdir\u0259n unudulmaz insan Heyd\u0259r \u018fliyevin say\u0259sind\u0259 is\u0259 n\u0259inki y\u0259hudil\u0259r, Az\u0259rbaycanda ya\u015fayan b\u00fct\u00fcn xalqlar eyni h\u00fcquqlara malikdirl\u0259r v\u0259 onlar\u0131n h\u00fcquqlar\u0131 d\u00f6vl\u0259tin \u018fsas Qanunu -Konstitusiyas\u0131 il\u0259 qorunur. Az\u0259rbaycanda antisemitizm ol-may\u0131b v\u0259 bu g\u00fcn d\u0259 yoxdur. Bac\u0131m\u0131n \u00dcmummilli Lider Heyd\u0259r \u018fliyev\u0259 olan sonsuz m\u0259h\u0259bb\u0259ti bizim b\u00fct\u00fcn ail\u0259 \u00fczvl\u0259rimiz\u0259 ke\u00e7ib.<br \/>\n\u00c7\u0259tin g\u00fcnl\u0259rimizd\u0259 bizi ya\u015fadan, \u00f6l\u00fcm\u00fcn p\u0259nc\u0259sind\u0259n xilas ed\u0259n bu \u00f6lk\u0259ni he\u00e7 zaman unutmuruq, orada ba\u015f ver\u0259n prosesl\u0259ri izl\u0259yir, k\u0259d\u0259riniz\u0259 \u015f\u0259rik olur, sevinciniz\u0259 \u015fad oluruq. 30 il torpaqlar\u0131m\u0131z\u0131n i\u015f\u011fal alt\u0131nda olmas\u0131 bizi d\u0259 \u00e7ox rahats\u0131z edirdi. N\u0259hay\u0259t, V\u0259t\u0259n sava\u015f\u0131nda Az\u0259rbaycan\u0131n \u0259ld\u0259 etdiyi q\u0259l\u0259b\u0259 il\u0259 ham\u0131m\u0131z\u0131n \u00fcz\u00fc g\u00fcld\u00fc. Bu q\u0259l\u0259b\u0259nin qazan\u0131lmas\u0131nda \u0130srailin d\u0259 pay\u0131n\u0131n olmas\u0131 is\u0259 Az\u0259rbaycan v\u0259 \u0130srail xalqlar\u0131n\u0131n dostlu\u011funun sars\u0131lmaz s\u00fcbutudur.<br \/>\nQeyd etm\u0259k ist\u0259yir\u0259m ki, Ulu \u00d6nd\u0259r Heyd\u0259r \u018fliyevin layiqli siyasi varisi olan Prezident \u0130lham \u018fliyevin apard\u0131\u011f\u0131 daxili v\u0259 xarici siyas\u0259t n\u0259tic\u0259sind\u0259 Az\u0259rbaycanda bu g\u00fcn tolerantl\u0131q m\u00fchiti yaran\u0131b. Bak\u0131dak\u0131 sinaqoqlarda y\u0259hudil\u0259r s\u0259rb\u0259st olaraq dini ayinl\u0259rini icra edirl\u0259r. Heyd\u0259r \u018fliyev Fondu hesab\u0131na Az\u0259rbaycan\u0131n paytaxt\u0131nda tikilmi\u015f &#8220;Xabad or-Avner&#8221; m\u0259kt\u0259bind\u0259 y\u0259hudi u\u015faqlar\u0131n y\u00fcks\u0259k t\u0259hsil almalar\u0131 \u00fc\u00e7\u00fcn h\u0259r c\u00fcr \u015f\u0259rait yarad\u0131l\u0131b. Burada onlar ivriti, milli ad\u0259tl\u0259ri \u00f6yr\u0259nm\u0259kl\u0259 yana\u015f\u0131, Az\u0259rbaycan dilin\u0259, ad\u0259t-\u0259n\u0259n\u0259l\u0259rin\u0259 d\u0259 b\u0259l\u0259d olurlar.<br \/>\nD\u00f6vl\u0259tl\u0259rimiz aras\u0131nda m\u00fcnasib\u0259tl\u0259r qohumlar aras\u0131nda da \u0259laq\u0259l\u0259rin m\u00f6hk\u0259ml\u0259nm\u0259sin\u0259 k\u00f6m\u0259k edir. Bu yax\u0131nlarda bac\u0131m Raisan\u0131n n\u0259v\u0259si Anar \u018fliyev pamb\u0131q\u00e7\u0131l\u0131q sah\u0259sind\u0259 t\u0259cr\u00fcb\u0259 m\u00fcbadil\u0259si ke\u00e7m\u0259k \u00fc\u00e7\u00fcn h\u0259mkarlar\u0131 il\u0259 birlikd\u0259 \u0130sraild\u0259 oldu. Bizim m\u00fct\u0259x\u0259ssisl\u0259r \u00f6z bilikl\u0259rini onlara h\u0259v\u0259sl\u0259 \u00f6yr\u0259tdil\u0259r. \u00dcmidvaram burada \u0259ld\u0259 etdikl\u0259rini onlar V\u0259t\u0259nl\u0259rind\u0259 t\u0259tbiq ed\u0259c\u0259kl\u0259r. Anar\u0131n biz\u0259 g\u0259lm\u0259si, ail\u0259mizl\u0259 g\u00f6r\u00fc\u015fm\u0259si ham\u0131m\u0131z\u0131 sevindirdi. G\u0259ncl\u0259r d\u0259 bir-birini tan\u0131d\u0131 v\u0259 \u0259min\u0259m ki, qohumluq m\u00fcnasib\u0259tl\u0259rimiz bundan sonra da m\u00f6hk\u0259ml\u0259n\u0259c\u0259k.<br \/>\nSonda onu bildirim ki, \u0130sraild\u0259 Az\u0259rbaycan s\u0259firliyinin a\u00e7\u0131lmas\u0131 iki d\u00f6vl\u0259t aras\u0131nda m\u00fcnasib\u0259tl\u0259ri daha da inki\u015faf etdir\u0259c\u0259k. Buna g\u00f6r\u0259 Az\u0259rbaycan Respublikas\u0131n\u0131n Prezidenti \u0130lham \u018fliyev\u0259 d\u0259rin t\u0259\u015f\u0259kk\u00fcr\u00fcm\u00fcz\u00fc bildiririk.<\/p>\n<p style=\"text-align: right;\"><em><strong>Semyon POQOSTER,<\/strong><\/em><br \/>\n<em><strong>\u0130srail, Netivot \u015f\u0259h\u0259ri <\/strong><\/em><br \/>\n<em><strong>\u201cAz\u0259rbaycan\u201d q\u0259zeti<\/strong><\/em><\/p>\n","protected":false},"excerpt":{"rendered":"<p>Dar g\u00fcnd\u0259 Az\u0259rbaycan biz\u0259 sahib \u00e7\u0131xd\u0131 &nbsp; &nbsp; &nbsp; &nbsp; &nbsp; &nbsp; &nbsp; M\u0259n Ukraynan\u0131n Xarkov \u015f\u0259h\u0259rind\u0259 anadan olmu\u015fam. \u0130kinci D\u00fcnya m\u00fcharib\u0259si ill\u0259rind\u0259 bu g\u00f6z\u0259l \u015f\u0259h\u0259r Kiyevd\u0259n sonra ilk olaraq bombalanan yerl\u0259rd\u0259n biri idi. Atam\u0131 d\u0259rhal c\u0259bh\u0259y\u0259 apard\u0131lar. Ail\u0259miz \u00fc\u00e7\u00fcn is\u0259 \u015f\u0259h\u0259rd\u0259 qalmaq \u00e7ox t\u0259hl\u00fck\u0259liydi. \u00c7\u00fcnki fa\u015fistl\u0259r y\u0259hudil\u0259ri sor\u011fu-suals\u0131z \u00f6ld\u00fcr\u00fcr, min bir i\u015fg\u0259nc\u0259 verirdil\u0259r. Qohumlar\u0131m\u0131z\u0131n [&hellip;]<\/p>\n","protected":false},"author":2,"featured_media":0,"comment_status":"closed","ping_status":"closed","sticky":false,"template":"","format":"standard","meta":[],"categories":[10],"tags":[],"_links":{"self":[{"href":"https:\/\/yeniterter.az\/index.php?rest_route=\/wp\/v2\/posts\/23991"}],"collection":[{"href":"https:\/\/yeniterter.az\/index.php?rest_route=\/wp\/v2\/posts"}],"about":[{"href":"https:\/\/yeniterter.az\/index.php?rest_route=\/wp\/v2\/types\/post"}],"author":[{"embeddable":true,"href":"https:\/\/yeniterter.az\/index.php?rest_route=\/wp\/v2\/users\/2"}],"replies":[{"embeddable":true,"href":"https:\/\/yeniterter.az\/index.php?rest_route=%2Fwp%2Fv2%2Fcomments&post=23991"}],"version-history":[{"count":5,"href":"https:\/\/yeniterter.az\/index.php?rest_route=\/wp\/v2\/posts\/23991\/revisions"}],"predecessor-version":[{"id":24000,"href":"https:\/\/yeniterter.az\/index.php?rest_route=\/wp\/v2\/posts\/23991\/revisions\/24000"}],"wp:attachment":[{"href":"https:\/\/yeniterter.az\/index.php?rest_route=%2Fwp%2Fv2%2Fmedia&parent=23991"}],"wp:term":[{"taxonomy":"category","embeddable":true,"href":"https:\/\/yeniterter.az\/index.php?rest_route=%2Fwp%2Fv2%2Fcategories&post=23991"},{"taxonomy":"post_tag","embeddable":true,"href":"https:\/\/yeniterter.az\/index.php?rest_route=%2Fwp%2Fv2%2Ftags&post=23991"}],"curies":[{"name":"wp","href":"https:\/\/api.w.org\/{rel}","templated":true}]}}