{"id":23168,"date":"2022-10-17T09:57:05","date_gmt":"2022-10-17T06:57:05","guid":{"rendered":"https:\/\/yeniterter.az\/?p=23168"},"modified":"2022-10-17T09:57:05","modified_gmt":"2022-10-17T06:57:05","slug":"az%c9%99rbaycan-h%c9%99qiq%c9%99tl%c9%99ri-bir-daha-astanada-s%c9%99sl%c9%99ndirildi","status":"publish","type":"post","link":"https:\/\/yeniterter.az\/?p=23168","title":{"rendered":"Az\u0259rbaycan h\u0259qiq\u0259tl\u0259ri bir daha Astanada s\u0259sl\u0259ndirildi"},"content":{"rendered":"<p><img decoding=\"async\" loading=\"lazy\" class=\" wp-image-23169 alignleft\" src=\"https:\/\/yeniterter.az\/wp-content\/uploads\/311566901_166258149343475_3127909608807098300_n-300x183.jpg\" alt=\"\" width=\"349\" height=\"213\" srcset=\"https:\/\/yeniterter.az\/wp-content\/uploads\/311566901_166258149343475_3127909608807098300_n-300x183.jpg 300w, https:\/\/yeniterter.az\/wp-content\/uploads\/311566901_166258149343475_3127909608807098300_n-768x467.jpg 768w, https:\/\/yeniterter.az\/wp-content\/uploads\/311566901_166258149343475_3127909608807098300_n.jpg 843w\" sizes=\"(max-width: 349px) 100vw, 349px\" \/>Prezident \u0130lham \u018fliyev cari ilin 13 oktyabr tarixind\u0259 Astanada Asiyada Qar\u015f\u0131l\u0131ql\u0131 F\u0259aliyy\u0259t v\u0259 Etimad T\u0259dbirl\u0259ri \u00fczr\u0259 M\u00fc\u015favir\u0259nin 6-c\u0131 Zirv\u0259 Toplant\u0131s\u0131n\u0131n plenar iclas\u0131nda \u00e7\u0131x\u0131\u015f edib.<\/p>\n<p>D\u00f6vl\u0259timizin ba\u015f\u00e7\u0131s\u0131 deyib ki, \u0130kinci Qaraba\u011f m\u00fcharib\u0259sind\u0259 qazan\u0131lm\u0131\u015f Q\u0259l\u0259b\u0259 n\u0259tic\u0259sind\u0259 iki il \u0259vv\u0259l Az\u0259rbaycan \u00f6z torpaqlar\u0131n\u0131 Erm\u0259nistan i\u015f\u011fal\u0131ndan azad etdi. 30 il davam ed\u0259n Qaraba\u011f m\u00fcnaqi\u015f\u0259sin\u0259 son qoyuldu. Az\u0259rbaycan xalq\u0131 BMT T\u0259hl\u00fck\u0259sizlik \u015euras\u0131n\u0131n 1993-c\u00fc ild\u0259 q\u0259bul etdiyi Erm\u0259nistan silahl\u0131 q\u00fcvv\u0259l\u0259rinin Az\u0259rbaycan\u0131n i\u015f\u011fal olunmu\u015f \u0259razil\u0259rind\u0259n qeyd-\u015f\u0259rtsiz \u00e7\u0131xar\u0131lmas\u0131n\u0131 t\u0259l\u0259b ed\u0259n 4 q\u0259tnam\u0259sinin icras\u0131n\u0131 \u00f6z\u00fc t\u0259min etdi.<\/p>\n<p>Sonra Prezident \u0130lham \u018fliyev m\u00fc\u015favir\u0259 i\u015ftirak\u00e7\u0131lar\u0131na i\u015f\u011fal edilmi\u015f torpaqlarda t\u00f6r\u0259dil\u0259n erm\u0259ni vandalizmi bar\u0259d\u0259 m\u0259lumat verib. Bildirib ki, Erm\u0259nistan t\u0259r\u0259find\u0259n 30 il\u0259 yax\u0131n davam ed\u0259n i\u015f\u011fal zaman\u0131 \u015f\u0259h\u0259rl\u0259rimiz v\u0259 k\u0259ndl\u0259rimiz, m\u0259d\u0259ni v\u0259 dini abid\u0259l\u0259rimiz, m\u0259scidl\u0259rimiz m\u0259qs\u0259dli \u015f\u0259kild\u0259 da\u011f\u0131d\u0131l\u0131b, t\u0259hqir v\u0259 talan edilib.<\/p>\n<p>Erm\u0259nistan Az\u0259rbaycan\u0131n m\u00fclki \u0259halisin\u0259 v\u0259 h\u0259rb\u00e7il\u0259rin\u0259 qar\u015f\u0131 sistemli \u015f\u0259kild\u0259 m\u00fcharib\u0259 cinay\u0259tl\u0259ri t\u00f6r\u0259dib. Birinci Qaraba\u011f m\u00fcharib\u0259sind\u0259n b\u0259ri 3900-\u0259 yax\u0131n Az\u0259rbaycan v\u0259t\u0259nda\u015f\u0131 itkin say\u0131l\u0131r. Onlar\u0131n \u0259ks\u0259riyy\u0259ti i\u015fg\u0259nc\u0259l\u0259r\u0259 m\u0259ruz qal\u0131b, \u00f6ld\u00fcr\u00fcl\u00fcb v\u0259 k\u00fctl\u0259vi m\u0259zarl\u0131qlarda basd\u0131r\u0131l\u0131b.<\/p>\n<p>\u0130\u015f\u011faldan azad edilmi\u015f iki k\u0259ndd\u0259 k\u00fctl\u0259vi m\u0259zarl\u0131qlar a\u015fkar olunub. Erm\u0259nistan Az\u0259rbaycana itkin d\u00fc\u015f\u0259nl\u0259rin taleyi v\u0259 k\u00fctl\u0259vi m\u0259zarl\u0131qlar\u0131n d\u0259qiq yerl\u0259ri bar\u0259d\u0259 m\u0259lumat t\u0259qdim etm\u0259lidir.<!--more--><\/p>\n<p>C\u0259nab \u0130lham \u018fliyev mina terroru bar\u0259d\u0259 dan\u0131\u015fark\u0259n qeyd edib ki, Az\u0259rbaycan d\u00fcnyada mina il\u0259 \u0259n \u00e7ox \u00e7irkl\u0259nmi\u015f \u00f6lk\u0259l\u0259r s\u0131ras\u0131ndad\u0131r. \u0130lkin hesablamalara g\u00f6r\u0259, Erm\u0259nistan i\u015f\u011fal zaman\u0131 bir milyondan \u00e7ox mina basd\u0131r\u0131b. \u0130kinci Qaraba\u011f m\u00fcharib\u0259sinin ba\u015fa \u00e7atmas\u0131ndan ke\u00e7\u0259n iki il \u0259rzind\u0259 250-d\u0259n \u00e7ox Az\u0259rbaycan v\u0259t\u0259nda\u015f\u0131 mina partlay\u0131\u015flar\u0131 zaman\u0131 h\u0259lak olub v\u0259 ya a\u011f\u0131r yaralan\u0131b. Beyn\u0259lxalq m\u00fct\u0259x\u0259ssisl\u0259rin hesablamalar\u0131na g\u00f6r\u0259, Az\u0259rbaycana \u0259razil\u0259rin minalardan t\u0259mizl\u0259nm\u0259si m\u0259s\u0259l\u0259sini h\u0259ll etm\u0259k \u00fc\u00e7\u00fcn t\u0259xmin\u0259n 30 il v\u0259 25 milyard AB\u015e dollar\u0131 laz\u0131md\u0131r.<\/p>\n<p>Bildirilib ki, \u201cB\u00f6y\u00fck Qay\u0131d\u0131\u015f\u201d adlanan proqram art\u0131q ba\u015flay\u0131b. Minalardan t\u0259mizl\u0259nm\u0259 il\u0259 paralel, indi Az\u0259rbaycan h\u0259m d\u0259 i\u015f\u011faldan azad olunmu\u015f \u0259razil\u0259rd\u0259 \u00f6z resurslar\u0131 hesab\u0131na geni\u015fmiqyasl\u0131 quruculuq i\u015fl\u0259ri apar\u0131r. Ke\u00e7mi\u015f m\u0259cburi k\u00f6\u00e7k\u00fcnl\u0259rin \u00f6z do\u011fma yurdlar\u0131na qay\u0131d\u0131\u015f prosesi ba\u015flan\u0131b.<\/p>\n<p>Qaraba\u011f m\u00fcnaqi\u015f\u0259sinin h\u0259ll olunmas\u0131na baxmayaraq, Erm\u0259nistan s\u0259rh\u0259dd\u0259 t\u0259xribatlar t\u00f6r\u0259tm\u0259kd\u0259 davam edir. Bunlardan sonuncusu is\u0259 bu ilin sentyabr ay\u0131nda t\u00f6r\u0259dilib. Az\u0259rbaycan Silahl\u0131 Q\u00fcvv\u0259l\u0259ri Erm\u0259nistan\u0131n h\u0259rbi t\u0259xribat\u0131n\u0131n qar\u015f\u0131s\u0131n\u0131 almaq \u00fc\u00e7\u00fcn q\u0259tiyy\u0259tli \u0259ks-h\u0259ml\u0259 \u0259m\u0259liyyat\u0131na ba\u015flama\u011fa m\u0259cbur oldu. B\u00fct\u00fcn bu t\u0259xribatlara g\u00f6r\u0259 m\u0259suliyy\u0259t Erm\u0259nistan\u0131n h\u0259rbi-siyasi r\u0259hb\u0259rliyinin \u00fcz\u0259rin\u0259 d\u00fc\u015f\u00fcr.<\/p>\n<p>Az\u0259rbaycan \u0259dal\u0259tli s\u00fclh\u00fcn t\u0259r\u0259fdar\u0131d\u0131r. Erm\u0259nistan t\u0259r\u0259find\u0259n t\u00f6r\u0259dilmi\u015f etnik t\u0259mizl\u0259m\u0259 n\u0259tic\u0259sind\u0259 bir milyondan \u00e7ox az\u0259rbaycanl\u0131n\u0131n 30 il \u0259rzind\u0259 \u0259ziyy\u0259t \u00e7\u0259km\u0259sin\u0259, misli g\u00f6r\u00fcnm\u0259mi\u015f v\u0259h\u015filiy\u0259, y\u00fczl\u0259rl\u0259 \u015f\u0259h\u0259r v\u0259 k\u0259ndimizin da\u011f\u0131d\u0131lmas\u0131na baxmayaraq, Az\u0259rbaycan Erm\u0259nistana qar\u015f\u0131l\u0131ql\u0131 \u015f\u0259kild\u0259 bir-birinin \u0259razi b\u00fct\u00f6vl\u00fcy\u00fcn\u00fcn tan\u0131nmas\u0131 \u0259sas\u0131nda s\u00fclh sazi\u015fi imzalama\u011f\u0131 t\u0259klif edib.<\/p>\n<p>Az\u0259rbaycan t\u0259r\u0259find\u0259n h\u0259yata ke\u00e7iril\u0259n geni\u015fmiqyasl\u0131 n\u0259qliyyat infrastrukturu layih\u0259l\u0259ri \u00f6lk\u0259mizi \u0259n m\u00fch\u00fcm beyn\u0259lxalq n\u0259qliyyat v\u0259 logistika m\u0259rk\u0259zl\u0259rind\u0259n birin\u0259 \u00e7evirib. 2022-ci ilin ilk doqquz ay\u0131 \u0259rzind\u0259 Az\u0259rbaycan \u0259razisind\u0259n ke\u00e7\u0259n tranzit t\u0259xmin\u0259n 65 faiz art\u0131b. Az\u0259rbaycan \u015e\u0259rq-Q\u0259rb v\u0259 \u015eimal-C\u0259nub n\u0259qliyyat d\u0259hlizl\u0259rinin inki\u015faf\u0131na m\u00fch\u00fcm t\u00f6hf\u0259l\u0259r verir. Az\u0259rbaycan Orta D\u0259hlizin \u00f6n\u0259mli hiss\u0259sini t\u0259\u015fkil ed\u0259c\u0259k Z\u0259ng\u0259zur d\u0259hlizinin yarad\u0131lmas\u0131n\u0131 f\u0259al \u015f\u0259kild\u0259 t\u0259\u015fviq edir.<\/p>\n<p>2019-cu ild\u0259n b\u0259ri Az\u0259rbaycan \u00fczv \u00f6lk\u0259l\u0259rin yekdil q\u0259rar\u0131 \u0259sas\u0131nda d\u00fcnyada BMT-d\u0259n sonra \u0259n b\u00f6y\u00fck beyn\u0259lxalq struktur olan Qo\u015fulmama H\u0259r\u0259kat\u0131na s\u0259drlik edir. S\u0259drliyimiz yen\u0259 d\u0259 yekdil q\u0259rar \u0259sas\u0131nda daha bir il, 2023-c\u00fc ilin sonuna q\u0259d\u0259r uzad\u0131l\u0131b. Az\u0259rbaycan Qo\u015fulmama H\u0259r\u0259kat\u0131 \u00e7\u0259r\u00e7iv\u0259sind\u0259 h\u0259mr\u0259yliyi g\u00fccl\u0259ndirm\u0259k, bu H\u0259r\u0259kat\u0131n siyasi \u00e7\u0259kisini v\u0259 qlobal n\u00fcfuzunu art\u0131rmaq \u00fc\u00e7\u00fcn b\u00f6y\u00fck s\u0259yl\u0259r g\u00f6st\u0259rir. Az\u0259rbaycan\u0131n t\u0259\u015f\u0259bb\u00fcs\u00fc il\u0259 Qo\u015fulmama H\u0259r\u0259kat\u0131n\u0131n Parlament \u015e\u0259b\u0259k\u0259si v\u0259 G\u0259ncl\u0259r T\u0259\u015fkilat\u0131 yarad\u0131lm\u0131\u015fd\u0131r. COVID-19-dan sonrak\u0131 d\u00fcnya il\u0259 ba\u011fl\u0131 fikir m\u00fcbadil\u0259si aparmaq v\u0259 H\u0259r\u0259kat\u0131n m\u00f6vqeyini formala\u015fd\u0131rmaq m\u0259qs\u0259dil\u0259 Qo\u015fulmama H\u0259r\u0259kat\u0131na \u00fczv d\u00f6vl\u0259tl\u0259rin n\u00f6vb\u0259ti il \u00fc\u00e7\u00fcn Az\u0259rbaycan t\u0259r\u0259find\u0259n y\u00fcks\u0259k s\u0259viyy\u0259li iclas\u0131n\u0131n ke\u00e7irilm\u0259si t\u0259klifi ir\u0259li s\u00fcr\u00fclm\u00fc\u015fd\u00fcr.<\/p>\n<p>Prezident \u0130lham \u018fliyev Az\u0259rbaycan h\u0259qiq\u0259tl\u0259rini Astanada bir daha s\u0259sl\u0259ndirdi.<\/p>\n<p>&nbsp;<\/p>\n","protected":false},"excerpt":{"rendered":"<p>Prezident \u0130lham \u018fliyev cari ilin 13 oktyabr tarixind\u0259 Astanada Asiyada Qar\u015f\u0131l\u0131ql\u0131 F\u0259aliyy\u0259t v\u0259 Etimad T\u0259dbirl\u0259ri \u00fczr\u0259 M\u00fc\u015favir\u0259nin 6-c\u0131 Zirv\u0259 Toplant\u0131s\u0131n\u0131n plenar iclas\u0131nda \u00e7\u0131x\u0131\u015f edib. D\u00f6vl\u0259timizin ba\u015f\u00e7\u0131s\u0131 deyib ki, \u0130kinci Qaraba\u011f m\u00fcharib\u0259sind\u0259 qazan\u0131lm\u0131\u015f Q\u0259l\u0259b\u0259 n\u0259tic\u0259sind\u0259 iki il \u0259vv\u0259l Az\u0259rbaycan \u00f6z torpaqlar\u0131n\u0131 Erm\u0259nistan i\u015f\u011fal\u0131ndan azad etdi. 30 il davam ed\u0259n Qaraba\u011f m\u00fcnaqi\u015f\u0259sin\u0259 son qoyuldu. Az\u0259rbaycan xalq\u0131 BMT [&hellip;]<\/p>\n","protected":false},"author":2,"featured_media":0,"comment_status":"closed","ping_status":"closed","sticky":false,"template":"","format":"standard","meta":[],"categories":[10],"tags":[],"_links":{"self":[{"href":"https:\/\/yeniterter.az\/index.php?rest_route=\/wp\/v2\/posts\/23168"}],"collection":[{"href":"https:\/\/yeniterter.az\/index.php?rest_route=\/wp\/v2\/posts"}],"about":[{"href":"https:\/\/yeniterter.az\/index.php?rest_route=\/wp\/v2\/types\/post"}],"author":[{"embeddable":true,"href":"https:\/\/yeniterter.az\/index.php?rest_route=\/wp\/v2\/users\/2"}],"replies":[{"embeddable":true,"href":"https:\/\/yeniterter.az\/index.php?rest_route=%2Fwp%2Fv2%2Fcomments&post=23168"}],"version-history":[{"count":1,"href":"https:\/\/yeniterter.az\/index.php?rest_route=\/wp\/v2\/posts\/23168\/revisions"}],"predecessor-version":[{"id":23170,"href":"https:\/\/yeniterter.az\/index.php?rest_route=\/wp\/v2\/posts\/23168\/revisions\/23170"}],"wp:attachment":[{"href":"https:\/\/yeniterter.az\/index.php?rest_route=%2Fwp%2Fv2%2Fmedia&parent=23168"}],"wp:term":[{"taxonomy":"category","embeddable":true,"href":"https:\/\/yeniterter.az\/index.php?rest_route=%2Fwp%2Fv2%2Fcategories&post=23168"},{"taxonomy":"post_tag","embeddable":true,"href":"https:\/\/yeniterter.az\/index.php?rest_route=%2Fwp%2Fv2%2Ftags&post=23168"}],"curies":[{"name":"wp","href":"https:\/\/api.w.org\/{rel}","templated":true}]}}