{"id":22742,"date":"2022-09-19T13:52:28","date_gmt":"2022-09-19T10:52:28","guid":{"rendered":"https:\/\/yeniterter.az\/?p=22742"},"modified":"2022-09-19T13:52:28","modified_gmt":"2022-09-19T10:52:28","slug":"az%c9%99rbaycan-xalqi-agi-qaradan-sec%c9%99n-xalqidir","status":"publish","type":"post","link":"https:\/\/yeniterter.az\/?p=22742","title":{"rendered":"Az\u0259rbaycan xalq\u0131 a\u011f\u0131-qaradan se\u00e7\u0259n xalq\u0131d\u0131r"},"content":{"rendered":"<p>M\u00fcxalif\u0259tin hakimiyy\u0259t iddialar\u0131n\u0131 realla\u015fd\u0131rmaq \u00fc\u00e7\u00fcn qanuni resurslar\u0131n\u0131n \u00e7at\u0131\u015fmazl\u0131\u011f\u0131 v\u0259 iddialar\u0131n\u0131n h\u0259yata ke\u00e7irilm\u0259si namin\u0259 ist\u0259nil\u0259n \u00fcsul v\u0259 vasit\u0259d\u0259n faydalanma\u011fa haz\u0131r olmas\u0131 onu siyasi prosesin t\u0259hl\u00fck\u0259li v\u0259 eyni zamanda arzuolunmaz i\u015ftirak\u00e7\u0131s\u0131 olma\u011fa s\u00fcr\u00fckl\u0259yir.\u00a0\u00a0 Mahiyy\u0259t etibaril\u0259 m\u00fchacir m\u00fcxalif\u0259t v\u0259 m\u0259lum be\u015finci kolon hadis\u0259l\u0259ri bir medal\u0131n iki \u00fcz\u00fcd\u00fcr: h\u0259r ikisi \u00f6lk\u0259daxili siyasi prosesl\u0259rd\u0259 xarici maraqlar\u0131n t\u0259msil\u00e7isi rolunu oynay\u0131r.Xalqdan ayr\u0131 d\u00fc\u015fm\u00fc\u015f v\u0259 bu g\u00fcn xaricd\u0259n maliyy\u0259l\u0259\u015f\u0259n radikal m\u00fcxalif\u0259t \u00fcns\u00fcrl\u0259ri olan Altay G\u00f6y\u00fc\u015fov, M\u0259h\u0259mm\u0259d Mirz\u0259li v\u0259 bunlar kimi v\u0259t\u0259n\u0259 xain \u00e7\u0131xan \u00fcns\u00fcrl\u0259r bu g\u00fcnd\u0259 Az\u0259rbaycan xaql\u0131n\u0131n m\u0259nafeyin\u0259 zidd olan fikirl\u0259r s\u0259sl\u0259ndirm\u0259kl\u0259 d\u00fc\u015fm\u0259n d\u0259yirman\u0131na su t\u00f6k\u00fcrl\u0259r. Az\u0259rbaycan Ordusunun Z\u0259f\u0259rin\u0259 h\u00f6rm\u0259tl\u0259 yana\u015fmaq \u0259v\u0259zin\u0259 iftira , b\u00f6htan atmaqla R\u0259\u015fad\u0259tli Ordumuzun q\u0259l\u0259b\u0259sini k\u00f6lg\u0259 alt\u0131na salma\u011fa, Az\u0259rbaycan \u0259sg\u0259rinin,M\u00fcz\u0259ff\u0259r Ali Ba\u015f Komandan\u0131n q\u0259l\u0259b\u0259sini he\u00e7\u0259 endirm\u0259y\u0259 \u00e7al\u0131\u015f\u0131rlar. H\u0259yatlar\u0131nda bir d\u0259f\u0259 d\u0259 olsun m\u00fcq\u0259dd\u0259s \u015f\u0259hid d\u0259fnind\u0259 i\u015ftirak etm\u0259y\u0259, \u015f\u0259hid ail\u0259l\u0259rinin v\u0259 qazil\u0259rin probleml\u0259ri il\u0259 maraqlanmayan m\u00fcxalif\u0259t n\u00fcmay\u0259nd\u0259l\u0259ri\u00a0 sosil \u015f\u0259b\u0259k\u0259l\u0259rd\u0259ki a\u00e7\u0131qlamalar\u0131 il\u0259 \u00f6zl\u0259rini\u00a0 if\u015fa etmi\u015f olurlar. Ad\u0131n\u0131 m\u00fcxalif\u0259t qoyan yuxar\u0131da adlar\u0131n\u0131 \u00e7\u0259kdiyimiz \u00fcns\u00fcrl\u0259r\u00a0 Az\u0259rbaycan\u0131n\u0131n milli m\u0259n\u0259vi d\u0259y\u0259rl\u0259rin\u0259\u00a0 h\u00f6rm\u0259tsizlik n\u00fcmayi\u015f etdirirl\u0259r .Onlar ba\u015fa d\u00fc\u015fm\u0259lidir ki, \u015f\u0259hid ail\u0259si , qazi , m\u00fcharib\u0259 veteranlar\u0131 sosial \u015f\u0259b\u0259k\u0259\u00a0 al\u0259ti deyil .<!--more--><\/p>\n<p>Yeri g\u0259ldi-g\u0259lm\u0259di\u00a0 xalq,\u00a0 v\u0259t\u0259n dey\u0259r\u0259k ba\u011f\u0131ran\u00a0 \u018fli K\u0259rimlil\u0259r\u00a0 \u201cbiz\u0259 m\u00fcharib\u0259 laz\u0131m deyil\u201d, \u201cAz\u0259rbaycan geri \u00e7\u0259kilsin\u201d \u015f\u00fcarlar\u0131 s\u0259sl\u0259ndirm\u0259kl\u0259 bir daha x\u0259st\u0259 t\u0259x\u0259yy\u00fcl\u0259 malik olduqlar\u0131n\u0131 s\u00fcbut ed\u0259n v\u0259t\u0259n xainl\u0259ridir.<\/p>\n<p>V\u0259t\u0259nimizin \u0259razi b\u00fct\u00f6vl\u00fcy\u00fc u\u011frunda \u015firin can\u0131ndan ke\u00e7\u0259n \u015f\u0259hidl\u0259rimiz, \u0259zalar\u0131n\u0131n bir hiss\u0259sini itirmi\u015f qazil\u0259rimiz haqq\u0131nda xo\u015fag\u0259lm\u0259z fikirl\u0259ri s\u0259sl\u0259ndirm\u0259si onlar\u0131n hans\u0131 siyasi m\u0259qs\u0259d g\u00fcdd\u00fckl\u0259rini\u00a0 n\u00fcmayi\u015f etdirir. Bu c\u00fcr v\u0259t\u0259n xainl\u0259rin\u0259 aram\u0131zda yer yoxdur, onlar birm\u0259nal\u0131 olaraq ciddi c\u0259zaland\u0131r\u0131lmal\u0131d\u0131r. Fakt odur ki, uzaqg\u00f6r\u0259n Az\u0259rbaycan xalq\u0131 bu c\u00fcr antimilli \u00fcns\u00fcrl\u0259ri yax\u015f\u0131 tan\u0131y\u0131r, onlar\u0131n cavablar\u0131n\u0131 layiqinc\u0259\u00a0 verir.<\/p>\n<p>M\u00fcdrik Az\u0259rbaycan xalq\u0131\u00a0 liderinin \u0259traf\u0131nda s\u0131x birl\u0259\u015fm\u0259kl\u0259 \u00f6lk\u0259mizin\u00a0 inki\u015faf\u0131nda\u00a0 yax\u0131ndan i\u015ftirak edir, onun siyas\u0259tini tamamil\u0259 d\u0259st\u0259kl\u0259yir.<\/p>\n<p style=\"text-align: right;\"><strong><em>Eldar \u018fs\u0259dov<\/em><\/strong><strong><em>,<\/em><\/strong><\/p>\n<p style=\"text-align: right;\"><strong><em>YAP T\u0259rt\u0259r rayon t\u0259\u015fkilat\u0131n\u0131n s\u0259dri<\/em><\/strong><\/p>\n","protected":false},"excerpt":{"rendered":"<p>M\u00fcxalif\u0259tin hakimiyy\u0259t iddialar\u0131n\u0131 realla\u015fd\u0131rmaq \u00fc\u00e7\u00fcn qanuni resurslar\u0131n\u0131n \u00e7at\u0131\u015fmazl\u0131\u011f\u0131 v\u0259 iddialar\u0131n\u0131n h\u0259yata ke\u00e7irilm\u0259si namin\u0259 ist\u0259nil\u0259n \u00fcsul v\u0259 vasit\u0259d\u0259n faydalanma\u011fa haz\u0131r olmas\u0131 onu siyasi prosesin t\u0259hl\u00fck\u0259li v\u0259 eyni zamanda arzuolunmaz i\u015ftirak\u00e7\u0131s\u0131 olma\u011fa s\u00fcr\u00fckl\u0259yir.\u00a0\u00a0 Mahiyy\u0259t etibaril\u0259 m\u00fchacir m\u00fcxalif\u0259t v\u0259 m\u0259lum be\u015finci kolon hadis\u0259l\u0259ri bir medal\u0131n iki \u00fcz\u00fcd\u00fcr: h\u0259r ikisi \u00f6lk\u0259daxili siyasi prosesl\u0259rd\u0259 xarici maraqlar\u0131n t\u0259msil\u00e7isi rolunu oynay\u0131r.Xalqdan ayr\u0131 [&hellip;]<\/p>\n","protected":false},"author":2,"featured_media":0,"comment_status":"closed","ping_status":"closed","sticky":false,"template":"","format":"standard","meta":[],"categories":[10],"tags":[],"_links":{"self":[{"href":"https:\/\/yeniterter.az\/index.php?rest_route=\/wp\/v2\/posts\/22742"}],"collection":[{"href":"https:\/\/yeniterter.az\/index.php?rest_route=\/wp\/v2\/posts"}],"about":[{"href":"https:\/\/yeniterter.az\/index.php?rest_route=\/wp\/v2\/types\/post"}],"author":[{"embeddable":true,"href":"https:\/\/yeniterter.az\/index.php?rest_route=\/wp\/v2\/users\/2"}],"replies":[{"embeddable":true,"href":"https:\/\/yeniterter.az\/index.php?rest_route=%2Fwp%2Fv2%2Fcomments&post=22742"}],"version-history":[{"count":1,"href":"https:\/\/yeniterter.az\/index.php?rest_route=\/wp\/v2\/posts\/22742\/revisions"}],"predecessor-version":[{"id":22743,"href":"https:\/\/yeniterter.az\/index.php?rest_route=\/wp\/v2\/posts\/22742\/revisions\/22743"}],"wp:attachment":[{"href":"https:\/\/yeniterter.az\/index.php?rest_route=%2Fwp%2Fv2%2Fmedia&parent=22742"}],"wp:term":[{"taxonomy":"category","embeddable":true,"href":"https:\/\/yeniterter.az\/index.php?rest_route=%2Fwp%2Fv2%2Fcategories&post=22742"},{"taxonomy":"post_tag","embeddable":true,"href":"https:\/\/yeniterter.az\/index.php?rest_route=%2Fwp%2Fv2%2Ftags&post=22742"}],"curies":[{"name":"wp","href":"https:\/\/api.w.org\/{rel}","templated":true}]}}