{"id":22738,"date":"2022-09-12T08:44:03","date_gmt":"2022-09-12T05:44:03","guid":{"rendered":"https:\/\/yeniterter.az\/?p=22738"},"modified":"2022-09-12T08:44:03","modified_gmt":"2022-09-12T05:44:03","slug":"t%c9%99rt%c9%99rd%c9%99-v%c9%99t%c9%99n-muharib%c9%99si-s%c9%99hidi-q%c9%99nb%c9%99rli-q%c9%99nb%c9%99rin-ad-gunu-m%c9%99zari-onund%c9%99-qeyd-olundu","status":"publish","type":"post","link":"https:\/\/yeniterter.az\/?p=22738","title":{"rendered":"T\u0259rt\u0259rd\u0259 V\u0259t\u0259n m\u00fcharib\u0259si\u00a0 \u015f\u0259hidi Q\u0259nb\u0259rli Q\u0259nb\u0259rin ad g\u00fcn\u00fc m\u0259zar\u0131 \u00f6n\u00fcnd\u0259 qeyd olundu"},"content":{"rendered":"<p><img decoding=\"async\" loading=\"lazy\" class=\" wp-image-22739 alignright\" src=\"https:\/\/yeniterter.az\/wp-content\/uploads\/e03ab728ce574e2f8e9aec775fde2435-300x200.jpg\" alt=\"\" width=\"278\" height=\"185\" srcset=\"https:\/\/yeniterter.az\/wp-content\/uploads\/e03ab728ce574e2f8e9aec775fde2435-300x200.jpg 300w, https:\/\/yeniterter.az\/wp-content\/uploads\/e03ab728ce574e2f8e9aec775fde2435-1024x683.jpg 1024w, https:\/\/yeniterter.az\/wp-content\/uploads\/e03ab728ce574e2f8e9aec775fde2435-768x512.jpg 768w, https:\/\/yeniterter.az\/wp-content\/uploads\/e03ab728ce574e2f8e9aec775fde2435.jpg 1152w\" sizes=\"(max-width: 278px) 100vw, 278px\" \/>Torpaqlar\u0131m\u0131z\u0131n b\u00fct\u00f6vl\u00fcy\u00fc u\u011frunda ged\u0259n d\u00f6y\u00fc\u015fl\u0259rd\u0259 \u015f\u0259hidlik zirv\u0259sin\u0259 ucalan T\u0259rt\u0259r rayonunun K\u0259ng\u0259rli k\u0259nd sakini Q\u0259nb\u0259rli Q\u0259nb\u0259r B\u0259hruz o\u011flununun do\u011fum g\u00fcn\u00fc m\u0259zar\u0131 \u00f6n\u00fcnd\u0259 qeyd olunub.<\/p>\n<p>Bu m\u00fcnasib\u0259tl\u0259 T\u0259rt\u0259r Rayon \u0130cra Hakimiyy\u0259tind\u0259 V\u0259t\u0259n m\u00fcharib\u0259si i\u015ftirak\u00e7\u0131lar\u0131 v\u0259 \u015f\u0259hid ail\u0259l\u0259ri il\u0259 i\u015fin t\u0259\u015fkili \u015f\u00f6b\u0259sinin m\u00fcdiri \u00dclvi N\u0259c\u0259fov, YAP T\u0259rt\u0259r rayon t\u0259\u015fkilat\u0131n\u0131n s\u0259dri Eldar \u018fs\u0259dov, \u015f\u0259hidl\u0259rin ail\u0259 \u00fczvl\u0259ri, qazil\u0259r, veteranlar, k\u0259nd sakinl\u0259ri v\u0259 \u015f\u0259hidin yax\u0131nlar\u0131 \u015f\u0259hidin m\u0259zar\u0131n\u0131\u00a0 ziyar\u0259t ed\u0259r\u0259k \u00f6n\u00fcn\u0259 g\u00fcl d\u0259st\u0259l\u0259ri d\u00fcz\u00fcb, ruhuna dualar oxuyublar.<\/p>\n<p>Qeyd ed\u0259k ki, N sayl\u0131 h\u0259rbi hiss\u0259nin zabiti olmu\u015f ba\u015f leytenant Q\u0259nb\u0259rli Q\u0259nb\u0259r B\u0259hruz o\u011flu 1993-c\u00fc il sentyabr\u0131n 10-da T\u0259rt\u0259r rayonunun K\u0259ng\u0259rli k\u0259ndind\u0259 anadan olub. Az\u0259rbaycan Ordusunun ba\u015f leytenant\u0131 Q\u0259nb\u0259r Q\u0259nb\u0259rli i\u015f\u011fal alt\u0131nda olan \u0259razil\u0259rin azad edilm\u0259si v\u0259 Az\u0259rbaycan\u0131n \u0259razi b\u00fct\u00f6vl\u00fcy\u00fc u\u011frunda 44 g\u00fcnl\u00fck V\u0259t\u0259n m\u00fcharib\u0259sind\u0259 Murovda\u011f istiqam\u0259tind\u0259 ged\u0259n d\u00f6y\u00fc\u015fl\u0259rd\u0259 sentyabr\u0131n 27-d\u0259 \u015f\u0259hid olub. Uzun m\u00fcdd\u0259t n\u0259\u015fi tap\u0131lmay\u0131b. 2021-ci il may\u0131n 22-d\u0259 n\u0259\u015fi tap\u0131laraq T\u0259rt\u0259r rayonunun K\u0259ng\u0259rli k\u0259ndind\u0259 d\u0259fn olunub. Az\u0259rbaycan Respublikas\u0131 Prezidenti \u0130lham \u018fliyevin S\u0259r\u0259ncam\u0131na \u0259sas\u0259n, \u00f6l\u00fcm\u00fcnd\u0259n sonra 3-c\u00fc d\u0259r\u0259c\u0259li \u201cR\u0259\u015fad\u0259t\u201d ordeni, &#8220;V\u0259t\u0259n u\u011frunda&#8221; v\u0259 \u201cK\u0259lb\u0259c\u0259rin azad olunmas\u0131na g\u00f6r\u0259\u201d medallar\u0131 il\u0259 t\u0259ltif edilib.<\/p>\n<p>\u015e\u0259hidin ail\u0259 \u00fczvl\u0259ri onlara g\u00f6st\u0259ril\u0259n diqq\u0259t v\u0259 qay\u011f\u0131ya g\u00f6r\u0259 Az\u0259rbaycan Respublikas\u0131n\u0131n Prezidenti c\u0259nab \u0130lham \u018fliyev\u0259 v\u0259 Birinci vitse-prezident Mehriban xan\u0131m \u018fliyevaya \u00f6z minn\u0259tdarl\u0131qlar\u0131n\u0131 bildiribl\u0259r.<\/p>\n<p>Allahdan b\u00fct\u00fcn \u015f\u0259hidl\u0259rimiz\u0259 r\u0259hm\u0259t, qazil\u0259rimiz\u0259 can sa\u011fl\u0131\u011f\u0131 dil\u0259yirik.<\/p>\n<p>&nbsp;<\/p>\n","protected":false},"excerpt":{"rendered":"<p>Torpaqlar\u0131m\u0131z\u0131n b\u00fct\u00f6vl\u00fcy\u00fc u\u011frunda ged\u0259n d\u00f6y\u00fc\u015fl\u0259rd\u0259 \u015f\u0259hidlik zirv\u0259sin\u0259 ucalan T\u0259rt\u0259r rayonunun K\u0259ng\u0259rli k\u0259nd sakini Q\u0259nb\u0259rli Q\u0259nb\u0259r B\u0259hruz o\u011flununun do\u011fum g\u00fcn\u00fc m\u0259zar\u0131 \u00f6n\u00fcnd\u0259 qeyd olunub. Bu m\u00fcnasib\u0259tl\u0259 T\u0259rt\u0259r Rayon \u0130cra Hakimiyy\u0259tind\u0259 V\u0259t\u0259n m\u00fcharib\u0259si i\u015ftirak\u00e7\u0131lar\u0131 v\u0259 \u015f\u0259hid ail\u0259l\u0259ri il\u0259 i\u015fin t\u0259\u015fkili \u015f\u00f6b\u0259sinin m\u00fcdiri \u00dclvi N\u0259c\u0259fov, YAP T\u0259rt\u0259r rayon t\u0259\u015fkilat\u0131n\u0131n s\u0259dri Eldar \u018fs\u0259dov, \u015f\u0259hidl\u0259rin ail\u0259 \u00fczvl\u0259ri, qazil\u0259r, veteranlar, k\u0259nd [&hellip;]<\/p>\n","protected":false},"author":2,"featured_media":0,"comment_status":"closed","ping_status":"closed","sticky":false,"template":"","format":"standard","meta":[],"categories":[39],"tags":[],"_links":{"self":[{"href":"https:\/\/yeniterter.az\/index.php?rest_route=\/wp\/v2\/posts\/22738"}],"collection":[{"href":"https:\/\/yeniterter.az\/index.php?rest_route=\/wp\/v2\/posts"}],"about":[{"href":"https:\/\/yeniterter.az\/index.php?rest_route=\/wp\/v2\/types\/post"}],"author":[{"embeddable":true,"href":"https:\/\/yeniterter.az\/index.php?rest_route=\/wp\/v2\/users\/2"}],"replies":[{"embeddable":true,"href":"https:\/\/yeniterter.az\/index.php?rest_route=%2Fwp%2Fv2%2Fcomments&post=22738"}],"version-history":[{"count":1,"href":"https:\/\/yeniterter.az\/index.php?rest_route=\/wp\/v2\/posts\/22738\/revisions"}],"predecessor-version":[{"id":22740,"href":"https:\/\/yeniterter.az\/index.php?rest_route=\/wp\/v2\/posts\/22738\/revisions\/22740"}],"wp:attachment":[{"href":"https:\/\/yeniterter.az\/index.php?rest_route=%2Fwp%2Fv2%2Fmedia&parent=22738"}],"wp:term":[{"taxonomy":"category","embeddable":true,"href":"https:\/\/yeniterter.az\/index.php?rest_route=%2Fwp%2Fv2%2Fcategories&post=22738"},{"taxonomy":"post_tag","embeddable":true,"href":"https:\/\/yeniterter.az\/index.php?rest_route=%2Fwp%2Fv2%2Ftags&post=22738"}],"curies":[{"name":"wp","href":"https:\/\/api.w.org\/{rel}","templated":true}]}}