{"id":21893,"date":"2022-06-10T09:31:08","date_gmt":"2022-06-10T06:31:08","guid":{"rendered":"https:\/\/yeniterter.az\/?p=21893"},"modified":"2022-06-10T09:31:08","modified_gmt":"2022-06-10T06:31:08","slug":"s%c9%99hidlik-v%c9%99t%c9%99n%c9%99-m%c9%99h%c9%99bb%c9%99tin-zirv%c9%99sidir-2","status":"publish","type":"post","link":"https:\/\/yeniterter.az\/?p=21893","title":{"rendered":"\u015e\u018fH\u0130DL\u0130K V\u018fT\u018fN\u018f M\u018fH\u018fBB\u018fT\u0130N Z\u0130RV\u018fS\u0130D\u0130R"},"content":{"rendered":"<p style=\"text-align: center;\"><strong><span style=\"font-size: 14pt;\"> Koma v\u0259ziyy\u0259tind\u0259 olan qazi Q\u0259hr\u0259manl\u0131 Yaqub Abdulla o\u011flu \u015f\u0259hidlik zirv\u0259sin\u0259 ucal\u0131b<\/span><\/strong><\/p>\n<p><img decoding=\"async\" loading=\"lazy\" class=\"size-medium wp-image-21894 alignright\" src=\"https:\/\/yeniterter.az\/wp-content\/uploads\/bd7519dcff6dd7a95428e95cd86a7ded-1-300x180.jpg\" alt=\"\" width=\"300\" height=\"180\" srcset=\"https:\/\/yeniterter.az\/wp-content\/uploads\/bd7519dcff6dd7a95428e95cd86a7ded-1-300x180.jpg 300w, https:\/\/yeniterter.az\/wp-content\/uploads\/bd7519dcff6dd7a95428e95cd86a7ded-1-1024x613.jpg 1024w, https:\/\/yeniterter.az\/wp-content\/uploads\/bd7519dcff6dd7a95428e95cd86a7ded-1-768x460.jpg 768w, https:\/\/yeniterter.az\/wp-content\/uploads\/bd7519dcff6dd7a95428e95cd86a7ded-1.jpg 1152w\" sizes=\"(max-width: 300px) 100vw, 300px\" \/>V\u0259t\u0259n m\u00fcharib\u0259sind\u0259 Tal\u0131\u015f k\u0259ndi istiqam\u0259tind\u0259 ged\u0259n d\u00f6y\u00fc\u015fl\u0259rd\u0259 a\u011f\u0131r yaralanaraq uzun m\u00fcdd\u0259t koma v\u0259ziyy\u0259tind\u0259 qalan \u201cN\u201d sayl\u0131 h\u0259rbi hiss\u0259nin m\u00fcdd\u0259td\u0259n art\u0131q h\u0259qiqi h\u0259rbi xidm\u0259t ke\u00e7\u0259n h\u0259rbi qulluq\u00e7usu, 14 sen-tyabr 1993-c\u00fc ild\u0259 T\u0259rt\u0259r rayonunun D\u0259mir\u00e7il\u0259r k\u0259ndind\u0259 anadan olmu\u015f, T\u0259rt\u0259r \u015f\u0259h\u0259rind\u0259 ya\u015fayan Q\u0259hr\u0259manl\u0131 Yaqub Abdulla o\u011flu \u015f\u0259hidlik zirv\u0259sin\u0259 ucal\u0131b. \u015e\u0259hid do\u011fuldu\u011fu D\u0259mir\u00e7il\u0259r k\u0259nd q\u0259biristanl\u0131\u011f\u0131nda torpa\u011fa tap\u015f\u0131r\u0131l\u0131b.<br \/>\n\u015e\u0259hidin d\u0259fn m\u0259rasimind\u0259 T\u0259rt\u0259r Rayon \u0130cra Hakimiyy\u0259tinin ba\u015f\u00e7\u0131s\u0131 M\u00fcst\u0259qim M\u0259mm\u0259dov, h\u00fcquq-m\u00fchafiz\u0259 orqanlar\u0131n\u0131n r\u0259hb\u0259rl\u0259ri, \u015f\u0259hidin xidm\u0259t etdiyi h\u0259rbi hiss\u0259nin \u0259sg\u0259r v\u0259 zabitl\u0259ri, \u015f\u0259hid ail\u0259l\u0259rinin \u00fczvl\u0259ri, qazil\u0259r veteranlar, ictimaiyy\u0259t n\u00fcmay\u0259nd\u0259l\u0259ri, rayon sakinl\u0259ri i\u015ftirak edibl\u0259r.<br \/>\nM\u0259rasimd\u0259 T\u0259rt\u0259r Rayon \u0130cra Hakimiyy\u0259tinin ba\u015f\u00e7\u0131s\u0131 M\u00fcst\u0259qim M\u0259mm\u0259dov \u00e7\u0131x\u0131\u015f ed\u0259r\u0259k bildirib ki, \u201ctorpaqlar\u0131m\u0131z\u0131n i\u015f\u011faldan azad edilm\u0259si namin\u0259 canlar\u0131n\u0131 qurban vermi\u015f \u015f\u0259hidl\u0259rimizin \u0259ziz xatir\u0259si xalq\u0131m\u0131z t\u0259r\u0259find\u0259n daim uca tutulur, ehtiramla an\u0131l\u0131r. 44 g\u00fcn davam ed\u0259n V\u0259t\u0259n m\u00fcharib\u0259sind\u0259 r\u0259\u015fad\u0259tli Az\u0259rbaycan Ordusu M\u00fcz\u0259ff\u0259r Ali Ba\u015f Komandan \u0130lham \u018fliyevin r\u0259hb\u0259rliyi il\u0259 tarixi q\u0259l\u0259b\u0259 \u0259ld\u0259 edib, 30 il i\u015f\u011fal alt\u0131nda olan V\u0259t\u0259n torpaqlar\u0131 erm\u0259ni fa\u015fizmind\u0259n bird\u0259f\u0259lik azad olunub. Xalq-iqtidar-ordu birliyi biz\u0259 q\u0259l\u0259b\u0259 sevincini ya\u015fatd\u0131. Bu q\u0259l\u0259b\u0259nin qazan\u0131lmas\u0131nda itkil\u0259rimiz d\u0259 oldu. Allah b\u00fct\u00fcn \u015f\u0259hdil\u0259rimiz\u0259 r\u0259hm\u0259t el\u0259sin, qazil\u0259rimiz\u0259 cansa\u011fl\u0131\u011f\u0131 versin. \u015e\u0259hid analar\u0131n\u0131n h\u0259r birinin qar\u015f\u0131s\u0131nda ba\u015f \u0259yirik. Yaqub kimi igid o\u011fullar\u0131n xatir\u0259si he\u00e7 vaxt unudulmayacaq v\u0259 g\u0259l\u0259c\u0259k n\u0259sill\u0259r\u0259 q\u0259hr\u0259manl\u0131q n\u00fcmun\u0259si olacaq\u201d.<!--more--><br \/>\nSonra M\u00fcst\u0259qim M\u0259mm\u0259dov Az\u0259rbaycan\u0131n D\u00f6vl\u0259t Bayra\u011f\u0131n\u0131 \u015f\u0259hidin atas\u0131na v\u0259 yadigar qalan o\u011fluna t\u0259qdim edib.<br \/>\nQeyd ed\u0259k ki, \u015f\u0259hid Q\u0259hr\u0259manl\u0131 Yaqub Abdulla o\u011flu \u201cYa\u015fat\u201d Fondunun x\u0259tti il\u0259 uzun m\u00fcdd\u0259t \u0130stanbul \u015f\u0259h\u0259rind\u0259 \u0130stanbul Medicana hospital\u0131nda v\u0259 \u0130stanbul c\u0259rrahiyy\u0259 x\u0259st\u0259xanas\u0131nda m\u00fcalic\u0259 al\u0131b, sonra is\u0259 m\u00fcalic\u0259sini D\u00f6vl\u0259t T\u0259hl\u00fck\u0259sizliyi Xidm\u0259tinin H\u0259rbi Tibbi Hospital\u0131nda davam etdirirdi.<br \/>\nYaqub Q\u0259hr\u0259manl\u0131n\u0131n 2 ya\u015f\u0131nda o\u011flu yadigar qal\u0131b.<br \/>\nAllah b\u00fct\u00fcn \u015f\u0259hidl\u0259rimiz\u0259 r\u0259hm\u0259t el\u0259sin!<br \/>\n\u015e\u0259hidl\u0259rimizin ruhu qar\u015f\u0131s\u0131nda ba\u015f \u0259yirik.<\/p>\n<p>&nbsp;<\/p>\n","protected":false},"excerpt":{"rendered":"<p>Koma v\u0259ziyy\u0259tind\u0259 olan qazi Q\u0259hr\u0259manl\u0131 Yaqub Abdulla o\u011flu \u015f\u0259hidlik zirv\u0259sin\u0259 ucal\u0131b V\u0259t\u0259n m\u00fcharib\u0259sind\u0259 Tal\u0131\u015f k\u0259ndi istiqam\u0259tind\u0259 ged\u0259n d\u00f6y\u00fc\u015fl\u0259rd\u0259 a\u011f\u0131r yaralanaraq uzun m\u00fcdd\u0259t koma v\u0259ziyy\u0259tind\u0259 qalan \u201cN\u201d sayl\u0131 h\u0259rbi hiss\u0259nin m\u00fcdd\u0259td\u0259n art\u0131q h\u0259qiqi h\u0259rbi xidm\u0259t ke\u00e7\u0259n h\u0259rbi qulluq\u00e7usu, 14 sen-tyabr 1993-c\u00fc ild\u0259 T\u0259rt\u0259r rayonunun D\u0259mir\u00e7il\u0259r k\u0259ndind\u0259 anadan olmu\u015f, T\u0259rt\u0259r \u015f\u0259h\u0259rind\u0259 ya\u015fayan Q\u0259hr\u0259manl\u0131 Yaqub Abdulla o\u011flu \u015f\u0259hidlik [&hellip;]<\/p>\n","protected":false},"author":2,"featured_media":0,"comment_status":"closed","ping_status":"closed","sticky":false,"template":"","format":"standard","meta":[],"categories":[39],"tags":[],"_links":{"self":[{"href":"https:\/\/yeniterter.az\/index.php?rest_route=\/wp\/v2\/posts\/21893"}],"collection":[{"href":"https:\/\/yeniterter.az\/index.php?rest_route=\/wp\/v2\/posts"}],"about":[{"href":"https:\/\/yeniterter.az\/index.php?rest_route=\/wp\/v2\/types\/post"}],"author":[{"embeddable":true,"href":"https:\/\/yeniterter.az\/index.php?rest_route=\/wp\/v2\/users\/2"}],"replies":[{"embeddable":true,"href":"https:\/\/yeniterter.az\/index.php?rest_route=%2Fwp%2Fv2%2Fcomments&post=21893"}],"version-history":[{"count":1,"href":"https:\/\/yeniterter.az\/index.php?rest_route=\/wp\/v2\/posts\/21893\/revisions"}],"predecessor-version":[{"id":21895,"href":"https:\/\/yeniterter.az\/index.php?rest_route=\/wp\/v2\/posts\/21893\/revisions\/21895"}],"wp:attachment":[{"href":"https:\/\/yeniterter.az\/index.php?rest_route=%2Fwp%2Fv2%2Fmedia&parent=21893"}],"wp:term":[{"taxonomy":"category","embeddable":true,"href":"https:\/\/yeniterter.az\/index.php?rest_route=%2Fwp%2Fv2%2Fcategories&post=21893"},{"taxonomy":"post_tag","embeddable":true,"href":"https:\/\/yeniterter.az\/index.php?rest_route=%2Fwp%2Fv2%2Ftags&post=21893"}],"curies":[{"name":"wp","href":"https:\/\/api.w.org\/{rel}","templated":true}]}}