{"id":21772,"date":"2022-05-30T11:00:05","date_gmt":"2022-05-30T08:00:05","guid":{"rendered":"https:\/\/yeniterter.az\/?p=21772"},"modified":"2022-05-30T11:00:05","modified_gmt":"2022-05-30T08:00:05","slug":"boyuk-qayidis-prosesin%c9%99-start-verilib","status":"publish","type":"post","link":"https:\/\/yeniterter.az\/?p=21772","title":{"rendered":"\u201cB\u00f6y\u00fck qay\u0131d\u0131\u015f\u201d\u00a0 prosesin\u0259 \u00a0start verilib"},"content":{"rendered":"<p>Az\u0259rbaycan Respublikas\u0131n\u0131n Prezidenti \u00a0\u0130lham \u018fliyev cari ilin 27 may tarixind\u0259 Z\u0259ngilan rayonunun A\u011fal\u0131 k\u0259ndind\u0259 \u201cA\u011f\u0131ll\u0131 k\u0259nd\u201d layih\u0259sinin a\u00e7\u0131l\u0131\u015f\u0131nda \u00e7\u0131x\u0131\u015f edib.<\/p>\n<p>Prezident \u0130lham \u018fliyev deyib ki, rus imperiyas\u0131n\u0131n da\u011f\u0131lmas\u0131 n\u0259tic\u0259sind\u0259 Az\u0259rbaycan xalq\u0131 104 il bundan \u0259vv\u0259l m\u00fcst\u0259qilliy\u0259 qovu\u015fdu. Ancaq birinci respublika \u00e7ox ya\u015faya bilm\u0259di, s\u00fcqut etdi, c\u0259mi iki il\u0259 yax\u0131n m\u00fcdd\u0259t \u0259rzind\u0259 ya\u015fam\u0131\u015fd\u0131r. Az\u0259rbaycan Xalq C\u00fcmhuriyy\u0259tinin qurucular\u0131n\u0131n xatir\u0259sini biz daim h\u00f6rm\u0259tl\u0259 an\u0131r\u0131q.<\/p>\n<p>D\u00f6vl\u0259t m\u00fcst\u0259qilliyimiz elan olunandan bir g\u00fcn sonra Az\u0259rbaycan Xalq C\u00fcmhuriyy\u0259ti bizim q\u0259dim \u015f\u0259h\u0259rimiz olan \u0130r\u0259van\u0131 Erm\u0259nistana t\u0259hvil verdi. Bu fakt\u0131 unutmaq olmaz. Bizim q\u0259dim diyar\u0131m\u0131z bizd\u0259n ayr\u0131 d\u00fc\u015fd\u00fc. XX \u0259srin \u0259vv\u0259ll\u0259rind\u0259 v\u0259 sonrak\u0131 d\u00f6vrl\u0259rd\u0259 m\u00fcst\u0259qilliyimiz m\u00f6hk\u0259m olmam\u0131\u015fd\u0131r. Ona g\u00f6r\u0259 xalq\u0131m\u0131z b\u00f6y\u00fck faci\u0259l\u0259rl\u0259 \u00fczl\u0259\u015fmi\u015fdi. H\u0259m \u015e\u0259rqi Z\u0259ng\u0259zur, h\u0259m Qaraba\u011f i\u015f\u011fala m\u0259ruz qald\u0131. O vaxtk\u0131 hakimiyy\u0259t torpaqlar\u0131m\u0131z\u0131 qoruya bilm\u0259di.<\/p>\n<p>1920-ci ilin noyabr\u0131nda sovet hakimiyy\u0259tinin q\u0259rar\u0131 il\u0259 he\u00e7 bir \u0259sas olmadan tarixi diyar\u0131m\u0131z Q\u0259rbi Z\u0259ng\u0259zur Az\u0259rbaycandan ayr\u0131ld\u0131 v\u0259 Erm\u0259nistana verildi. Bu, xalq\u0131m\u0131za qar\u015f\u0131 n\u00f6vb\u0259ti d\u00fc\u015fm\u0259n\u00e7ilik v\u0259 \u0259dal\u0259tsizlik idi. \u0130ndiki Erm\u0259nistan \u0259razisind\u0259 olan Q\u0259rbi Z\u0259ng\u0259zurun b\u00fct\u00fcn toponiml\u0259ri, b\u00fct\u00fcn k\u0259ndl\u0259rin milli t\u0259rkibi Az\u0259rbaycan xalq\u0131na m\u0259xsus idi.<!--more--><\/p>\n<p>D\u00f6vl\u0259t ba\u015fc\u0131s\u0131 bildirib ki, \u00a0\u0259sl m\u00fcst\u0259qillik m\u0259hz odur ki, s\u0259n m\u00fcst\u0259qil siyas\u0259t apara bil\u0259s\u0259n. 1993-c\u00fc ild\u0259n ba\u015flayaraq xalq Ulu \u00d6nd\u0259r\u0259 m\u00fcraci\u0259t edib onu hakimiyy\u0259t\u0259 d\u0259v\u0259t ed\u0259nd\u0259n sonra \u0259sl m\u00fcst\u0259qillik h\u0259yat\u0131m\u0131z ba\u015flam\u0131\u015fd\u0131r.<\/p>\n<p>Bu g\u00fcn iqtisadi g\u00f6st\u0259ricil\u0259rimiz \u00e7ox m\u00fcsb\u0259tdir. D\u00fcnya miqyas\u0131nda bu il \u0259n s\u00fcr\u0259tl\u0259 inki\u015faf ed\u0259n \u00f6lk\u0259l\u0259rd\u0259n biri Az\u0259rbaycand\u0131r.<\/p>\n<p>Az\u0259rbaycan iqtisadi c\u0259h\u0259td\u0259n m\u00fcst\u0259qil \u00f6lk\u0259dir. \u0130qtisadi c\u0259h\u0259td\u0259n m\u00fcst\u0259qil \u00f6lk\u0259l\u0259rin say\u0131 o q\u0259d\u0259r d\u0259 \u00e7ox deyil. Ancaq Az\u0259rbaycan tam m\u00fcst\u0259qildir v\u0259 he\u00e7 bir yard\u0131ma, kredit\u0259 ehtiyac\u0131 yoxdur.<\/p>\n<p>Bu g\u00fcn g\u00fcc amili \u00f6n plandad\u0131r. Beyn\u0259lxalq h\u00fcquq i\u015fl\u0259mir. \u00d6z\u00fcm\u00fcz\u00fc aldatmamal\u0131y\u0131q, daha g\u00fccl\u00fc olmal\u0131y\u0131q, g\u00fcc toplamal\u0131y\u0131q. G\u00fcc amili bundan sonra da d\u00fcnyada hakim olacaq.<\/p>\n<p>Az\u0259rbaycan\u0131n h\u0259rbi g\u00fcc\u00fc art\u0131r. M\u00fcharib\u0259d\u0259n sonra yeni silahl\u0131 birl\u0259\u015fm\u0259l\u0259r yarad\u0131l\u0131b, yeni texnika al\u0131n\u0131r.<\/p>\n<p>Az\u0259rbaycan sabitlik, t\u0259hl\u00fck\u0259sizlik diyar\u0131d\u0131r. Bunu art\u0131q b\u00fct\u00fcn d\u00fcnya g\u00f6r\u00fcr v\u0259 bilir. M\u00fcst\u0259qil olmasayd\u0131q erm\u0259ni i\u015f\u011fal\u0131na son qoya bilm\u0259zdik. \u00c7\u00fcnki bu i\u015f\u011fal\u0131 \u015f\u0259rtl\u0259ndir\u0259n xarici amill\u0259r olub.<\/p>\n<p>C\u0259nab Prezident qeyd edib ki, Erm\u0259nistan\u0131n ac\u0131nacaql\u0131 v\u0259ziyy\u0259ti g\u00f6z qaba\u011f\u0131ndad\u0131r, bu v\u0259ziyy\u0259t onlar\u0131n i\u015f\u011fal\u00e7\u0131l\u0131q siyas\u0259tinin n\u0259tic\u0259sidir. Erm\u0259nistan \u00f6z\u00fc n\u0259 h\u0259rbi, n\u0259 siyasi, n\u0259 iqtisadi c\u0259h\u0259td\u0259n h\u0259tta orta s\u0259viyy\u0259li d\u00f6vl\u0259t say\u0131la bilm\u0259z. \u0130ndi Erm\u0259nistandak\u0131 v\u0259ziyy\u0259t g\u00f6z qaba\u011f\u0131ndad\u0131r.<\/p>\n<p>Erm\u0259nistan\u0131n xarici havadarlar\u0131 Az\u0259rbaycan xalq\u0131n\u0131 \u00f6z h\u0259d\u0259find\u0259n \u00e7\u0259kindir\u0259 bilm\u0259di. Az\u0259rbaycan xalq\u0131 g\u00fccl\u00fc irad\u0259 g\u00f6st\u0259rdi, birl\u0259\u015fdi. Bunun t\u0259m\u0259lind\u0259 h\u0259mr\u0259ylik, milli q\u00fcrur, l\u0259yaq\u0259t v\u0259 g\u00fcc dayan\u0131r.<\/p>\n<p>44 g\u00fcnl\u00fck V\u0259t\u0259n m\u00fcharib\u0259si h\u0259m xalq\u0131m\u0131z\u0131n g\u00fcc\u00fcn\u00fc, h\u0259m d\u0259 m\u0259n\u0259vi keyfiyy\u0259tl\u0259rini g\u00f6st\u0259rdi. Biz erm\u0259nil\u0259rd\u0259n f\u0259rqli olaraq dinc \u0259haliy\u0259 qar\u015f\u0131 m\u00fcharib\u0259, etnik t\u0259mizl\u0259m\u0259 aparmam\u0131\u015f\u0131q, \u015f\u0259h\u0259r v\u0259 k\u0259ndl\u0259ri yerl\u0259-yeksan etm\u0259mi\u015fik.<\/p>\n<p>Postm\u00fcnaqi\u015f\u0259 d\u00f6vr\u00fcnd\u0259 g\u00fcnd\u0259liyi Az\u0259rbaycan dikt\u0259 edir. Da\u011fl\u0131q Qaraba\u011f m\u00fcnaqi\u015f\u0259si h\u0259ll olunub, Minsk qrupu \u00f6z f\u0259aliyy\u0259tini ba\u015fa vurub. B\u00fct\u00fcn d\u00fcnya, apar\u0131c\u0131 \u00f6lk\u0259l\u0259r v\u0259 apar\u0131c\u0131 beyn\u0259lxalq t\u0259\u015fkilatlar yeni reall\u0131qlar\u0131 q\u0259bul edibl\u0259r. G\u00fcnd\u0259liyimiz art\u0131q apar\u0131c\u0131 beyn\u0259lxalq t\u0259\u015fkilatlar t\u0259r\u0259find\u0259n \u0259sas kimi g\u00f6t\u00fcr\u00fcl\u00fcr.<\/p>\n<p>Erm\u0259nistanla s\u0259rh\u0259dl\u0259rimiz m\u00fc\u0259yy\u0259n olunmal\u0131d\u0131r. S\u0259rh\u0259dl\u0259rin m\u00fc\u0259yy\u0259n olunmas\u0131 avtomatik olaraq Erm\u0259nistanda revan\u015fist, fa\u015fist q\u00fcvv\u0259l\u0259r t\u0259r\u0259find\u0259n Az\u0259rbaycana qar\u015f\u0131 ir\u0259li s\u00fcr\u00fcl\u0259n \u0259razi iddialar\u0131na da r\u0259sm\u0259n son qoyulmas\u0131 dem\u0259kdir. Qaraba\u011f diyar\u0131 Az\u0259rbaycan \u0259razisidir v\u0259 b\u00fct\u00fcn d\u00fcnya bunu q\u0259bul edir. Ona g\u00f6r\u0259 Az\u0259rbaycan-Erm\u0259nistan s\u0259rh\u0259d delimitasiyas\u0131 \u00fczr\u0259 komissiyalar\u0131n birinci iclas\u0131n\u0131n \u00e7ox b\u00f6y\u00fck \u0259h\u0259miyy\u0259ti var.<\/p>\n<p>Erm\u0259nistan il\u0259 Az\u0259rbaycan aras\u0131nda s\u00fclh m\u00fcqavil\u0259si imzalanmal\u0131d\u0131r. Erm\u0259nistan bundan boyun qa\u00e7\u0131rma\u011fa can at\u0131rd\u0131. \u00c7\u00fcnki s\u00fclh m\u00fcqavil\u0259si \u00f6lk\u0259l\u0259rin \u0259razi b\u00fct\u00f6vl\u00fcy\u00fcn\u00fcn qar\u015f\u0131l\u0131ql\u0131 sur\u0259td\u0259 tan\u0131nmas\u0131 dem\u0259kdir.<\/p>\n<p>Z\u0259ng\u0259zur d\u0259hlizinin a\u00e7\u0131lmas\u0131n\u0131n \u00f6n\u0259mli m\u0259s\u0259l\u0259 oldu\u011funu bildir\u0259n Prezident \u0130lham \u018fliyev diqq\u0259t\u0259 \u00e7atd\u0131r\u0131b ki, \u00a0\u00a0Erm\u0259nistan h\u0259r zaman buna da mane\u00e7ilik t\u00f6r\u0259tm\u0259y\u0259 \u00e7al\u0131\u015f\u0131rd\u0131. Amma yen\u0259 d\u0259, Br\u00fcssel g\u00f6r\u00fc\u015f\u00fcn\u00fcn r\u0259smi a\u00e7\u0131qlamas\u0131na g\u00f6r\u0259 art\u0131q h\u0259m d\u0259mir yolu, h\u0259m avtomobil yolunun Mehrid\u0259n, Z\u0259ng\u0259zurdan ke\u00e7m\u0259si m\u00fc\u0259yy\u0259n olunub.<\/p>\n<p>Az\u0259rbaycan t\u0259r\u0259find\u0259n ir\u0259li s\u00fcr\u00fclm\u00fc\u015f 5 prinsip s\u00fclh m\u00fcqavil\u0259sinin \u0259sas\u0131n\u0131 t\u0259\u015fkil etm\u0259lidir. \u018frazi b\u00fct\u00f6vl\u00fcy\u00fc tan\u0131nmal\u0131, s\u0259rh\u0259dl\u0259r m\u00fc\u0259yy\u0259n olunmal\u0131, h\u0259r k\u0259s \u00f6z \u00f6lk\u0259sind\u0259 ya\u015famal\u0131 v\u0259 bir-birinin i\u015fin\u0259 qar\u0131\u015fmamal\u0131d\u0131r. Bir-birin\u0259 qar\u015f\u0131 \u0259razi iddialar\u0131ndan \u0259l \u00e7\u0259km\u0259k prinsipi d\u0259 b\u00f6y\u00fck \u00f6n\u0259m da\u015f\u0131y\u0131r. Erm\u0259nistan r\u0259hb\u0259rliyi bu 5 prinsipi q\u0259bul edib.<\/p>\n<p>Az\u0259rbaycan \u00e7oxmill\u0259tli, \u00e7oxkonfessiyal\u0131 bir \u00f6lk\u0259dir. Erm\u0259nil\u0259rin Az\u0259rbaycanda ya\u015famas\u0131na dair he\u00e7 bir problem yoxdur. Az\u0259rbaycanda b\u00fct\u00fcn xalqlar\u0131n n\u00fcmay\u0259nd\u0259l\u0259ri rahat ya\u015fay\u0131rlar, b\u00fct\u00fcn h\u00fcquqlardan istifad\u0259 edirl\u0259r. He\u00e7 vaxt Az\u0259rbaycanda milli, dini z\u0259mind\u0259 ayr\u0131-se\u00e7kilik olmay\u0131b v\u0259 olmayacaq. Ona g\u00f6r\u0259 Az\u0259rbaycanda ya\u015fayan erm\u0259nil\u0259rin h\u00fcquqlar\u0131, t\u0259hl\u00fck\u0259sizliyi Az\u0259rbaycanda ya\u015fayan dig\u0259r xalqlar\u0131n t\u0259hl\u00fck\u0259sizliyi, h\u00fcquqlar\u0131 q\u0259d\u0259r \u00f6n\u0259mlidir.<\/p>\n<p>Tarix\u0259 n\u0259z\u0259r salan d\u00f6vl\u0259t ba\u015f\u00e7\u0131s\u0131 deyib ki, Rus-\u0130ran m\u00fcharib\u0259sind\u0259n sonra XIX \u0259srin \u0259vv\u0259ll\u0259rind\u0259 \u0130randan v\u0259 \u015e\u0259rqi Anadoludan erm\u0259nil\u0259r k\u00fctl\u0259vi sur\u0259td\u0259 k\u00f6\u00e7\u00fcr\u00fcl\u00fcb v\u0259 Az\u0259rbaycanda, Qaraba\u011fda m\u0259skunla\u015fd\u0131r\u0131l\u0131b. Bu tarixi d\u0259 h\u0259r k\u0259s yax\u015f\u0131 bilir. O ki qald\u0131, 1923-c\u00fc ild\u0259 Da\u011fl\u0131q Qaraba\u011f Muxtar Vilay\u0259tinin yarad\u0131lmas\u0131na, onun da he\u00e7 bir \u0259sas\u0131 yox idi. Bu, qanunsuz bir add\u0131m idi, sad\u0259c\u0259 olaraq, bir saat bombas\u0131n\u0131 Az\u0259rbaycan\u0131n can\u0131na yerl\u0259\u015fdirm\u0259k, ist\u0259nil\u0259n an onu partlatmaq v\u0259 xalq\u0131m\u0131z\u0131 m\u0259hv etm\u0259k m\u0259qs\u0259di da\u015f\u0131y\u0131rd\u0131.<\/p>\n<p>Az\u0259rbaycan xalq\u0131 bundan sonra m\u00fcz\u0259ff\u0259r xalq kimi ya\u015fayacaq. Biz 44 g\u00fcn \u0259rzind\u0259 h\u0259m \u0259razi b\u00fct\u00f6vl\u00fcy\u00fcm\u00fcz\u00fc b\u0259rpa etdik, h\u0259m \u0259dal\u0259ti b\u0259rpa etdik, h\u0259m milli l\u0259yaq\u0259timizi b\u0259rpa etdik.<\/p>\n<p>\u201cB\u00f6y\u00fck qay\u0131d\u0131\u015f\u201d dediyimiz proses\u0259 start verildi. B\u0259rpa-quruculuq i\u015fl\u0259ri sur\u0259tl\u0259 davam edir. Birinci pilot layih\u0259 m\u0259hz Z\u0259ngilanda icra edildi, A\u011fal\u0131 k\u0259ndind\u0259. Bir il bundan \u0259vv\u0259l in\u015faat i\u015fl\u0259ri ba\u015flam\u0131\u015fd\u0131r. \u0130ndi 200 evd\u0259n ibar\u0259t g\u00f6z\u0259l k\u0259nd sal\u0131n\u0131b &#8211; \u201cA\u011f\u0131ll\u0131 k\u0259nd\u201d. K\u0259ndin geni\u015fl\u0259ndirilm\u0259si v\u0259 \u0259lav\u0259 150 evin in\u015fa edilm\u0259si, o c\u00fcml\u0259d\u0259n ikim\u0259rt\u0259b\u0259li, \u00fc\u00e7m\u0259rt\u0259b\u0259li m\u0259nzil tipli evl\u0259rin in\u015fa edilm\u0259si n\u0259z\u0259rd\u0259 tutulur. M\u0259\u015f\u011fulluq, m\u0259kt\u0259b, ba\u011f\u00e7a, tibb m\u0259nt\u0259q\u0259si, b\u00fct\u00fcn xidm\u0259tl\u0259r \u2013 \u201cASAN\u201d, \u201cDOST\u201d, ki\u00e7ik v\u0259 orta biznes\u0259 d\u0259st\u0259k xidm\u0259tl\u0259ri m\u00f6vcuddur.<\/p>\n<p>\u0130\u015f\u011faldan azad olunmu\u015f \u0259razil\u0259rd\u0259 icra olunan infrastruktur layih\u0259l\u0259r dayanmadan geni\u015fl\u0259nir. D\u0259mir yollar\u0131, avtomobil yollar\u0131 \u00e7\u0259kilir. Avtomobil yollar\u0131n\u0131n bir \u00e7oxu alt\u0131 v\u0259 d\u00f6rd zolaql\u0131d\u0131r. Z\u0259ngilanda hava liman\u0131 tikilir v\u0259 bu il istifad\u0259y\u0259 veril\u0259c\u0259k. Art\u0131q b\u00f6y\u00fck aqropark sal\u0131n\u0131b, ilk m\u0259hsul bu il g\u00f6t\u00fcr\u00fcl\u0259c\u0259k. Ancaq h\u0259r k\u0259s bilm\u0259lidir ki, g\u00f6r\u00fcl\u0259n i\u015fl\u0259r asan ba\u015fa g\u0259lmir. Azad edilmi\u015f \u0259razil\u0259rin miqyas\u0131 d\u00f6rd L\u00fcksemburq \u00f6lk\u0259si q\u0259d\u0259rdir, bir Livan \u00f6lk\u0259sin\u0259 b\u0259rab\u0259rdir.<\/p>\n<p>G\u0259ncl\u0259r d\u0259 \u00f6z d\u0259d\u0259-baba yurduna qay\u0131tma\u011fa \u00e7ox h\u0259v\u0259slidirl\u0259r. \u0130nsanlar\u0131n qay\u0131d\u0131\u015f\u0131 \u00fc\u00e7\u00fcn \u015f\u0259rait olmal\u0131d\u0131r. \u0130ndi birinci m\u0259rh\u0259l\u0259d\u0259 h\u0259r rayonda bir \u00e7ox k\u0259ndl\u0259r se\u00e7ilib ki, ilk n\u00f6vb\u0259d\u0259 orada i\u015fl\u0259r apar\u0131lacaq. Ondan sonra insanlar qay\u0131td\u0131qca, b\u00fct\u00fcn qalan yerl\u0259r d\u0259 b\u0259rpa edil\u0259c\u0259k.<\/p>\n<p>V\u0259t\u0259n m\u00fcharib\u0259sind\u0259 Qaraba\u011f\u0131 he\u00e7 vaxt g\u00f6rm\u0259y\u0259nl\u0259r Qaraba\u011f u\u011frunda \u00f6l\u00fcm\u0259 getm\u0259y\u0259 haz\u0131r idil\u0259r v\u0259 \u00f6l\u00fcm\u0259 d\u0259 getmi\u015fdil\u0259r. \u00dc\u00e7 min\u0259 yax\u0131n \u015f\u0259hidimizin xatir\u0259si bizim q\u0259lbimizd\u0259 \u0259b\u0259di ya\u015fayacaq.<\/p>\n<p>Minat\u0259mizl\u0259m\u0259 i\u015fi h\u0259l\u0259 d\u0259 davam edir. \u0130nsanlar ancaq minalardan t\u0259mizl\u0259nmi\u015f \u0259razil\u0259r\u0259 ged\u0259 bil\u0259rl\u0259r. \u00c7\u00fcnki bu t\u0259hl\u00fck\u0259 h\u0259l\u0259 d\u0259 var, erm\u0259nil\u0259r h\u0259m i\u015f\u011fal zaman\u0131, h\u0259m d\u0259 m\u00fcharib\u0259d\u0259n sonra torpa\u011f\u0131m\u0131zdan \u00e7\u0131xmaq \u00fc\u00e7\u00fcn onlara vaxt verildiyi zaman yen\u0259 d\u0259 bu \u00e7irkin \u0259m\u0259ll\u0259r\u0259 \u0259l ataraq bir \u00e7ox minalar basd\u0131rm\u0131\u015flar.<\/p>\n<p>\u0130\u015f\u011faldan azad edilmi\u015f \u0259razil\u0259rd\u0259 g\u00f6r\u00fcl\u0259n i\u015fl\u0259r Az\u0259rbaycan xalq\u0131 t\u0259r\u0259find\u0259n b\u00f6y\u00fck q\u00fcrur hissi il\u0259 qar\u015f\u0131lan\u0131r, d\u00fc\u015fm\u0259n is\u0259 ke\u00e7iril\u0259n etiraz aksiyalar\u0131 il\u0259 bir daha \u00f6z acizliyini n\u00fcmayi\u015f etdirir.<\/p>\n<p>&nbsp;<\/p>\n<p>&nbsp;<\/p>\n","protected":false},"excerpt":{"rendered":"<p>Az\u0259rbaycan Respublikas\u0131n\u0131n Prezidenti \u00a0\u0130lham \u018fliyev cari ilin 27 may tarixind\u0259 Z\u0259ngilan rayonunun A\u011fal\u0131 k\u0259ndind\u0259 \u201cA\u011f\u0131ll\u0131 k\u0259nd\u201d layih\u0259sinin a\u00e7\u0131l\u0131\u015f\u0131nda \u00e7\u0131x\u0131\u015f edib. Prezident \u0130lham \u018fliyev deyib ki, rus imperiyas\u0131n\u0131n da\u011f\u0131lmas\u0131 n\u0259tic\u0259sind\u0259 Az\u0259rbaycan xalq\u0131 104 il bundan \u0259vv\u0259l m\u00fcst\u0259qilliy\u0259 qovu\u015fdu. Ancaq birinci respublika \u00e7ox ya\u015faya bilm\u0259di, s\u00fcqut etdi, c\u0259mi iki il\u0259 yax\u0131n m\u00fcdd\u0259t \u0259rzind\u0259 ya\u015fam\u0131\u015fd\u0131r. Az\u0259rbaycan Xalq C\u00fcmhuriyy\u0259tinin [&hellip;]<\/p>\n","protected":false},"author":2,"featured_media":0,"comment_status":"closed","ping_status":"closed","sticky":false,"template":"","format":"standard","meta":[],"categories":[8],"tags":[],"_links":{"self":[{"href":"https:\/\/yeniterter.az\/index.php?rest_route=\/wp\/v2\/posts\/21772"}],"collection":[{"href":"https:\/\/yeniterter.az\/index.php?rest_route=\/wp\/v2\/posts"}],"about":[{"href":"https:\/\/yeniterter.az\/index.php?rest_route=\/wp\/v2\/types\/post"}],"author":[{"embeddable":true,"href":"https:\/\/yeniterter.az\/index.php?rest_route=\/wp\/v2\/users\/2"}],"replies":[{"embeddable":true,"href":"https:\/\/yeniterter.az\/index.php?rest_route=%2Fwp%2Fv2%2Fcomments&post=21772"}],"version-history":[{"count":1,"href":"https:\/\/yeniterter.az\/index.php?rest_route=\/wp\/v2\/posts\/21772\/revisions"}],"predecessor-version":[{"id":21773,"href":"https:\/\/yeniterter.az\/index.php?rest_route=\/wp\/v2\/posts\/21772\/revisions\/21773"}],"wp:attachment":[{"href":"https:\/\/yeniterter.az\/index.php?rest_route=%2Fwp%2Fv2%2Fmedia&parent=21772"}],"wp:term":[{"taxonomy":"category","embeddable":true,"href":"https:\/\/yeniterter.az\/index.php?rest_route=%2Fwp%2Fv2%2Fcategories&post=21772"},{"taxonomy":"post_tag","embeddable":true,"href":"https:\/\/yeniterter.az\/index.php?rest_route=%2Fwp%2Fv2%2Ftags&post=21772"}],"curies":[{"name":"wp","href":"https:\/\/api.w.org\/{rel}","templated":true}]}}