{"id":21481,"date":"2022-04-29T10:22:19","date_gmt":"2022-04-29T07:22:19","guid":{"rendered":"https:\/\/yeniterter.az\/?p=21481"},"modified":"2022-05-03T08:27:21","modified_gmt":"2022-05-03T05:27:21","slug":"muq%c9%99dd%c9%99s-ocagin-nuru","status":"publish","type":"post","link":"https:\/\/yeniterter.az\/?p=21481","title":{"rendered":"M\u00fcq\u0259dd\u0259s oca\u011f\u0131n nuru"},"content":{"rendered":"<p><img decoding=\"async\" loading=\"lazy\" class=\"wp-image-21482 alignright\" src=\"https:\/\/yeniterter.az\/wp-content\/uploads\/222-11.jpg\" alt=\"\" width=\"146\" height=\"146\" srcset=\"https:\/\/yeniterter.az\/wp-content\/uploads\/222-11.jpg 250w, https:\/\/yeniterter.az\/wp-content\/uploads\/222-11-150x150.jpg 150w\" sizes=\"(max-width: 146px) 100vw, 146px\" \/>O, bahar\u0131n \u0259n g\u00f6z\u0259l \u00e7a\u011f\u0131nda \u2013 aprelin 28-d\u0259 anadan olmu\u015fdu. \u00d6z\u00fc d\u0259 el\u0259 bahar kimiydi \u2013 z\u0259rif, g\u00f6z\u0259l, eyni zamanda g\u00fccl\u00fc v\u0259 q\u00fcdr\u0259tli.<br \/>\nBaharda torpaq oyan\u0131r, h\u0259yat canlan\u0131r. Z\u0259rif\u0259 xan\u0131m \u018fliyeva da insanlar\u0131 bahar kimi sevindirirdi, onlar\u0131n g\u00f6zl\u0259rin\u0259 nur b\u0259x\u015f edirdi.<br \/>\nH\u0259m d\u0259 onun qism\u0259tin\u0259 xalq\u0131m\u0131z\u0131n b\u00f6y\u00fck o\u011flu, \u00dcmummilli Liderimiz Heyd\u0259r \u018fliyevin h\u0259yat yolda\u015f\u0131 olmaq kimi bir missiya d\u00fc\u015f\u00fcrd\u00fc. Milyonlar\u0131n g\u00f6z\u00fcn\u0259 nur b\u0259x\u015f ed\u0259n qad\u0131n \u00f6z\u00fc bu m\u00fcq\u0259dd\u0259s oca\u011f\u0131n nuru idi.<br \/>\nZ\u0259rif\u0259 xan\u0131m\u0131n onlarla, b\u0259lk\u0259 d\u0259 y\u00fczl\u0259rl\u0259 titulunun s\u0131ras\u0131nda \u0259n \u015f\u0259r\u0259flisi anad\u0131r \u2013 Az\u0259rbaycan xalq\u0131n\u0131n sevimlisin\u0259, q\u0259hr\u0259man\u0131na \u00e7evril\u0259n Prezident \u0130lham \u018fliyevin anas\u0131.<br \/>\nUlu \u00d6nd\u0259r Heyd\u0259r \u018fliyev \u00f6lk\u0259mizin m\u00fcst\u0259qilliyini \u0259b\u0259di v\u0259 sars\u0131lmaz etdi, onun siyasi varisi olan \u0130lham \u018fliyev is\u0259 torpaqlar\u0131m\u0131z\u0131 i\u015f\u011faldan azad ed\u0259r\u0259k biz\u0259 b\u00fct\u00f6v bir Az\u0259rbaycan\u0131n v\u0259t\u0259nda\u015flar\u0131 olmaq hissini ya\u015fatd\u0131. H\u0259r ikisinin h\u0259yat\u0131n\u0131n ilham m\u0259nb\u0259yi olan Z\u0259rif\u0259 xan\u0131m \u018fliyevan\u0131n ke\u00e7diyi \u015f\u0259r\u0259fli \u00f6m\u00fcr yolu xalq\u0131m\u0131z \u00fc\u00e7\u00fcn \u00f6rn\u0259kdir.<br \/>\nBu g\u00fcn Z\u0259rif\u0259 xan\u0131m\u0131n davam\u00e7\u0131s\u0131 olan, bu oca\u011f\u0131n \u201c\u00e7\u0131ra\u011f\u0131n\u0131 yand\u0131ran\u201d Az\u0259rbaycan\u0131n Birinci vitse-prezidenti Mehriban xan\u0131m \u018fliyeva da \u00f6z humanizmi, xeyirxahl\u0131\u011f\u0131, v\u0259t\u0259np\u0259rv\u0259rliyi il\u0259 o b\u00f6y\u00fck yolun yol\u00e7usudur.<br \/>\nDo\u011fum g\u00fcn\u00fcnd\u0259 Z\u0259rif\u0259 xan\u0131m\u0131 minn\u0259tdarl\u0131q hissi il\u0259 xat\u0131rlay\u0131r\u0131q. Bel\u0259 insanlar he\u00e7 zaman unudulmur.<\/p>\n<p style=\"text-align: right;\"><em><strong>Svetlana Ba\u011f\u0131rova<\/strong><\/em><\/p>\n","protected":false},"excerpt":{"rendered":"<p>O, bahar\u0131n \u0259n g\u00f6z\u0259l \u00e7a\u011f\u0131nda \u2013 aprelin 28-d\u0259 anadan olmu\u015fdu. \u00d6z\u00fc d\u0259 el\u0259 bahar kimiydi \u2013 z\u0259rif, g\u00f6z\u0259l, eyni zamanda g\u00fccl\u00fc v\u0259 q\u00fcdr\u0259tli. Baharda torpaq oyan\u0131r, h\u0259yat canlan\u0131r. Z\u0259rif\u0259 xan\u0131m \u018fliyeva da insanlar\u0131 bahar kimi sevindirirdi, onlar\u0131n g\u00f6zl\u0259rin\u0259 nur b\u0259x\u015f edirdi. H\u0259m d\u0259 onun qism\u0259tin\u0259 xalq\u0131m\u0131z\u0131n b\u00f6y\u00fck o\u011flu, \u00dcmummilli Liderimiz Heyd\u0259r \u018fliyevin h\u0259yat yolda\u015f\u0131 olmaq [&hellip;]<\/p>\n","protected":false},"author":2,"featured_media":0,"comment_status":"closed","ping_status":"closed","sticky":false,"template":"","format":"standard","meta":[],"categories":[10],"tags":[],"_links":{"self":[{"href":"https:\/\/yeniterter.az\/index.php?rest_route=\/wp\/v2\/posts\/21481"}],"collection":[{"href":"https:\/\/yeniterter.az\/index.php?rest_route=\/wp\/v2\/posts"}],"about":[{"href":"https:\/\/yeniterter.az\/index.php?rest_route=\/wp\/v2\/types\/post"}],"author":[{"embeddable":true,"href":"https:\/\/yeniterter.az\/index.php?rest_route=\/wp\/v2\/users\/2"}],"replies":[{"embeddable":true,"href":"https:\/\/yeniterter.az\/index.php?rest_route=%2Fwp%2Fv2%2Fcomments&post=21481"}],"version-history":[{"count":2,"href":"https:\/\/yeniterter.az\/index.php?rest_route=\/wp\/v2\/posts\/21481\/revisions"}],"predecessor-version":[{"id":21490,"href":"https:\/\/yeniterter.az\/index.php?rest_route=\/wp\/v2\/posts\/21481\/revisions\/21490"}],"wp:attachment":[{"href":"https:\/\/yeniterter.az\/index.php?rest_route=%2Fwp%2Fv2%2Fmedia&parent=21481"}],"wp:term":[{"taxonomy":"category","embeddable":true,"href":"https:\/\/yeniterter.az\/index.php?rest_route=%2Fwp%2Fv2%2Fcategories&post=21481"},{"taxonomy":"post_tag","embeddable":true,"href":"https:\/\/yeniterter.az\/index.php?rest_route=%2Fwp%2Fv2%2Ftags&post=21481"}],"curies":[{"name":"wp","href":"https:\/\/api.w.org\/{rel}","templated":true}]}}