{"id":21460,"date":"2022-04-29T09:35:06","date_gmt":"2022-04-29T06:35:06","guid":{"rendered":"https:\/\/yeniterter.az\/?p=21460"},"modified":"2022-04-29T09:35:06","modified_gmt":"2022-04-29T06:35:06","slug":"s%c9%99hidl%c9%99r-bu-xalqin-ovladlaridir","status":"publish","type":"post","link":"https:\/\/yeniterter.az\/?p=21460","title":{"rendered":"\u015e\u0259hidl\u0259r bu xalq\u0131n \u00f6vladlar\u0131d\u0131r"},"content":{"rendered":"<p><img decoding=\"async\" loading=\"lazy\" class=\" wp-image-21461 alignleft\" src=\"https:\/\/yeniterter.az\/wp-content\/uploads\/277749292_4618095761629211_4096805908936962092_n-300x200.jpg\" alt=\"\" width=\"251\" height=\"167\" srcset=\"https:\/\/yeniterter.az\/wp-content\/uploads\/277749292_4618095761629211_4096805908936962092_n-300x200.jpg 300w, https:\/\/yeniterter.az\/wp-content\/uploads\/277749292_4618095761629211_4096805908936962092_n-1024x683.jpg 1024w, https:\/\/yeniterter.az\/wp-content\/uploads\/277749292_4618095761629211_4096805908936962092_n-768x512.jpg 768w, https:\/\/yeniterter.az\/wp-content\/uploads\/277749292_4618095761629211_4096805908936962092_n-1536x1024.jpg 1536w, https:\/\/yeniterter.az\/wp-content\/uploads\/277749292_4618095761629211_4096805908936962092_n.jpg 2048w\" sizes=\"(max-width: 251px) 100vw, 251px\" \/>M\u0259kt\u0259bimizd\u0259 V\u0259t\u0259n M\u00fcharib\u0259si \u015f\u0259hidl\u0259rinin xatir\u0259si h\u0259mi\u015f\u0259 \u0259ziz tutulur, ehtiramla yad edilir. Onlar\u0131n h\u0259yat yolunun v\u0259 d\u00f6y\u00fc\u015f f\u0259aliyy\u0259tinin daha yax\u0131ndan \u00f6yr\u0259nilm\u0259si m\u0259qs\u0259di il\u0259 art\u0131q bir ne\u00e7\u0259 sinf\u0259 \u015f\u0259hidl\u0259rimizin adlar\u0131 verilib. Bel\u0259 ki, sinifl\u0259rd\u0259n biri m\u0259kt\u0259bimizin m\u0259zunu Qubad Hac\u0131yevin, biri is\u0259 \u0259sl\u0259n Qubadl\u0131 rayonundan olan F\u0259rrux H\u0259\u015fimovun ad\u0131n\u0131 da\u015f\u0131y\u0131r. Bu yax\u0131nlarda is\u0259 4 \u201cv\u201d sinfin\u0259 Aprel \u015f\u0259hidi Nicat \u0130sk\u0259nd\u0259rovun ad\u0131 verilib.<br \/>\nBu m\u00fcnasib\u0259tl\u0259 ke\u00e7iril\u0259n t\u0259dbird\u0259 \u015f\u0259hidl\u0259rin valideynl\u0259ri, qazil\u0259r, veteranlar, ictimaiyy\u0259t n\u00fcmay\u0259nd\u0259l\u0259ri i\u015ftirak edibl\u0259r.<br \/>\nNicat \u0130sk\u0259nd\u0259rovun anas\u0131 Maya xan\u0131m m\u0259kt\u0259bin m\u00fc\u0259llim v\u0259 \u015fagird kollektivin\u0259 minn\u0259tdarl\u0131\u011f\u0131n\u0131 bildirib. O deyib ki, \u00f6lk\u0259mizd\u0259 \u015f\u0259hid ail\u0259l\u0259rin\u0259, qazil\u0259rimiz\u0259 daim b\u00f6y\u00fck diqq\u0259t v\u0259 qay\u011f\u0131 g\u00f6st\u0259rilir. Rayonumuzda da \u015f\u0259hidl\u0259rimizin h\u0259r birinin xatir\u0259sinin \u0259b\u0259dil\u0259\u015fdirilm\u0259si m\u0259qs\u0259dil\u0259 ard\u0131c\u0131l i\u015fl\u0259r g\u00f6r\u00fcl\u00fcr. Bu s\u0259b\u0259bd\u0259n d\u0259 \u015f\u0259hid ail\u0259l\u0259ri he\u00e7 zaman \u00f6zl\u0259rini t\u0259k hiss etmirl\u0259r. \u018fg\u0259r \u0259vv\u0259ll\u0259r bizim \u00f6vladlar\u0131m\u0131z yaln\u0131z bir ail\u0259nin o\u011flu idis\u0259, indi xalq\u0131n \u00f6vladlar\u0131d\u0131r. Biz bunu h\u0259r add\u0131mda g\u00f6r\u00fcr v\u0259 \u00f6vladlar\u0131m\u0131zla q\u00fcrur duyuruq. Arzu edirik ki, bu sinfin v\u0259 \u00fcmumiyy\u0259tl\u0259 Yer \u00fcz\u00fcn\u00fcn b\u00fct\u00fcn u\u015faqlar\u0131 s\u00fclh v\u0259 \u0259min-amanl\u0131q \u015f\u0259raitind\u0259 b\u00f6y\u00fcs\u00fcnl\u0259r, yax\u015f\u0131 oxusunlar, h\u0259yatda qazand\u0131qlar\u0131 u\u011furlar\u0131 il\u0259 valideynl\u0259rini sevindirsinl\u0259r.<br \/>\nM\u0259kt\u0259bin direktoru \u0130ntiqam Nuriyev, 4 \u201cv\u201d sinfinin m\u00fc\u0259llimi Aliy\u0259 Balaki\u015fiyeva v\u0259 ba\u015fqalar\u0131 \u00e7\u0131x\u0131\u015f ed\u0259r\u0259k \u015f\u0259hidin q\u0131sa, lakin m\u0259nal\u0131 h\u0259yat yolu bar\u0259d\u0259 dan\u0131\u015f\u0131blar.<br \/>\n\u015eagirdl\u0259rin ifas\u0131nda \u015f\u0259hidl\u0259rimiz\u0259 h\u0259sr olunan \u015feirl\u0259r s\u0259sl\u0259ndirilib.<\/p>\n<p style=\"text-align: right;\"><em><strong>Ziyaf\u0259t R\u00fcst\u0259mova,<\/strong><\/em><br \/>\n<em><strong>\u015f\u0259h\u0259r 1 sayl\u0131 tam orta m\u0259kt\u0259bin direktor<\/strong><\/em><br \/>\n<em><strong>m\u00fcavini<\/strong><\/em><\/p>\n","protected":false},"excerpt":{"rendered":"<p>M\u0259kt\u0259bimizd\u0259 V\u0259t\u0259n M\u00fcharib\u0259si \u015f\u0259hidl\u0259rinin xatir\u0259si h\u0259mi\u015f\u0259 \u0259ziz tutulur, ehtiramla yad edilir. Onlar\u0131n h\u0259yat yolunun v\u0259 d\u00f6y\u00fc\u015f f\u0259aliyy\u0259tinin daha yax\u0131ndan \u00f6yr\u0259nilm\u0259si m\u0259qs\u0259di il\u0259 art\u0131q bir ne\u00e7\u0259 sinf\u0259 \u015f\u0259hidl\u0259rimizin adlar\u0131 verilib. Bel\u0259 ki, sinifl\u0259rd\u0259n biri m\u0259kt\u0259bimizin m\u0259zunu Qubad Hac\u0131yevin, biri is\u0259 \u0259sl\u0259n Qubadl\u0131 rayonundan olan F\u0259rrux H\u0259\u015fimovun ad\u0131n\u0131 da\u015f\u0131y\u0131r. Bu yax\u0131nlarda is\u0259 4 \u201cv\u201d sinfin\u0259 Aprel \u015f\u0259hidi [&hellip;]<\/p>\n","protected":false},"author":2,"featured_media":0,"comment_status":"closed","ping_status":"closed","sticky":false,"template":"","format":"standard","meta":[],"categories":[38],"tags":[],"_links":{"self":[{"href":"https:\/\/yeniterter.az\/index.php?rest_route=\/wp\/v2\/posts\/21460"}],"collection":[{"href":"https:\/\/yeniterter.az\/index.php?rest_route=\/wp\/v2\/posts"}],"about":[{"href":"https:\/\/yeniterter.az\/index.php?rest_route=\/wp\/v2\/types\/post"}],"author":[{"embeddable":true,"href":"https:\/\/yeniterter.az\/index.php?rest_route=\/wp\/v2\/users\/2"}],"replies":[{"embeddable":true,"href":"https:\/\/yeniterter.az\/index.php?rest_route=%2Fwp%2Fv2%2Fcomments&post=21460"}],"version-history":[{"count":1,"href":"https:\/\/yeniterter.az\/index.php?rest_route=\/wp\/v2\/posts\/21460\/revisions"}],"predecessor-version":[{"id":21462,"href":"https:\/\/yeniterter.az\/index.php?rest_route=\/wp\/v2\/posts\/21460\/revisions\/21462"}],"wp:attachment":[{"href":"https:\/\/yeniterter.az\/index.php?rest_route=%2Fwp%2Fv2%2Fmedia&parent=21460"}],"wp:term":[{"taxonomy":"category","embeddable":true,"href":"https:\/\/yeniterter.az\/index.php?rest_route=%2Fwp%2Fv2%2Fcategories&post=21460"},{"taxonomy":"post_tag","embeddable":true,"href":"https:\/\/yeniterter.az\/index.php?rest_route=%2Fwp%2Fv2%2Ftags&post=21460"}],"curies":[{"name":"wp","href":"https:\/\/api.w.org\/{rel}","templated":true}]}}