{"id":21454,"date":"2022-04-29T09:18:49","date_gmt":"2022-04-29T06:18:49","guid":{"rendered":"https:\/\/yeniterter.az\/?p=21454"},"modified":"2022-04-29T09:18:49","modified_gmt":"2022-04-29T06:18:49","slug":"t%c9%99b%c9%99ssumu-uzund%c9%99-dondu","status":"publish","type":"post","link":"https:\/\/yeniterter.az\/?p=21454","title":{"rendered":"T\u0259b\u0259ss\u00fcm\u00fc \u00fcz\u00fcnd\u0259 dondu"},"content":{"rendered":"<p><img decoding=\"async\" loading=\"lazy\" class=\" wp-image-21455 alignleft\" src=\"https:\/\/yeniterter.az\/wp-content\/uploads\/143858497_1983432895131659_5337359374817601432_n-200x300.jpg\" alt=\"\" width=\"99\" height=\"149\" srcset=\"https:\/\/yeniterter.az\/wp-content\/uploads\/143858497_1983432895131659_5337359374817601432_n-200x300.jpg 200w, https:\/\/yeniterter.az\/wp-content\/uploads\/143858497_1983432895131659_5337359374817601432_n-683x1024.jpg 683w, https:\/\/yeniterter.az\/wp-content\/uploads\/143858497_1983432895131659_5337359374817601432_n-768x1152.jpg 768w, https:\/\/yeniterter.az\/wp-content\/uploads\/143858497_1983432895131659_5337359374817601432_n.jpg 800w\" sizes=\"(max-width: 99px) 100vw, 99px\" \/>Elmin Quluzad\u0259 1998-ci il noyabr\u0131n 1-d\u0259 T\u0259rt\u0259r rayonunun K\u0259ng\u0259rli k\u0259ndind\u0259 anadan olub. Ail\u0259d\u0259 \u00fc\u00e7 qarda\u015f idil\u0259r.<br \/>\nQaraba\u011f m\u00fcharib\u0259si i\u015ftirak\u00e7\u0131s\u0131 olan \u015e\u0259msi ki\u015fi o\u011flanlar\u0131 il\u0259 f\u0259xr edirdi. \u018fmin idi ki, vaxtil\u0259 \u00f6z\u00fcn\u00fcn v\u0259 yolda\u015flar\u0131n\u0131n bacara bilm\u0259dikl\u0259rini Ali Ba\u015f Komandan \u0130lham \u018fliyevin r\u0259hb\u0259rliyi alt\u0131nda bu g\u0259ncl\u0259r ed\u0259c\u0259k v\u0259 erm\u0259ni i\u015f\u011fal\u0131na son qoyulacaq.<br \/>\nAil\u0259nin b\u00f6y\u00fcy\u00fc Murad 4 il idi ki, m\u00fcdd\u0259td\u0259n art\u0131q h\u0259rbi qulluq\u00e7u kimi xidm\u0259t edirdi. Elmin is\u0259 m\u00fcharib\u0259y\u0259 k\u00f6n\u00fcll\u00fc getmi\u015fdi. \u015e\u0259msi ki\u015fi deyir ki, m\u00fcharib\u0259d\u0259 m\u00fcv\u0259qq\u0259ti at\u0259\u015fk\u0259s oldu\u011fu g\u00fcnl\u0259rd\u0259 ki\u00e7ik o\u011flu il\u0259 Elminin yan\u0131na getmi\u015fdi: &#8220;A\u011fdam istiqam\u0259tind\u0259ydi. \u018fhval-ruhiyy\u0259si d\u0259 \u00e7ox yax\u015f\u0131yd\u0131. Zarafat el\u0259dim. Dedim, g\u0259ls\u0259n\u0259 m\u0259n qal\u0131b s\u0259nin yerin\u0259 d\u00f6y\u00fc\u015f\u00fcm, s\u0259n is\u0259 qay\u0131t evimiz\u0259. Bu s\u00f6zl\u0259ri zarafatca des\u0259m d\u0259, o, \u00fcr\u0259yimd\u0259ki nigaran\u00e7\u0131l\u0131\u011f\u0131 hiss etdi. Ax\u0131 Murad da d\u00f6y\u00fc\u015fd\u0259ydi. Dedi, ata, s\u0259n n\u0259 dan\u0131\u015f\u0131rsan, biz s\u0259n\u0259 s\u00f6z vermi\u015fdik ki, bu torpaqlar\u0131n al\u0131nmas\u0131nda i\u015ftirak ed\u0259c\u0259yik. H\u0259r d\u0259f\u0259 k\u0259ndl\u0259rimizi geri qaytard\u0131qca, s\u0259ni g\u00f6zl\u0259rim \u00f6n\u00fcn\u0259 g\u0259tirir v\u0259 sevinir\u0259m ki, bundan sonra s\u0259n d\u0259 rahat ya\u015fayacaqsan. O\u011flum haql\u0131 idi. 30 il\u0259 yax\u0131n bir m\u00fcdd\u0259td\u0259 m\u0259n televizora bax\u0131b rayonlar\u0131m\u0131z\u0131n i\u015f\u011fal\u0131 tarixl\u0259rini, bu yerl\u0259rin da\u011f\u0131d\u0131lmas\u0131 haqq\u0131nda x\u0259b\u0259rl\u0259ri e\u015fid\u0259nd\u0259, sanki \u00f6z\u00fcm\u00fc g\u00fcnahkar hesab edirdim. \u0130ndi ba\u015f\u0131m\u0131z ucad\u0131r. Bu ucal\u0131\u011f\u0131 \u015f\u0259hidl\u0259rimiz \u00f6z qanlar\u0131 il\u0259 biz\u0259 b\u0259x\u015f etdil\u0259r&#8221;.<!--more--><br \/>\nElmin oktyabr\u0131n 16-da Suqovu\u015fan istiqam\u0259tind\u0259 ged\u0259n d\u00f6y\u00fc\u015fl\u0259rd\u0259 q\u0259hr\u0259mancas\u0131na h\u0259lak oldu. H\u0259min vaxt bizim h\u0259rb\u00e7il\u0259r m\u00fch\u00fcm strateji y\u00fcks\u0259kliyi d\u00fc\u015fm\u0259nd\u0259n geri qaytarm\u0131\u015fd\u0131lar. Komandiri deyirdi ki, u\u015faqlar ham\u0131s\u0131 \u00e7ox sevincliydi. Elminin \u00fcz\u00fcnd\u0259 is\u0259 h\u0259m d\u0259 qalib \u0259sg\u0259rin t\u0259b\u0259ss\u00fcm\u00fc vard\u0131. Heyif ki, mina q\u0259lp\u0259si bu t\u0259b\u0259ss\u00fcm\u00fc \u0259b\u0259di dondurdu.<br \/>\nElmin Quluzad\u0259 oktyabr\u0131n 17-d\u0259 K\u0259ng\u0259rli k\u0259nd q\u0259biristanl\u0131\u011f\u0131nda d\u0259fn olundu. Deyil\u0259n\u0259 g\u00f6r\u0259, sevdiyi q\u0131z vard\u0131. Anas\u0131na demi\u015fdi ki, haz\u0131rla\u015f, m\u00fcharib\u0259d\u0259n sonra el\u00e7i ged\u0259c\u0259ks\u0259n.<br \/>\nElmin Quluzad\u0259 \u00f6l\u00fcm\u00fcnd\u0259n sonra &#8220;V\u0259t\u0259n u\u011frunda&#8221;, &#8220;C\u0259sur d\u00f6y\u00fc\u015f\u00e7\u00fc&#8221;, &#8220;Suqovu\u015fan\u0131n azad olunmas\u0131na g\u00f6r\u0259&#8221; medallar\u0131 il\u0259 t\u0259ltif olunub. Prezident \u0130lham \u018fliyevin m\u00fcvafiq s\u0259r\u0259ncamlar\u0131 il\u0259 haz\u0131rda xidm\u0259tini davam etdir\u0259n qarda\u015f\u0131 Murad da medallara layiq g\u00f6r\u00fcl\u00fcb.<\/p>\n<p style=\"text-align: right;\"><em><strong>Svetlana BA\u011eIROVA,<\/strong><\/em><br \/>\n<em><strong>&#8220;Yeni T\u0259rt\u0259r&#8221; q\u0259zetinin redaktoru<\/strong><\/em><br \/>\n<em><strong>(\u201cAz\u0259rbaycan\u201d q\u0259zeti)<\/strong><\/em><\/p>\n<p>&nbsp;<\/p>\n","protected":false},"excerpt":{"rendered":"<p>Elmin Quluzad\u0259 1998-ci il noyabr\u0131n 1-d\u0259 T\u0259rt\u0259r rayonunun K\u0259ng\u0259rli k\u0259ndind\u0259 anadan olub. Ail\u0259d\u0259 \u00fc\u00e7 qarda\u015f idil\u0259r. Qaraba\u011f m\u00fcharib\u0259si i\u015ftirak\u00e7\u0131s\u0131 olan \u015e\u0259msi ki\u015fi o\u011flanlar\u0131 il\u0259 f\u0259xr edirdi. \u018fmin idi ki, vaxtil\u0259 \u00f6z\u00fcn\u00fcn v\u0259 yolda\u015flar\u0131n\u0131n bacara bilm\u0259dikl\u0259rini Ali Ba\u015f Komandan \u0130lham \u018fliyevin r\u0259hb\u0259rliyi alt\u0131nda bu g\u0259ncl\u0259r ed\u0259c\u0259k v\u0259 erm\u0259ni i\u015f\u011fal\u0131na son qoyulacaq. Ail\u0259nin b\u00f6y\u00fcy\u00fc Murad 4 il [&hellip;]<\/p>\n","protected":false},"author":2,"featured_media":0,"comment_status":"closed","ping_status":"closed","sticky":false,"template":"","format":"standard","meta":[],"categories":[38],"tags":[],"_links":{"self":[{"href":"https:\/\/yeniterter.az\/index.php?rest_route=\/wp\/v2\/posts\/21454"}],"collection":[{"href":"https:\/\/yeniterter.az\/index.php?rest_route=\/wp\/v2\/posts"}],"about":[{"href":"https:\/\/yeniterter.az\/index.php?rest_route=\/wp\/v2\/types\/post"}],"author":[{"embeddable":true,"href":"https:\/\/yeniterter.az\/index.php?rest_route=\/wp\/v2\/users\/2"}],"replies":[{"embeddable":true,"href":"https:\/\/yeniterter.az\/index.php?rest_route=%2Fwp%2Fv2%2Fcomments&post=21454"}],"version-history":[{"count":1,"href":"https:\/\/yeniterter.az\/index.php?rest_route=\/wp\/v2\/posts\/21454\/revisions"}],"predecessor-version":[{"id":21456,"href":"https:\/\/yeniterter.az\/index.php?rest_route=\/wp\/v2\/posts\/21454\/revisions\/21456"}],"wp:attachment":[{"href":"https:\/\/yeniterter.az\/index.php?rest_route=%2Fwp%2Fv2%2Fmedia&parent=21454"}],"wp:term":[{"taxonomy":"category","embeddable":true,"href":"https:\/\/yeniterter.az\/index.php?rest_route=%2Fwp%2Fv2%2Fcategories&post=21454"},{"taxonomy":"post_tag","embeddable":true,"href":"https:\/\/yeniterter.az\/index.php?rest_route=%2Fwp%2Fv2%2Ftags&post=21454"}],"curies":[{"name":"wp","href":"https:\/\/api.w.org\/{rel}","templated":true}]}}