{"id":21430,"date":"2022-04-26T11:35:41","date_gmt":"2022-04-26T08:35:41","guid":{"rendered":"https:\/\/yeniterter.az\/?p=21430"},"modified":"2022-04-26T15:42:33","modified_gmt":"2022-04-26T12:42:33","slug":"dunya-az%c9%99rbaycanlilarinin-h%c9%99mr%c9%99yliyi-q%c9%99l%c9%99b%c9%99-il%c9%99-yekunlasdi","status":"publish","type":"post","link":"https:\/\/yeniterter.az\/?p=21430","title":{"rendered":"D\u00fcnya Az\u0259rbaycanl\u0131lar\u0131n\u0131n h\u0259mr\u0259yliyi Q\u0259l\u0259b\u0259 il\u0259 yekunla\u015fd\u0131"},"content":{"rendered":"<p><img decoding=\"async\" loading=\"lazy\" class=\" wp-image-21431 alignleft\" src=\"https:\/\/yeniterter.az\/wp-content\/uploads\/279336651_126209320015025_75064599165607876_n-300x210.jpg\" alt=\"\" width=\"354\" height=\"248\" srcset=\"https:\/\/yeniterter.az\/wp-content\/uploads\/279336651_126209320015025_75064599165607876_n-300x210.jpg 300w, https:\/\/yeniterter.az\/wp-content\/uploads\/279336651_126209320015025_75064599165607876_n-1024x715.jpg 1024w, https:\/\/yeniterter.az\/wp-content\/uploads\/279336651_126209320015025_75064599165607876_n-768x536.jpg 768w, https:\/\/yeniterter.az\/wp-content\/uploads\/279336651_126209320015025_75064599165607876_n.jpg 1340w\" sizes=\"(max-width: 354px) 100vw, 354px\" \/>M\u00fcz\u0259ff\u0259r Ali Ba\u015f Komandan \u0130lham \u018fliyevin r\u0259hb\u0259rliyi il\u0259 q\u00fcdr\u0259tli ordumuzun 44 g\u00fcnl\u00fck V\u0259t\u0259n M\u00fcharib\u0259sind\u0259 d\u00fc\u015fm\u0259n i\u015f\u011fal\u0131ndan azad etdiyi q\u0259dim qalam\u0131zda \u2013 \u015eu\u015fa \u015f\u0259h\u0259rind\u0259 D\u00fcnya Az\u0259rbaycanl\u0131lar\u0131n\u0131n V Qurultay\u0131 \u2013 Z\u0259f\u0259r Qurultay\u0131 ke\u00e7irilib.<\/p>\n<p>Qurultayda geni\u015f nitq s\u00f6yl\u0259y\u0259n Prezident \u0130lham \u018fliyev deyib: \u201cQurultay\u0131n ad\u0131 Z\u0259f\u0259r qurultay\u0131d\u0131r v\u0259 bu, t\u0259biidir. \u00c7\u00fcnki tarixi Z\u0259f\u0259rd\u0259n sonra ilk d\u0259f\u0259dir ki, d\u00fcnya az\u0259rbaycanl\u0131lar\u0131 topla\u015f\u0131r, qurultay ke\u00e7irir\u201d.<\/p>\n<p>M\u00fcz\u0259ff\u0259r Ali Ba\u015f Komandan g\u0259ncl\u0259rimizin V\u0259t\u0259n M\u00fcharib\u0259sind\u0259ki xidm\u0259tl\u0259rini y\u00fcks\u0259k qiym\u0259tl\u0259ndir\u0259r\u0259k bildirib ki, tarixi missiyan\u0131 h\u0259yata ke\u00e7ir\u0259n bizim q\u0259hr\u0259man \u00f6vladlar\u0131m\u0131z tarix qar\u015f\u0131s\u0131nda, xalq qar\u015f\u0131s\u0131nda, V\u0259t\u0259n qar\u015f\u0131s\u0131nda misilsiz xidm\u0259tl\u0259r g\u00f6st\u0259rmi\u015fl\u0259r. M\u00fcst\u0259qillik d\u00f6vr\u00fcnd\u0259 yeti\u015f\u0259n g\u0259ncl\u0259r, v\u0259t\u0259np\u0259rv\u0259rlik ruhunda yeti\u015f\u0259n g\u0259ncl\u0259r bu tarixi hadis\u0259ni, tarixi m\u00fcjd\u0259ni Az\u0259rbaycan xalq\u0131na b\u0259x\u015f etmi\u015fl\u0259r.<\/p>\n<p>Qeyd olunub ki, Ulu \u00d6nd\u0259rin davam\u00e7\u0131lar\u0131 V qurultay\u0131 \u015eu\u015fada ke\u00e7irir. M\u0259d\u0259niyy\u0259timizin paytaxt\u0131 olan \u015eu\u015fa \u00f6z do\u011fmalar\u0131n\u0131 g\u00fcn\u0259\u015fli hava il\u0259 qar\u015f\u0131lay\u0131r v\u0259 bu onu g\u00f6st\u0259rir ki, bu, bizim tarixi torpa\u011f\u0131m\u0131zd\u0131r. H\u0259tta t\u0259bi\u0259t, g\u00fcn\u0259\u015f d\u0259 biziml\u0259 h\u0259mr\u0259ydir.<\/p>\n<p>Az\u0259rbaycan Respublikas\u0131n\u0131n Prezidenti deyib ki, D\u00fcnya Az\u0259rbaycanl\u0131lar\u0131n\u0131n h\u0259mr\u0259yliyi Q\u0259l\u0259b\u0259 il\u0259 yekunla\u015fd\u0131. H\u0259m Az\u0259rbaycanda ya\u015fayan Az\u0259rbaycan v\u0259t\u0259nda\u015flar\u0131, h\u0259m d\u0259 d\u00fcnya az\u0259rbaycanl\u0131lar\u0131 bir n\u00f6qt\u0259y\u0259 vururduq, bir h\u0259d\u0259f\u0259 \u00e7atmaq \u00fc\u00e7\u00fcn \u00e7al\u0131\u015f\u0131rd\u0131q.<\/p>\n<p>Az\u0259rbaycan xalq\u0131 30 il davam ed\u0259n m\u0259nas\u0131z dan\u0131\u015f\u0131qlar \u0259v\u0259zin\u0259 \u00f6z g\u00fcc\u00fcn\u00fc ortaya qoydu, \u0259dal\u0259ti b\u0259rpa etdi, beyn\u0259lxalq h\u00fcququ b\u0259rpa etdi. B\u00fct\u00fcn d\u00fcnyaya s\u00fcbut etdi ki, biz b\u00f6y\u00fck xalq\u0131q v\u0259 Az\u0259rbaycan xalq\u0131 he\u00e7 vaxt i\u015f\u011falla bar\u0131\u015fmaq fikrind\u0259 deyildi.<!--more--><\/p>\n<p>Az\u0259rbaycan t\u0259kc\u0259 Erm\u0259nistanla m\u00fcharib\u0259ni aparmay\u0131b. Az\u0259rbaycan yaln\u0131z d\u00fcnya erm\u0259niliyi il\u0259 m\u00fcharib\u0259 aparmay\u0131b, eyni zamanda Erm\u0259nistan\u0131n himay\u0259darlar\u0131 il\u0259 d\u0259 m\u00fcharib\u0259ni apar\u0131b v\u0259 bu m\u00fcharib\u0259d\u0259 Q\u0259l\u0259b\u0259 qazan\u0131b. Ona g\u00f6r\u0259 bu Q\u0259l\u0259b\u0259nin tarixi \u0259h\u0259miyy\u0259ti daha b\u00f6y\u00fckd\u00fcr. S\u00fcbut etmi\u015fik ki, \u00f6l\u00fcm\u0259 getm\u0259y\u0259 haz\u0131r\u0131q. M\u00fcst\u0259qillik d\u00f6vr\u00fcnd\u0259 v\u0259t\u0259np\u0259rv\u0259rlik ruhunda yeti\u015f\u0259n g\u0259ncl\u0259rimiz \u00f6l\u00fcm\u0259 gedirdil\u0259r, V\u0259t\u0259n u\u011frunda bil\u0259r\u0259kd\u0259n \u00f6l\u00fcm\u0259 gedirdil\u0259r.<\/p>\n<p>\u0130nformasiya t\u0259xribatlar\u0131 davam edir. M\u00fcharib\u0259 ba\u015fa \u00e7atsa da, biz\u0259 qar\u015f\u0131 olan \u0259razi iddialar\u0131 h\u0259l\u0259 ki, ba\u015fa \u00e7atmay\u0131b.<\/p>\n<p>Xaricd\u0259 ya\u015fayan az\u0259rbaycanl\u0131lar \u00f6z tarixi V\u0259t\u0259ni il\u0259 s\u0131x ba\u011fl\u0131 olmal\u0131d\u0131rlar. He\u00e7 olmasa, ild\u0259 bir d\u0259f\u0259 h\u0259r bir az\u0259rbaycanl\u0131 \u00f6z ail\u0259si il\u0259 Az\u0259rbaycana g\u0259ls\u0259, \u00e7ox yax\u015f\u0131 olar &#8211; x\u00fcsusil\u0259 azad edilmi\u015f torpaqlara getm\u0259k \u00fc\u00e7\u00fcn.<\/p>\n<p>Ana dili b\u00fct\u00fcn Az\u0259rbaycan v\u0259t\u0259nda\u015flar\u0131n\u0131 birl\u0259\u015fdirir. Az\u0259rbaycan m\u0259kt\u0259bl\u0259rinin a\u00e7\u0131lmas\u0131na h\u0259r zaman k\u00f6m\u0259k g\u00f6st\u0259ril\u0259c\u0259kdir. Ana dili \u0259sas faktordur;<\/p>\n<p>Bundan sonra Az\u0259rbaycan xalq\u0131 m\u00fcz\u0259ff\u0259r xalq kimi \u0259b\u0259di ya\u015fayacaq. Az\u0259rbaycan d\u00f6vl\u0259ti qalib d\u00f6vl\u0259t kimi \u0259b\u0259di ya\u015fayacaq. Xalq \u00f6z torpaqlar\u0131ndad\u0131r. Bu torpaqda m\u00f6hk\u0259m dayan\u0131b v\u0259 he\u00e7 kim he\u00e7 vaxt bu torpaqlardan xalq\u0131m\u0131z\u0131 t\u0259rp\u0259d\u0259 bilm\u0259z.<\/p>\n<p>\u015e\u0259hidl\u0259rin qisas\u0131n\u0131 d\u00fc\u015fm\u0259nd\u0259n d\u00f6y\u00fc\u015f meydan\u0131nda ald\u0131q. Onlar\u0131n qan\u0131 yerd\u0259 qalmad\u0131, bu, onlar\u0131n yax\u0131nlar\u0131 \u00fc\u00e7\u00fcn, qohumlar\u0131 \u00fc\u00e7\u00fcn, b\u00fct\u00fcn Az\u0259rbaycan xalq\u0131 \u00fc\u00e7\u00fcn t\u0259s\u0259llidir.<\/p>\n<p>Bildirilib ki, 2003-c\u00fc ild\u0259n bu g\u00fcn\u0259 q\u0259d\u0259r Qaraba\u011f m\u00fcnaqi\u015f\u0259sinin h\u0259lli v\u0259 postm\u00fcnaqi\u015f\u0259 d\u00f6vr\u00fcn\u00fcn Az\u0259rbaycan\u0131n xeyrin\u0259 inki\u015faf etm\u0259si daim ba\u015fl\u0131ca v\u0259zif\u0259 olub v\u0259 b\u00fct\u00fcn g\u00fccl\u0259r s\u0259f\u0259rb\u0259r edilmi\u015fdir.<\/p>\n<p>M\u00fcharib\u0259 d\u00f6vr\u00fcnd\u0259 &#8211; c\u0259mi 44 g\u00fcn \u0259rzind\u0259 300-d\u0259n \u00e7ox \u015f\u0259h\u0259r v\u0259 k\u0259nd d\u00f6y\u00fc\u015f meydan\u0131nda azad olunub. M\u0259hz buna g\u00f6r\u0259 Erm\u0259nistan m\u0259cbur olub v\u0259 noyabr\u0131n 9-dan 10-na ke\u00e7\u0259n gec\u0259 kapitulyasiya akt\u0131na imza atd\u0131. M\u0259hz biz \u015eu\u015fan\u0131 noyabr\u0131n 8-d\u0259 azad ed\u0259nd\u0259n sonra Erm\u0259nistan r\u0259hb\u0259rliyi n\u0259hay\u0259t anlad\u0131 ki, m\u00fcharib\u0259ni davam etdirm\u0259k onlara daha baha ba\u015fa g\u0259l\u0259c\u0259k.<\/p>\n<p>Minsk qrupu faktiki olaraq 2019-cu ild\u0259 iflic olmu\u015fdur. &#8211; Erm\u0259nistan r\u0259hb\u0259rliyi t\u0259r\u0259find\u0259n s\u0259sl\u0259ndiril\u0259n c\u0259f\u0259ng fikirl\u0259r faktiki olaraq dan\u0131\u015f\u0131qlar prosesin\u0259 son qoymu\u015fdur.<\/p>\n<p>\u0130\u015f\u011faldan azad olunmu\u015f b\u00fct\u00fcn \u0259razil\u0259r erm\u0259ni vandalizminin canl\u0131 \u015fahididirl\u0259r. \u015eu\u015fada bir d\u0259n\u0259 d\u0259 salamat tarixi bina qalmam\u0131\u015fd\u0131r. Erm\u0259nil\u0259r 17 bula\u011f\u0131n 17-sini d\u0259 qurutmu\u015fdular, m\u0259scidl\u0259rimizi t\u0259hqir etmi\u015fdil\u0259r, s\u00f6km\u00fc\u015fd\u00fcl\u0259r, saraylar\u0131m\u0131z\u0131 s\u00f6km\u00fc\u015fd\u00fcl\u0259r. T\u0259kc\u0259 \u015eu\u015fa yox, b\u00fct\u00fcn dig\u0259r \u015f\u0259h\u0259rl\u0259r d\u0259 eyni v\u0259ziyy\u0259td\u0259dir. Tamamil\u0259 da\u011f\u0131lm\u0131\u015f A\u011fdam\u0131 xarici ekspertl\u0259r, jurnalistl\u0259r Xirosimaya b\u0259nz\u0259dirl\u0259r. \u0130\u015f\u011fal\u00e7\u0131lar q\u0259birl\u0259ri qaz\u0131rd\u0131lar, \u00f6l\u00fcl\u0259rin q\u0131z\u0131l di\u015fl\u0259rini \u00e7\u0131xar\u0131rd\u0131lar. Erm\u0259nistan v\u0259 erm\u0259ni xalq\u0131 bu v\u0259h\u015filiy\u0259 g\u00f6r\u0259 d\u00fcnya miqyas\u0131nda r\u0259zil oldu. Biz t\u0259kc\u0259 i\u015f\u011fal\u00e7\u0131n\u0131 yox, fa\u015fistl\u0259ri m\u0259hv etdik.<\/p>\n<p>Az\u0259rbaycan s\u0259drlik etdiyi Qo\u015fulmama H\u0259r\u0259kat\u0131, h\u0259m\u00e7inin \u0130slam \u018fm\u0259kda\u015fl\u0131q T\u0259\u015fkilat\u0131 v\u0259 b\u00fct\u00fcn dig\u0259r apar\u0131c\u0131 beyn\u0259lxalq t\u0259\u015fkilatlar \u00f6lk\u0259mizin m\u00f6vqeyini d\u0259st\u0259kl\u0259mi\u015fl\u0259r v\u0259 postm\u00fcnaqi\u015f\u0259 reall\u0131qlar\u0131n\u0131 q\u0259bul etmi\u015fl\u0259r.<\/p>\n<p>D\u00f6vl\u0259timizin ba\u015f\u00e7\u0131s\u0131 vur\u011fulay\u0131b ki, b\u00fct\u00fcn a\u011fr\u0131l\u0131 m\u0259qamlara baxmayaraq, i\u015f\u011fala baxmayaraq b\u00f6lg\u0259nin g\u0259l\u0259c\u0259yi namin\u0259 Az\u0259rbaycan s\u00fclh g\u00fcnd\u0259liyi t\u0259qdim etdi. Bundan sonra Az\u0259rbaycan-Erm\u0259nistan \u0259laq\u0259l\u0259rinin normalla\u015fmas\u0131 m\u0259s\u0259l\u0259si g\u00fcnd\u0259likd\u0259dir. Az\u0259rbaycan konkret olaraq be\u015f prinsipd\u0259n ibar\u0259t t\u0259klif ir\u0259li s\u00fcrd\u00fc v\u0259 Erm\u0259nistan bu be\u015f prinsipi q\u0259bul etdi. Erm\u0259nistan r\u0259hb\u0259rliyi r\u0259sm\u0259n b\u0259yan etdi ki, Az\u0259rbaycan\u0131n \u0259razi b\u00fct\u00f6vl\u00fcy\u00fcn\u00fc tan\u0131y\u0131r v\u0259 Az\u0259rbaycana h\u0259r hans\u0131 bir \u0259razi iddias\u0131 yoxdur v\u0259 g\u0259l\u0259c\u0259kd\u0259 d\u0259 olmayacaq.<\/p>\n<p>H\u0259r birimiz \u2013 h\u0259m Az\u0259rbaycan h\u00f6kum\u0259ti, h\u0259m s\u0259firlikl\u0259r, diaspor t\u0259\u015fkilatlar\u0131, b\u00fct\u00fcn f\u0259allar yeni reall\u0131qlar\u0131 d\u00fcnya ictimaiyy\u0259tin\u0259 \u00e7atd\u0131rmal\u0131d\u0131rlar. Xaricd\u0259 ya\u015fayan az\u0259rbaycanl\u0131lar\u0131n bu sah\u0259d\u0259 daha b\u00f6y\u00fck imkanlar\u0131 var.<\/p>\n<p>Tarixi amill\u0259r h\u0259mi\u015f\u0259 ist\u0259nil\u0259n m\u00fcnaqi\u015f\u0259nin siyasi v\u0259 dig\u0259r yollarla h\u0259ll edilm\u0259si \u00fc\u00e7\u00fcn \u00e7ox vacibdir. XIX \u0259srd\u0259 imzalanm\u0131\u015f m\u00fcqavil\u0259l\u0259ri beyn\u0259lxalq ictimaiyy\u0259t\u0259 \u00e7atd\u0131rmaq kifay\u0259tdir. K\u00fcr\u0259k\u00e7ay, G\u00fcl\u00fcstan, T\u00fcrkm\u0259n\u00e7ay s\u00fclh m\u00fcqavil\u0259l\u0259ri. Orada erm\u0259ni \u0259halisind\u0259n s\u00f6hb\u0259t getmir. K\u00fcr\u0259k\u00e7ay m\u00fcqavil\u0259sini \u0130brahimx\u0259lil xan \u015eu\u015fal\u0131 v\u0259 Qaraba\u011fl\u0131, &#8211; titulu bel\u0259 d\u0259 gedib, &#8211; imzalay\u0131b. XIX \u0259srin bu tarixi hadis\u0259l\u0259rind\u0259n sonra Qaraba\u011fa erm\u0259nil\u0259rin k\u00fctl\u0259vi k\u00f6\u00e7\u00fc ba\u015flam\u0131\u015fd\u0131r. Bu da he\u00e7 kim\u0259 sirr deyil v\u0259 art\u0131q d\u00fcnya ictimaiyy\u0259ti, ekspertl\u0259r bunu bilir.<\/p>\n<p>Az\u0259rbaycan xalq\u0131na qar\u015f\u0131 edil\u0259n haqs\u0131zl\u0131qlar haqq\u0131nda daim beyn\u0259lxalq ictimaiyy\u0259t m\u0259lumatland\u0131r\u0131lmal\u0131d\u0131r.<\/p>\n<p>Z\u0259f\u0259r Qurultay\u0131nda Prezident \u0130lham \u018fliyev D\u00fcnya Az\u0259rbaycanl\u0131lar\u0131 qar\u015f\u0131s\u0131nda konkret v\u0259zif\u0259l\u0259r qoydu. Bu v\u0259zif\u0259l\u0259rin yerin\u0259 yetirilm\u0259si xalq\u0131m\u0131z\u0131n g\u00fcc\u00fcn\u00fc v\u0259 birliyini daha da art\u0131racaq.<\/p>\n<p>&nbsp;<\/p>\n","protected":false},"excerpt":{"rendered":"<p>M\u00fcz\u0259ff\u0259r Ali Ba\u015f Komandan \u0130lham \u018fliyevin r\u0259hb\u0259rliyi il\u0259 q\u00fcdr\u0259tli ordumuzun 44 g\u00fcnl\u00fck V\u0259t\u0259n M\u00fcharib\u0259sind\u0259 d\u00fc\u015fm\u0259n i\u015f\u011fal\u0131ndan azad etdiyi q\u0259dim qalam\u0131zda \u2013 \u015eu\u015fa \u015f\u0259h\u0259rind\u0259 D\u00fcnya Az\u0259rbaycanl\u0131lar\u0131n\u0131n V Qurultay\u0131 \u2013 Z\u0259f\u0259r Qurultay\u0131 ke\u00e7irilib. Qurultayda geni\u015f nitq s\u00f6yl\u0259y\u0259n Prezident \u0130lham \u018fliyev deyib: \u201cQurultay\u0131n ad\u0131 Z\u0259f\u0259r qurultay\u0131d\u0131r v\u0259 bu, t\u0259biidir. \u00c7\u00fcnki tarixi Z\u0259f\u0259rd\u0259n sonra ilk d\u0259f\u0259dir ki, d\u00fcnya az\u0259rbaycanl\u0131lar\u0131 [&hellip;]<\/p>\n","protected":false},"author":2,"featured_media":0,"comment_status":"closed","ping_status":"closed","sticky":false,"template":"","format":"standard","meta":[],"categories":[10],"tags":[],"_links":{"self":[{"href":"https:\/\/yeniterter.az\/index.php?rest_route=\/wp\/v2\/posts\/21430"}],"collection":[{"href":"https:\/\/yeniterter.az\/index.php?rest_route=\/wp\/v2\/posts"}],"about":[{"href":"https:\/\/yeniterter.az\/index.php?rest_route=\/wp\/v2\/types\/post"}],"author":[{"embeddable":true,"href":"https:\/\/yeniterter.az\/index.php?rest_route=\/wp\/v2\/users\/2"}],"replies":[{"embeddable":true,"href":"https:\/\/yeniterter.az\/index.php?rest_route=%2Fwp%2Fv2%2Fcomments&post=21430"}],"version-history":[{"count":3,"href":"https:\/\/yeniterter.az\/index.php?rest_route=\/wp\/v2\/posts\/21430\/revisions"}],"predecessor-version":[{"id":21434,"href":"https:\/\/yeniterter.az\/index.php?rest_route=\/wp\/v2\/posts\/21430\/revisions\/21434"}],"wp:attachment":[{"href":"https:\/\/yeniterter.az\/index.php?rest_route=%2Fwp%2Fv2%2Fmedia&parent=21430"}],"wp:term":[{"taxonomy":"category","embeddable":true,"href":"https:\/\/yeniterter.az\/index.php?rest_route=%2Fwp%2Fv2%2Fcategories&post=21430"},{"taxonomy":"post_tag","embeddable":true,"href":"https:\/\/yeniterter.az\/index.php?rest_route=%2Fwp%2Fv2%2Ftags&post=21430"}],"curies":[{"name":"wp","href":"https:\/\/api.w.org\/{rel}","templated":true}]}}