{"id":21428,"date":"2022-04-25T15:20:58","date_gmt":"2022-04-25T12:20:58","guid":{"rendered":"https:\/\/yeniterter.az\/?p=21428"},"modified":"2022-04-25T15:20:58","modified_gmt":"2022-04-25T12:20:58","slug":"az%c9%99rbaycan-dunyada-yasayan-h%c9%99r-bir-az%c9%99rbaycanlinin-v%c9%99t%c9%99nidir","status":"publish","type":"post","link":"https:\/\/yeniterter.az\/?p=21428","title":{"rendered":"Az\u0259rbaycan d\u00fcnyada ya\u015fayan h\u0259r bir\u00a0 az\u0259rbaycanl\u0131n\u0131n V\u0259t\u0259nidir"},"content":{"rendered":"<p>YAP T\u0259rt\u0259r rayon\u00a0 t\u0259\u015fkilat\u0131n\u0131n s\u0259dri &#8211; Eldar \u018fs\u0259dov<\/p>\n<p>M\u00fcst\u0259qil Az\u0259rbaycan d\u00f6vl\u0259tinin\u00a0 tarixind\u0259\u00a0 \u0259n \u0259lam\u0259tdar\u00a0 hadis\u0259l\u0259rind\u0259n biri &#8211; D\u00fcnya Az\u0259rbaycanl\u0131lar\u0131n\u0131n V qurultay\u0131n\u0131n Az\u0259rbaycan\u0131n m\u0259d\u0259niyy\u0259t be\u015fiyi olan q\u0259dim \u015eu\u015fa \u015f\u0259h\u0259rid\u0259\u00a0 ke\u00e7irilm\u0259si oldu. Qurultay\u0131n\u00a0 M\u00f6ht\u0259r\u0259m\u00a0 Prezidentimiz , Yeni Az\u0259rbaycan Partiyas\u0131n\u0131n S\u0259dri\u00a0 M\u00fcz\u0259ff\u0259r Ali Ba\u015f Komandan\u0131m\u0131z c\u0259nab\u00a0 \u0130lham \u018fliyevin r\u0259hb\u0259rliyi il\u0259 R\u0259\u015fad\u0259tli\u00a0 ordumuzun d\u00fc\u015fm\u0259n \u0259sar\u0259tind\u0259n\u00a0 azad edil\u0259n \u00a0\u015eu\u015fa \u015f\u0259h\u0259rind\u0259 ba\u015f tutmas\u0131 he\u00e7 d\u0259 t\u0259sad\u00fcf\u00fc deyildir. Bildiyimiz kimi\u00a0 d\u00fcnyan\u0131n 65 \u00f6lk\u0259sind\u0259n 400-\u0259 yax\u0131n diaspor n\u00fcmay\u0259nd\u0259sinin i\u015ftirak\u0131 il\u0259 ke\u00e7iril\u0259n qurultay beyn\u0259lxalq ictimaiyy\u0259tin Az\u0259rbaycan h\u0259qiq\u0259tl\u0259ri il\u0259 ba\u011fl\u0131 m\u0259lumatland\u0131r\u0131lmas\u0131nda x\u00fcsusi rol oynay\u0131r. Bu qurultay bizim tarixi z\u0259f\u0259r qurultay\u0131m\u0131z oldu.<\/p>\n<p>\u0130lham \u018fliyev c\u0259nablar\u0131n\u0131n\u00a0 Z\u0259f\u0259r qurultay\u0131nda dediyi kimi\u00a0 uzun ill\u0259rd\u0259n b\u0259ri Az\u0259rbaycan\u0131m\u0131z \u00fc\u00e7\u00fcn problem olan\u00a0 Qaraba\u011f m\u00fcnaqi\u015f\u0259sinin h\u0259ll edilm\u0259si Prezidentimiz \u00fc\u00e7\u00fcn ba\u015fl\u0131ca v\u0259zif\u0259 olmu\u015fdur. \u0130kinci Qaraba\u011f\u00a0 m\u00fcharib\u0259sind\u0259ki parlaq q\u0259l\u0259b\u0259miz b\u00fct\u00fcn d\u00fcnyaya\u00a0 g\u00f6st\u0259rdi ki, bu missiya\u00a0 Prezidentimiz t\u0259r\u0259find\u0259 layiqinc\u0259\u00a0 yerin\u0259 yetirildi.\u00a0 M\u00fcz\u0259ff\u0259r Ali Ba\u015f Komandan\u0131m\u0131z\u0131n\u00a0 v\u0259t\u0259nin azadl\u0131\u011f\u0131 u\u011frunda olan\u00a0 \u00e7a\u011f\u0131r\u0131\u015f\u0131\u00a0 il\u0259 v\u0259t\u0259nimizin igid \u00f6vladlar\u0131 V\u0259t\u0259n qar\u015f\u0131s\u0131nda \u0259v\u0259zolunmaz\u00a0 xidm\u0259tl\u0259r g\u00f6st\u0259rdil\u0259r. M\u00fcasir m\u00fcst\u0259qil Az\u0259rbaycan d\u00f6vl\u0259ti yarand\u0131qdan sonra v\u0259t\u0259np\u0259rv\u0259rlik ruhunda b\u00f6y\u00fcy\u0259n\u00a0 g\u0259ncl\u0259rimiz\u00a0 bu tarixi q\u0259l\u0259b\u0259ni Az\u0259rbaycan xalq\u0131na b\u0259x\u015f etdil\u0259r.<\/p>\n<p>2001-ci il tarixd\u0259 ke\u00e7iril\u0259n D\u00fcnya Az\u0259rbaycanl\u0131lar\u0131n\u0131n\u00a0 I Qurultay\u0131nda ulu \u00f6nd\u0259r Heyd\u0259r \u018fliyev demi\u015fdir ki, vaxt g\u0259l\u0259c\u0259k Az\u0259rbaycan \u00f6z \u0259razi b\u00fct\u00f6vl\u00fcy\u00fcn\u00fc b\u0259rpa ed\u0259c\u0259k, i\u015f\u011fal alt\u0131nda olan torpaqlar\u0131m\u0131z\u00a0 i\u015f\u011faldan azad olunacaq, Az\u0259rbaycan xalq\u0131 \u00f6z tarixi\u00a0 yurdlar\u0131na\u00a0 qay\u0131dacaq. 44 g\u00fcnl\u00fck V\u0259t\u0259n m\u00fcharib\u0259sind\u0259ki q\u0259l\u0259b\u0259miz Ulu \u00f6nd\u0259rin vaxt\u0131 il\u0259 dediyi\u00a0 s\u00f6zl\u0259rin h\u0259yata ke\u00e7m\u0259sini t\u0259min etdi.\u00a0 Ulu \u00f6nd\u0259rin siyas kursunun layiqli davam\u00e7\u0131s\u0131\u00a0 c\u0259nab\u00a0 \u0130lham \u018fliyevin r\u0259hb\u0259rliyi alt\u0131nda 2006, 2011 v\u0259 2016-c\u0131 ill\u0259rd\u0259 ke\u00e7iril\u0259n d\u00fcnya az\u0259rbaycanl\u0131lar\u0131n\u0131n qurultaylar\u0131nda d\u00f6vl\u0259t ba\u015f\u00e7\u0131s\u0131 diaspora n\u00fcmay\u0259nd\u0259l\u0259ri qar\u015f\u0131s\u0131nda V\u0259t\u0259n, torpaq, m\u00fcst\u0259qillik amilini qabartd\u0131, soyda\u015flar\u0131m\u0131z\u0131 tarixi v\u0259t\u0259nl\u0259 ba\u011flar\u0131 daha da g\u00fccl\u0259ndirm\u0259y\u0259 \u00e7a\u011f\u0131rd\u0131.<\/p>\n<p>M\u00f6ht\u0259r\u0259m Prezidentimizin\u00a0 dediyi kimi \u201cM\u00fcst\u0259qil Az\u0259rbaycan\u00a0 d\u00f6vl\u0259ti bizim\u00a0 ham\u0131m\u0131z\u0131n &#8211; b\u00fct\u00fcn az\u0259rbaycanl\u0131lar\u0131n v\u0259t\u0259nidir. Bizim bir v\u0259t\u0259nimiz var &#8211; Az\u0259rbaycan! Bizim bir dilimiz var \u2013 Az\u0259rbaycan dili! Bizim \u00fcmumxalq ideologiyam\u0131z var &#8211; az\u0259rbaycan\u00e7\u0131l\u0131q m\u0259fkur\u0259si. Bizim h\u0259r birimiz ist\u0259r V\u0259t\u0259nd\u0259 olsun, ist\u0259rs\u0259 d\u0259 V\u0259t\u0259nd\u0259n k\u0259narda bu m\u0259s\u0259l\u0259y\u0259\u00a0 h\u00f6rm\u0259t hissiil\u0259 yana\u015faraq\u00a0 h\u0259r bir\u00a0 soyda\u015f\u0131m\u0131za V\u0259t\u0259ni sevm\u0259k n\u00fcmun\u0259si g\u00f6st\u0259rm\u0259liyik. D\u00f6vl\u0259t Ba\u015f\u00e7\u0131m\u0131z\u0131n birlikd\u0259 olmaq \u00e7a\u011f\u0131r\u0131\u015f\u0131\u00a0 \u00f6lk\u0259d\u0259n k\u0259narda ya\u015fayan soyda\u015flar\u0131m\u0131z\u0131\u00a0 Az\u0259rbaycan d\u00f6vl\u0259t\u00e7iliyi ideyalar\u0131 \u0259traf\u0131nda s\u0131x birl\u0259\u015fdirdi. D\u00f6vl\u0259ti\u00a0 m\u0259s\u0259l\u0259l\u0259rd\u0259 h\u0259mr\u0259ylik n\u00fcmayi\u015f etdirildi.<\/p>\n<p>M\u00fcz\u0259ff\u0259r Ali Ba\u015f Komandan \u0130lham \u018fliyev d\u00fcnya az\u0259rbaycanl\u0131lar\u0131n\u0131 Z\u0259f\u0259r bayra\u011f\u0131\u00a0 alt\u0131nda m\u0259d\u0259niyy\u0259t be\u015fiyimiz olan \u015eu\u015fa \u015f\u0259h\u0259rin\u0259\u00a0 toplamaqla s\u00fcbut edir ki, bundan sonra bizi he\u00e7 kim \u0259y\u0259 bilm\u0259z! Bundan sonra he\u00e7 bir q\u00fcvv\u0259 biz\u0259 qalib g\u0259l\u0259 bilm\u0259z! Bundan sonra xalq\u0131m\u0131z \u00f6z torpa\u011f\u0131nda, \u00f6z d\u00f6vl\u0259tind\u0259 qalib xalq , Az\u0259rbaycan is\u0259 qalib \u00f6lk\u0259\u00a0 kimi ya\u015fayacaq!<\/p>\n","protected":false},"excerpt":{"rendered":"<p>YAP T\u0259rt\u0259r rayon\u00a0 t\u0259\u015fkilat\u0131n\u0131n s\u0259dri &#8211; Eldar \u018fs\u0259dov M\u00fcst\u0259qil Az\u0259rbaycan d\u00f6vl\u0259tinin\u00a0 tarixind\u0259\u00a0 \u0259n \u0259lam\u0259tdar\u00a0 hadis\u0259l\u0259rind\u0259n biri &#8211; D\u00fcnya Az\u0259rbaycanl\u0131lar\u0131n\u0131n V qurultay\u0131n\u0131n Az\u0259rbaycan\u0131n m\u0259d\u0259niyy\u0259t be\u015fiyi olan q\u0259dim \u015eu\u015fa \u015f\u0259h\u0259rid\u0259\u00a0 ke\u00e7irilm\u0259si oldu. Qurultay\u0131n\u00a0 M\u00f6ht\u0259r\u0259m\u00a0 Prezidentimiz , Yeni Az\u0259rbaycan Partiyas\u0131n\u0131n S\u0259dri\u00a0 M\u00fcz\u0259ff\u0259r Ali Ba\u015f Komandan\u0131m\u0131z c\u0259nab\u00a0 \u0130lham \u018fliyevin r\u0259hb\u0259rliyi il\u0259 R\u0259\u015fad\u0259tli\u00a0 ordumuzun d\u00fc\u015fm\u0259n \u0259sar\u0259tind\u0259n\u00a0 azad edil\u0259n \u00a0\u015eu\u015fa \u015f\u0259h\u0259rind\u0259 [&hellip;]<\/p>\n","protected":false},"author":2,"featured_media":0,"comment_status":"closed","ping_status":"closed","sticky":false,"template":"","format":"standard","meta":[],"categories":[10],"tags":[],"_links":{"self":[{"href":"https:\/\/yeniterter.az\/index.php?rest_route=\/wp\/v2\/posts\/21428"}],"collection":[{"href":"https:\/\/yeniterter.az\/index.php?rest_route=\/wp\/v2\/posts"}],"about":[{"href":"https:\/\/yeniterter.az\/index.php?rest_route=\/wp\/v2\/types\/post"}],"author":[{"embeddable":true,"href":"https:\/\/yeniterter.az\/index.php?rest_route=\/wp\/v2\/users\/2"}],"replies":[{"embeddable":true,"href":"https:\/\/yeniterter.az\/index.php?rest_route=%2Fwp%2Fv2%2Fcomments&post=21428"}],"version-history":[{"count":1,"href":"https:\/\/yeniterter.az\/index.php?rest_route=\/wp\/v2\/posts\/21428\/revisions"}],"predecessor-version":[{"id":21429,"href":"https:\/\/yeniterter.az\/index.php?rest_route=\/wp\/v2\/posts\/21428\/revisions\/21429"}],"wp:attachment":[{"href":"https:\/\/yeniterter.az\/index.php?rest_route=%2Fwp%2Fv2%2Fmedia&parent=21428"}],"wp:term":[{"taxonomy":"category","embeddable":true,"href":"https:\/\/yeniterter.az\/index.php?rest_route=%2Fwp%2Fv2%2Fcategories&post=21428"},{"taxonomy":"post_tag","embeddable":true,"href":"https:\/\/yeniterter.az\/index.php?rest_route=%2Fwp%2Fv2%2Ftags&post=21428"}],"curies":[{"name":"wp","href":"https:\/\/api.w.org\/{rel}","templated":true}]}}