{"id":21406,"date":"2022-04-21T14:28:12","date_gmt":"2022-04-21T11:28:12","guid":{"rendered":"https:\/\/yeniterter.az\/?p=21406"},"modified":"2022-04-21T14:28:12","modified_gmt":"2022-04-21T11:28:12","slug":"ulu-ond%c9%99r-heyd%c9%99r-%c9%99liyevin-ana-dilinin-dovl%c9%99t-dili-olmasi-ugrunda-donm%c9%99z-mubariz%c9%99si","status":"publish","type":"post","link":"https:\/\/yeniterter.az\/?p=21406","title":{"rendered":"Ulu \u00d6nd\u0259r Heyd\u0259r \u018fliyevin Ana dilinin d\u00f6vl\u0259t dili olmas\u0131 u\u011frunda d\u00f6nm\u0259z m\u00fcbariz\u0259si"},"content":{"rendered":"<p>D\u00f6vl\u0259tin\u00a0 milli\u00a0 d\u0259y\u0259rl\u0259rinin qorunmas\u0131nda,\u00a0 inki\u015faf etm\u0259sind\u0259\u00a0 ana dilinin rolu x\u00fcsusi \u0259h\u0259miyy\u0259t k\u0259s edir . H\u0259r bir xalq\u0131n milli m\u0259n\u0259vi d\u0259y\u0259rl\u0259rini ya\u015fadan, inki\u015faf etdir\u0259n onun dilidir. Dil h\u0259r bir xalq\u0131n varl\u0131\u011f\u0131n\u0131n \u0259n \u0259sas t\u0259minat\u00e7\u0131s\u0131d\u0131r. Az\u0259rbaycan xalq\u0131n\u0131n da ana dili onun milli varl\u0131\u011f\u0131n\u0131 m\u00fc\u0259yy\u0259n ed\u0259n ba\u015fl\u0131ca \u015f\u0259rtl\u0259rd\u0259ndir. Ana dili d\u00f6vl\u0259t r\u0259mzl\u0259rimiz olan bayraq, gerb, himn kimi m\u00fcq\u0259dd\u0259sdir. Ana dilini hifz etm\u0259d\u0259n, onun inki\u015faf\u0131, z\u0259nginl\u0259\u015fm\u0259si \u00fc\u00e7\u00fcn z\u0259ruri t\u0259dbirl\u0259r h\u0259yata ke\u00e7irm\u0259d\u0259n xalq\u0131n milli \u00f6z\u00fcn\u0259m\u0259xsuslu\u011funu, milli ruhunu qorumaq m\u00fcmk\u00fcn deyildir. Ana dili xalq\u0131n ke\u00e7diyi b\u00fct\u00fcn tarixi m\u0259rh\u0259l\u0259l\u0259rd\u0259\u00a0 ya\u015fay\u0131b,\u00a0 m\u00fcasir d\u00f6vr\u0259 g\u0259lib \u00e7atan \u0259n b\u00f6y\u00fck m\u0259n\u0259vi s\u0259rv\u0259tl\u0259rd\u0259ndir. Dilimizin ke\u00e7diyi \u0259n \u00e7\u0259tin d\u00f6vr m\u0259hz\u00a0 Sovetl\u0259r d\u00f6n\u0259mind\u0259 olub. Bel\u0259 ki,\u00a0 sovet d\u00f6vr\u00fcnd\u0259 ana dilimizin qorunmas\u0131 v\u0259 inki\u015faf etdirilm\u0259si, Az\u0259rbaycan dilinin d\u00f6vl\u0259t dili statusunun t\u0259min edilm\u0259si il\u0259 ba\u011fl\u0131 \u00fcmummilli lider Heyd\u0259r \u018fliyev tarixi faktlar\u0131 ger\u00e7\u0259kl\u0259\u015fdirdi.\u00a0 Ulu \u00d6nd\u0259r Heyd\u0259r \u018fliyevin sonsuz\u00a0 qay\u011f\u0131s\u0131 v\u0259 diqq\u0259ti n\u0259tic\u0259sind\u0259\u00a0 Az\u0259rbaycan dili \u00f6lk\u0259mizd\u0259 d\u00f6vl\u0259t dili kimi r\u0259smil\u0259\u015fmi\u015fdir.<\/p>\n<p>Dahi \u015f\u0259xsiyy\u0259tin\u00a0 birba\u015fa t\u0259\u015f\u0259bb\u00fcs\u00fc il\u0259 1978-ci il aprelin 27-d\u0259 Az\u0259rbaycan SSR Konstitusiyas\u0131na \u201cAz\u0259rbaycan SSR-nin d\u00f6vl\u0259t dili Az\u0259rbaycan dilidir\u201d madd\u0259si yaz\u0131l\u0131b. Az\u0259rbaycan SSR-in 1978-ci il Konstitusiyas\u0131na Az\u0259rbaycan dilinin d\u00f6vl\u0259t dili kimi daxil edilm\u0259si v\u0259 t\u0259sbit olunmas\u0131ndan sonra Az\u0259rbaycan dilinin istifad\u0259sind\u0259 v\u0259 inki\u015faf\u0131nda yeni m\u0259rh\u0259l\u0259 ba\u015flad\u0131.<!--more--><\/p>\n<p>Ulu \u00d6nd\u0259r\u00a0 1978-ci il aprelin 2-d\u0259 IX \u00e7a\u011f\u0131r\u0131\u015f Az\u0259rbaycan SSR Ali Sovetinin Az\u0259rbaycan Sovet Sosialist Respublikas\u0131 Konstitusiyas\u0131n\u0131n layih\u0259si v\u0259 onun \u00fcmumxalq m\u00fczakir\u0259sinin yekunlar\u0131na h\u0259sr olunmu\u015f VII sessiyas\u0131nda \u201cAz\u0259rbaycan Sovet Sosialist Respublikas\u0131n\u0131n d\u00f6vl\u0259t dili Az\u0259rbaycan dilidir\u201d t\u0259\u015f\u0259bb\u00fcs\u00fc il\u0259 \u00e7\u0131x\u0131\u015f edir. Bu tarixi t\u0259\u015f\u0259bb\u00fcs 1978-ci il 21 aprel tarixind\u0259 q\u0259bul olunmu\u015f Az\u0259rbaycan SSR Konstitusiyas\u0131nda \u00f6z \u0259ksini tap\u0131r. Az\u0259rbaycan dilin\u0259 d\u00f6vl\u0259t dili statusunun verilm\u0259si \u00fcmummilli lider Heyd\u0259r \u018fliyevin xalq qar\u015f\u0131s\u0131nda \u0259n b\u00f6y\u00fck xidm\u0259tl\u0259rind\u0259n biri kimi tarix\u0259 yaz\u0131l\u0131r.<\/p>\n<p>\u201cM\u0259nim \u00fc\u00e7\u00fcn h\u0259r \u015feyd\u0259n \u0259ziz m\u0259nim xalq\u0131md\u0131r, m\u0259nim V\u0259t\u0259nimdir, m\u0259nim torpa\u011f\u0131md\u0131r\u201d dey\u0259n Ulu \u00f6nd\u0259r Heyd\u0259r \u018fliyev Az\u0259rbaycan dilini xalq\u0131m\u0131z\u0131n m\u0259n\u0259vi s\u0259rv\u0259ti, d\u00fcnya az\u0259rbaycanl\u0131lar\u0131n\u0131n h\u0259mr\u0259yliyinin sars\u0131lmaz t\u0259m\u0259li, m\u00fcst\u0259qilliyimizin ba\u015fl\u0131ca r\u0259mzl\u0259ri il\u0259 eyni s\u0259viyy\u0259d\u0259 qiym\u0259tl\u0259ndirirdir<\/p>\n<p>Ulu \u00d6nd\u0259r Heyd\u0259r \u018fliyevin layiqli davam\u00e7\u0131s\u0131 olan M\u00f6ht\u0259r\u0259m\u00a0 c\u0259nab Prezidentimiz Az\u0259rbaycan dilinin qorunmas\u0131 istiqam\u0259tind\u0259 verdiyi s\u0259r\u0259ncamlarla dilimizin v\u0259 m\u0259d\u0259niyy\u0259timizin h\u0259r zaman ke\u015fiyind\u0259 dayand\u0131\u011f\u0131n\u0131 Az\u0259rbaycan xalq\u0131na v\u0259 d\u00fcnya az\u0259rbaycanl\u0131lar\u0131na n\u00fcmayi\u015f etdirmi\u015fdir.<\/p>\n<p style=\"text-align: right;\"><strong><em>\u00a0Eldar \u018fs\u0259dov,<\/em><\/strong><\/p>\n<p style=\"text-align: right;\"><strong><em>YAP T\u0259rt\u0259r rayon <\/em><\/strong><\/p>\n<p style=\"text-align: right;\"><strong><em>t\u0259\u015fkilat\u0131n\u0131n s\u0259dri<\/em><\/strong><\/p>\n<p><em>\u00a0<\/em><\/p>\n","protected":false},"excerpt":{"rendered":"<p>D\u00f6vl\u0259tin\u00a0 milli\u00a0 d\u0259y\u0259rl\u0259rinin qorunmas\u0131nda,\u00a0 inki\u015faf etm\u0259sind\u0259\u00a0 ana dilinin rolu x\u00fcsusi \u0259h\u0259miyy\u0259t k\u0259s edir . H\u0259r bir xalq\u0131n milli m\u0259n\u0259vi d\u0259y\u0259rl\u0259rini ya\u015fadan, inki\u015faf etdir\u0259n onun dilidir. Dil h\u0259r bir xalq\u0131n varl\u0131\u011f\u0131n\u0131n \u0259n \u0259sas t\u0259minat\u00e7\u0131s\u0131d\u0131r. Az\u0259rbaycan xalq\u0131n\u0131n da ana dili onun milli varl\u0131\u011f\u0131n\u0131 m\u00fc\u0259yy\u0259n ed\u0259n ba\u015fl\u0131ca \u015f\u0259rtl\u0259rd\u0259ndir. Ana dili d\u00f6vl\u0259t r\u0259mzl\u0259rimiz olan bayraq, gerb, himn kimi m\u00fcq\u0259dd\u0259sdir. [&hellip;]<\/p>\n","protected":false},"author":2,"featured_media":0,"comment_status":"closed","ping_status":"closed","sticky":false,"template":"","format":"standard","meta":[],"categories":[10],"tags":[],"_links":{"self":[{"href":"https:\/\/yeniterter.az\/index.php?rest_route=\/wp\/v2\/posts\/21406"}],"collection":[{"href":"https:\/\/yeniterter.az\/index.php?rest_route=\/wp\/v2\/posts"}],"about":[{"href":"https:\/\/yeniterter.az\/index.php?rest_route=\/wp\/v2\/types\/post"}],"author":[{"embeddable":true,"href":"https:\/\/yeniterter.az\/index.php?rest_route=\/wp\/v2\/users\/2"}],"replies":[{"embeddable":true,"href":"https:\/\/yeniterter.az\/index.php?rest_route=%2Fwp%2Fv2%2Fcomments&post=21406"}],"version-history":[{"count":1,"href":"https:\/\/yeniterter.az\/index.php?rest_route=\/wp\/v2\/posts\/21406\/revisions"}],"predecessor-version":[{"id":21407,"href":"https:\/\/yeniterter.az\/index.php?rest_route=\/wp\/v2\/posts\/21406\/revisions\/21407"}],"wp:attachment":[{"href":"https:\/\/yeniterter.az\/index.php?rest_route=%2Fwp%2Fv2%2Fmedia&parent=21406"}],"wp:term":[{"taxonomy":"category","embeddable":true,"href":"https:\/\/yeniterter.az\/index.php?rest_route=%2Fwp%2Fv2%2Fcategories&post=21406"},{"taxonomy":"post_tag","embeddable":true,"href":"https:\/\/yeniterter.az\/index.php?rest_route=%2Fwp%2Fv2%2Ftags&post=21406"}],"curies":[{"name":"wp","href":"https:\/\/api.w.org\/{rel}","templated":true}]}}