{"id":20422,"date":"2022-01-07T12:30:44","date_gmt":"2022-01-07T09:30:44","guid":{"rendered":"https:\/\/www.yeniterter.az\/?p=20422"},"modified":"2022-01-07T12:30:44","modified_gmt":"2022-01-07T09:30:44","slug":"boyka-adi-il%c9%99-taninan-s%c9%99hid","status":"publish","type":"post","link":"https:\/\/yeniterter.az\/?p=20422","title":{"rendered":"\u201cBOYKA\u201d ADI \u0130L\u018f TANINAN \u015e\u018fH\u0130D"},"content":{"rendered":"<p><img decoding=\"async\" loading=\"lazy\" class=\" wp-image-20423 alignleft\" src=\"http:\/\/www.yeniterter.az\/wp-content\/uploads\/21-30-aaaa-210x300.jpg\" alt=\"\" width=\"146\" height=\"208\" srcset=\"https:\/\/yeniterter.az\/wp-content\/uploads\/21-30-aaaa-210x300.jpg 210w, https:\/\/yeniterter.az\/wp-content\/uploads\/21-30-aaaa.jpg 700w\" sizes=\"(max-width: 146px) 100vw, 146px\" \/>\u015e\u0259hid Abbasov Elvin \u015eamil o\u011flu \u0259sl\u0259n Umudlu k\u0259ndind\u0259ndir. Birinci Qaraba\u011f m\u00fcharib\u0259si zaman\u0131 ail\u0259si A\u011fd\u0259r\u0259 rayonunun Umudlu k\u0259ndind\u0259n m\u0259cburi k\u00f6\u00e7k\u00fcn d\u00fc\u015f\u00fcb. B\u0259rd\u0259 rayonunun Hac\u0131l\u0131 k\u0259ndind\u0259 ya\u015fasalar da, T\u0259rt\u0259r rayonu Umudlu k\u0259nd inzibati \u0259razi dair\u0259sind\u0259 qeydiyyata g\u00f6t\u00fcr\u00fcl\u00fcbl\u0259r. Elvin Abbasov is\u0259 1993-c\u00fc il may\u0131n 6-da T\u0259rt\u0259rd\u0259 anadan olub. Orta t\u0259hsilini ba\u015fa vurduqdan sonra h\u0259qiqi h\u0259rbi xidm\u0259t\u0259 \u00e7a\u011fr\u0131l\u0131b. \u018fsg\u0259ri xidm\u0259ti u\u011furla ba\u015fa \u00e7at\u0131b. H\u0259rbid\u0259 olan nizam-intizam qulluq m\u00fcdd\u0259tind\u0259 Elvini \u00f6z\u00fcn\u0259 c\u0259lb edib, orduda xidm\u0259t etm\u0259k mara\u011f\u0131 yarad\u0131b. \u018fsg\u0259ri borcunu verib qay\u0131td\u0131qdan az sonra m\u00fcdd\u0259td\u0259n art\u0131q xidm\u0259t\u0259 yaz\u0131l\u0131r. Daxili qo\u015funlar\u0131n \u201cN\u201d sayl\u0131 h\u0259rbi hiss\u0259sind\u0259 x\u00fcsusi t\u0259yinatl\u0131 d\u0259st\u0259d\u0259 ba\u015f \u00e7avu\u015f kimi f\u0259aliyy\u0259t g\u00f6st\u0259rir. V\u0259t\u0259n m\u00fcharib\u0259si ba\u015flayanda art\u0131q 8 il idi ki, m\u00fcdd\u0259td\u0259n art\u0131q xidm\u0259t edirdi. Bu m\u00fcdd\u0259td\u0259 h\u0259rbi i\u015fi daha m\u00fck\u0259mm\u0259l m\u0259nims\u0259mi\u015fdi. Yarasalar adland\u0131r\u0131lan b\u00f6l\u00fckd\u0259 ona x\u00fcsusi ad verilmi\u015fdi \u2013\u201cBoyka\u201d ad\u0131 il\u0259 tan\u0131n\u0131rd\u0131. D\u00f6y\u00fc\u015f haz\u0131rl\u0131\u011f\u0131 v\u0259 h\u0259rbi bacar\u0131\u011f\u0131 il\u0259 f\u0259rql\u0259nirdi \u201cBoyka\u201d.<br \/>\nTarix\u0259 V\u0259t\u0259n m\u00fcharib\u0259sinin ilk g\u00fcn\u00fc kimi yaz\u0131lan 27 sentyabr 2020-ci il. Elvin Abbasov \u015fidd\u0259tli d\u00f6y\u00fc\u015fl\u0259rin getdiyi \u0259raziy\u0259 \u2013 C\u0259bray\u0131l istiqam\u0259tin\u0259 g\u00f6nd\u0259rilir. Onun d\u00f6y\u00fc\u015f yolu C\u0259bray\u0131ldan, Xocav\u0259ndd\u0259n, Z\u0259ngilandan, Da\u015falt\u0131dan, Hadrutdan ke\u00e7ib. Bu \u0259razil\u0259rd\u0259 g\u00fccl\u00fc d\u00f6y\u00fc\u015fl\u0259rd\u0259n \u00f6z \u015f\u00fcca\u0259ti il\u0259 \u00e7\u0131x\u0131b \u201cBoyka\u201d.<!--more--><br \/>\nPolad H\u0259\u015fimovu tan\u0131d\u0131\u011f\u0131 \u00fc\u00e7\u00fcn onun \u015f\u0259hid olmas\u0131 \u00e7ox pis t\u0259sir edirdi Elvin\u0259. Ona g\u00f6r\u0259 d\u0259 qat\u0131ld\u0131\u011f\u0131 h\u0259r bir d\u00f6y\u00fc\u015fd\u0259 u\u011fur qazananda, onun heyfini ald\u0131\u011f\u0131n\u0131 d\u00fc\u015f\u00fcn\u00fcrd\u00fc. Noyabr\u0131n 7-d\u0259 komandanl\u0131q t\u0259r\u0259find\u0259n x\u00fcsusi tap\u015f\u0131r\u0131q verilir b\u00f6l\u00fcy\u0259: La\u00e7\u0131n d\u0259hlizi al\u0131nmal\u0131d\u0131r. Art\u0131q 4 g\u00fcn idi ki, \u201cBoyka\u201d \u00f6z d\u00f6y\u00fc\u015f yolda\u015flar\u0131 il\u0259 h\u00fcnd\u00fcr qayalar\u0131, a\u015f\u0131r\u0131mlar\u0131 ke\u00e7irdil\u0259r. Deyil\u0259n m\u00f6vqeyni almaq \u00e7\u0259tin olsa da, d\u00f6y\u00fc\u015f\u00fc yar\u0131m\u00e7\u0131q qoymaq olmazd\u0131. Bu 4 g\u00fcnd\u0259 Milli Ordunun d\u00f6y\u00fc\u015f\u00e7\u00fcl\u0259ri d\u0259 y\u00fcks\u0259k f\u0259dakarl\u0131q g\u00f6st\u0259rmi\u015fdil\u0259r. Onlar d\u00fc\u015fm\u0259nin fikrini ba\u015fqa s\u0259mt\u0259 y\u00f6n\u0259ld\u0259r\u0259k deyil\u0259n m\u00f6vqey\u0259 \u00e7atmalar\u0131 \u00fc\u00e7\u00fcn yarasalara \u015f\u0259rait yaratm\u0131\u015fd\u0131lar. Dem\u0259k olar ki, burada pulemyotla v\u0259 \u0259lb\u0259yaxa d\u00f6y\u00fc\u015fl\u0259r gedirdi. D\u00fc\u015fm\u0259nin t\u0259minat bazas\u0131na daxil olaraq erm\u0259nini m\u0259hv etm\u0259k \u0259mri alan \u201cBoyka\u201d canavar kimi d\u00f6y\u00fc\u015f\u00fcrd\u00fc. H\u0259tta qarda\u015f\u0131 El\u00e7inl\u0259 dan\u0131\u015fanda yaral\u0131 oldu\u011funu bildirm\u0259yib. 3 g\u00fcll\u0259 yaras\u0131 alsa da, d\u00f6y\u00fc\u015f\u00fc dayand\u0131rmay\u0131b, pulemyotla d\u00f6y\u00fc\u015f\u00fcn\u00fc davam etdirib. Yolda\u015flar\u0131 t\u0259kid ets\u0259l\u0259r d\u0259, s\u0259rrast at\u0131c\u0131 oldu\u011fu \u00fc\u00e7\u00fcn \u0259m\u0259liyyat\u0131n yar\u0131m\u00e7\u0131q qalmas\u0131n\u0131 ist\u0259m\u0259yib. El\u0259 yaral\u0131 halda m\u00f6vqeini d\u0259yi\u015f\u0259r\u0259k d\u00fc\u015fm\u0259nin diqq\u0259tini yay\u0131nd\u0131rma\u011f\u0131 bacar\u0131b. Tap\u015f\u0131r\u0131q yerin\u0259 yetirildikd\u0259n sonra d\u00f6y\u00fc\u015f yolda\u015flar\u0131 \u015f\u0259hid \u201cBoyka\u201dn\u0131 \u0259razid\u0259n \u00e7\u0131xararaq, 10 noyabrda ail\u0259sin\u0259 t\u0259hvil verdil\u0259r.<br \/>\nElvin Abbasovun g\u00f6st\u0259rdiyi b\u00fct\u00fcn q\u0259hr\u0259manl\u0131qlar 7 noyabrda ba\u015fa \u00e7atd\u0131. Lakin onun V\u0259t\u0259n u\u011frunda g\u00f6st\u0259rdiyi \u015f\u00fc\u00e7a\u0259t \u2013 erm\u0259ni ma\u015f\u0131n\u0131n\u0131 yand\u0131raraq 57 erm\u0259nini m\u0259hv etm\u0259si v\u0259 dig\u0259r q\u0259hr\u0259manl\u0131qlar\u0131 ag\u0131zlarda dastana d\u00f6nd\u00fc. Onun igidliyind\u0259n f\u0259xrl\u0259 dan\u0131\u015f\u0131ld\u0131. Elvin Abbasov tarix yazan \u015f\u0259hid o\u011fullar\u0131m\u0131zdan biri olaraq Hac\u0131l\u0131 k\u0259nd q\u0259bristanl\u0131\u011f\u0131nda uyuyur.<br \/>\n\u015e\u0259hid elo\u011flumuzu h\u0259sr\u0259tl\u0259 xat\u0131rlayan do\u011fmalar\u0131 aras\u0131nda ata-anas\u0131 il\u0259 b\u0259rab\u0259r h\u0259yat yolda\u015f\u0131 N\u0259rgiz v\u0259 iki azya\u015fl\u0131 q\u0131z\u0131 \u2013 Aylin v\u0259 Sevil d\u0259 var. H\u0259l\u0259 bu q\u0131zlar \u00e7ox ki\u00e7ikdirl\u0259r. 4 v\u0259 1 ya\u015fyar\u0131m\u0131nda olan q\u0131zlar b\u00f6y\u00fcd\u00fckc\u0259, atalar\u0131n\u0131n q\u0259hr\u0259manl\u0131qlar\u0131 il\u0259 tan\u0131\u015f olduqca q\u00fcrur duyacaqlar. Atalar\u0131n\u0131 q\u0259hr\u0259man olaraq xat\u0131rlayacaqlar. Elvin Abbasov \u00f6l\u00fcm\u00fcnd\u0259n sonra g\u00f6st\u0259rdiyi \u015f\u00fcca\u0259t\u0259 g\u00f6r\u0259 \u201cV\u0259t\u0259n u\u011frunda\u201d v\u0259 \u201c\u015eu\u015fan\u0131n azad olunmas\u0131na g\u00f6r\u0259\u201d medallar\u0131 il\u0259 t\u0259ltif olunub.<br \/>\nElvinin \u015f\u0259hid oldu\u011fu g\u00fcnd\u0259n 1 ild\u0259n \u00e7ox vaxt \u00f6t\u00fcb. Bu m\u00fcdd\u0259td\u0259 u\u011fura do\u011fru b\u0259zi d\u0259yi\u015fiklikl\u0259r olub. Q\u0131zlar\u0131 bir az b\u00f6y\u00fcy\u00fcbl\u0259r, baba v\u0259 n\u0259n\u0259l\u0259ri il\u0259 ya\u015fay\u0131rlar. H\u0259yat yolda\u015f\u0131 N\u0259rgiz G\u0259nc\u0259 D\u00f6vl\u0259t Universitetind\u0259 t\u0259hsil al\u0131r, i\u015fl\u0259 t\u0259min olunub. H\u0259r bir u\u011furdan \u00f6nd\u0259 is\u0259 u\u011frunda can\u0131ndan ke\u00e7diyi torpaqlarda indi b\u00f6y\u00fck quruculuq i\u015fl\u0259ri gedir, \u015f\u0259hid qan\u0131 il\u0259 suvar\u0131lm\u0131\u015f torpaqlar lal\u0259zara \u00e7evrilir.<\/p>\n<p style=\"text-align: right;\"><em><strong>Elfuz\u0259 V\u0259liyeva<\/strong><\/em><\/p>\n","protected":false},"excerpt":{"rendered":"<p>\u015e\u0259hid Abbasov Elvin \u015eamil o\u011flu \u0259sl\u0259n Umudlu k\u0259ndind\u0259ndir. Birinci Qaraba\u011f m\u00fcharib\u0259si zaman\u0131 ail\u0259si A\u011fd\u0259r\u0259 rayonunun Umudlu k\u0259ndind\u0259n m\u0259cburi k\u00f6\u00e7k\u00fcn d\u00fc\u015f\u00fcb. B\u0259rd\u0259 rayonunun Hac\u0131l\u0131 k\u0259ndind\u0259 ya\u015fasalar da, T\u0259rt\u0259r rayonu Umudlu k\u0259nd inzibati \u0259razi dair\u0259sind\u0259 qeydiyyata g\u00f6t\u00fcr\u00fcl\u00fcbl\u0259r. Elvin Abbasov is\u0259 1993-c\u00fc il may\u0131n 6-da T\u0259rt\u0259rd\u0259 anadan olub. Orta t\u0259hsilini ba\u015fa vurduqdan sonra h\u0259qiqi h\u0259rbi xidm\u0259t\u0259 \u00e7a\u011fr\u0131l\u0131b. \u018fsg\u0259ri [&hellip;]<\/p>\n","protected":false},"author":2,"featured_media":0,"comment_status":"closed","ping_status":"closed","sticky":false,"template":"","format":"standard","meta":[],"categories":[38],"tags":[],"_links":{"self":[{"href":"https:\/\/yeniterter.az\/index.php?rest_route=\/wp\/v2\/posts\/20422"}],"collection":[{"href":"https:\/\/yeniterter.az\/index.php?rest_route=\/wp\/v2\/posts"}],"about":[{"href":"https:\/\/yeniterter.az\/index.php?rest_route=\/wp\/v2\/types\/post"}],"author":[{"embeddable":true,"href":"https:\/\/yeniterter.az\/index.php?rest_route=\/wp\/v2\/users\/2"}],"replies":[{"embeddable":true,"href":"https:\/\/yeniterter.az\/index.php?rest_route=%2Fwp%2Fv2%2Fcomments&post=20422"}],"version-history":[{"count":1,"href":"https:\/\/yeniterter.az\/index.php?rest_route=\/wp\/v2\/posts\/20422\/revisions"}],"predecessor-version":[{"id":20424,"href":"https:\/\/yeniterter.az\/index.php?rest_route=\/wp\/v2\/posts\/20422\/revisions\/20424"}],"wp:attachment":[{"href":"https:\/\/yeniterter.az\/index.php?rest_route=%2Fwp%2Fv2%2Fmedia&parent=20422"}],"wp:term":[{"taxonomy":"category","embeddable":true,"href":"https:\/\/yeniterter.az\/index.php?rest_route=%2Fwp%2Fv2%2Fcategories&post=20422"},{"taxonomy":"post_tag","embeddable":true,"href":"https:\/\/yeniterter.az\/index.php?rest_route=%2Fwp%2Fv2%2Ftags&post=20422"}],"curies":[{"name":"wp","href":"https:\/\/api.w.org\/{rel}","templated":true}]}}