{"id":19545,"date":"2021-10-08T10:18:22","date_gmt":"2021-10-08T07:18:22","guid":{"rendered":"https:\/\/www.yeniterter.az\/?p=19545"},"modified":"2021-10-08T15:36:13","modified_gmt":"2021-10-08T12:36:13","slug":"mubariz-ibrahimov-kuc%c9%99sinin-t%c9%99mird%c9%99n-sonra-acilisi-olub","status":"publish","type":"post","link":"https:\/\/yeniterter.az\/?p=19545","title":{"rendered":"M\u00dcBAR\u0130Z \u0130BRAH\u0130MOV K\u00dc\u00c7\u018fS\u0130N\u0130N T\u018fM\u0130RD\u018fN SONRA A\u00c7ILI\u015eI OLUB"},"content":{"rendered":"<p><img decoding=\"async\" loading=\"lazy\" class=\"size-medium wp-image-19546 alignleft\" src=\"http:\/\/www.yeniterter.az\/wp-content\/uploads\/TIH_5029-\u041a\u043e\u043f\u0438\u0440\u043e\u0432\u0430\u0442\u044c-300x200.jpg\" alt=\"\" width=\"300\" height=\"200\" srcset=\"https:\/\/yeniterter.az\/wp-content\/uploads\/TIH_5029-\u041a\u043e\u043f\u0438\u0440\u043e\u0432\u0430\u0442\u044c-300x200.jpg 300w, https:\/\/yeniterter.az\/wp-content\/uploads\/TIH_5029-\u041a\u043e\u043f\u0438\u0440\u043e\u0432\u0430\u0442\u044c-1024x683.jpg 1024w, https:\/\/yeniterter.az\/wp-content\/uploads\/TIH_5029-\u041a\u043e\u043f\u0438\u0440\u043e\u0432\u0430\u0442\u044c-768x512.jpg 768w, https:\/\/yeniterter.az\/wp-content\/uploads\/TIH_5029-\u041a\u043e\u043f\u0438\u0440\u043e\u0432\u0430\u0442\u044c.jpg 1151w\" sizes=\"(max-width: 300px) 100vw, 300px\" \/>Respublikam\u0131z\u0131n \u0259razi b\u00fct\u00f6vl\u00fcy\u00fc u\u011frunda ged\u0259n d\u00f6y\u00fc\u015fl\u0259rd\u0259 T\u0259rt\u0259r rayonunda q\u0259hr\u0259mancas\u0131na \u015f\u0259hid olmu\u015f, Az\u0259rbaycan\u0131n Milli Q\u0259hr\u0259man\u0131 M\u00fcbariz \u0130brahimovun ad\u0131 veril\u0259n k\u00fc\u00e7\u0259d\u0259 \u0259sasl\u0131 t\u0259mir i\u015fl\u0259rind\u0259n sonra baralyefinin a\u00e7\u0131l\u0131\u015f\u0131 olub.<br \/>\nT\u0259dbird\u0259 \u00e7\u0131x\u0131\u015f ed\u0259n rayon \u0130cra Hakimiyy\u0259tinin ba\u015f\u00e7\u0131s\u0131 M\u00fcst\u0259qim M\u0259mm\u0259dov \u015f\u0259hid M\u00fcbariz \u0130brahimovun q\u0259hr\u0259manl\u0131\u011f\u0131 haqq\u0131nda \u0259trafl\u0131 dan\u0131\u015f\u0131b.<br \/>\n\u00d6lk\u0259 ba\u015f\u00e7\u0131s\u0131n\u0131n m\u00fcvafiq s\u0259r\u0259ncam\u0131 il\u0259 \u00f6l\u00fcm\u00fcnd\u0259n sonra M\u00fcbariz \u0130brahimova \u201cAz\u0259rbaycan\u0131n Milli Q\u0259hr\u0259man\u0131\u201d ad\u0131 verilib.<br \/>\nSonra \u015f\u0259hidin ad\u0131n\u0131 da\u015f\u0131yan k\u00fc\u00e7\u0259y\u0259 vurulmu\u015f barelyefin \u00fcz\u0259rind\u0259n a\u011f \u00f6rt\u00fck g\u00f6t\u00fcr\u00fcl\u00fcb.<br \/>\nT\u0259dbir i\u015ftirak\u00e7\u0131lar\u0131 barelyefin \u00f6n\u00fcn\u0259 t\u0259r g\u00fcl d\u0259st\u0259l\u0259ri d\u00fcz\u0259r\u0259k xatir\u0259sini ehtiramla an\u0131blar.<br \/>\nT\u0259dbir \u015f\u0259hidin ad\u0131n\u0131 da\u015f\u0131yan k\u00fc\u00e7\u0259d\u0259 a\u011fac\u0259km\u0259 aksiyas\u0131 il\u0259 davam edib. Aksiya \u00e7\u0259r\u00e7iv\u0259sind\u0259 k\u00fc\u00e7\u0259y\u0259 235 \u0259d\u0259d Eldar \u015fam\u0131 v\u0259 50 min \u0259d\u0259d t\u0259kg\u00f6z kolu \u0259kilib.<\/p>\n<p>&nbsp;<\/p>\n","protected":false},"excerpt":{"rendered":"<p>Respublikam\u0131z\u0131n \u0259razi b\u00fct\u00f6vl\u00fcy\u00fc u\u011frunda ged\u0259n d\u00f6y\u00fc\u015fl\u0259rd\u0259 T\u0259rt\u0259r rayonunda q\u0259hr\u0259mancas\u0131na \u015f\u0259hid olmu\u015f, Az\u0259rbaycan\u0131n Milli Q\u0259hr\u0259man\u0131 M\u00fcbariz \u0130brahimovun ad\u0131 veril\u0259n k\u00fc\u00e7\u0259d\u0259 \u0259sasl\u0131 t\u0259mir i\u015fl\u0259rind\u0259n sonra baralyefinin a\u00e7\u0131l\u0131\u015f\u0131 olub. T\u0259dbird\u0259 \u00e7\u0131x\u0131\u015f ed\u0259n rayon \u0130cra Hakimiyy\u0259tinin ba\u015f\u00e7\u0131s\u0131 M\u00fcst\u0259qim M\u0259mm\u0259dov \u015f\u0259hid M\u00fcbariz \u0130brahimovun q\u0259hr\u0259manl\u0131\u011f\u0131 haqq\u0131nda \u0259trafl\u0131 dan\u0131\u015f\u0131b. \u00d6lk\u0259 ba\u015f\u00e7\u0131s\u0131n\u0131n m\u00fcvafiq s\u0259r\u0259ncam\u0131 il\u0259 \u00f6l\u00fcm\u00fcnd\u0259n sonra M\u00fcbariz \u0130brahimova \u201cAz\u0259rbaycan\u0131n Milli Q\u0259hr\u0259man\u0131\u201d ad\u0131 [&hellip;]<\/p>\n","protected":false},"author":2,"featured_media":0,"comment_status":"closed","ping_status":"closed","sticky":false,"template":"","format":"standard","meta":[],"categories":[1],"tags":[],"_links":{"self":[{"href":"https:\/\/yeniterter.az\/index.php?rest_route=\/wp\/v2\/posts\/19545"}],"collection":[{"href":"https:\/\/yeniterter.az\/index.php?rest_route=\/wp\/v2\/posts"}],"about":[{"href":"https:\/\/yeniterter.az\/index.php?rest_route=\/wp\/v2\/types\/post"}],"author":[{"embeddable":true,"href":"https:\/\/yeniterter.az\/index.php?rest_route=\/wp\/v2\/users\/2"}],"replies":[{"embeddable":true,"href":"https:\/\/yeniterter.az\/index.php?rest_route=%2Fwp%2Fv2%2Fcomments&post=19545"}],"version-history":[{"count":2,"href":"https:\/\/yeniterter.az\/index.php?rest_route=\/wp\/v2\/posts\/19545\/revisions"}],"predecessor-version":[{"id":19603,"href":"https:\/\/yeniterter.az\/index.php?rest_route=\/wp\/v2\/posts\/19545\/revisions\/19603"}],"wp:attachment":[{"href":"https:\/\/yeniterter.az\/index.php?rest_route=%2Fwp%2Fv2%2Fmedia&parent=19545"}],"wp:term":[{"taxonomy":"category","embeddable":true,"href":"https:\/\/yeniterter.az\/index.php?rest_route=%2Fwp%2Fv2%2Fcategories&post=19545"},{"taxonomy":"post_tag","embeddable":true,"href":"https:\/\/yeniterter.az\/index.php?rest_route=%2Fwp%2Fv2%2Ftags&post=19545"}],"curies":[{"name":"wp","href":"https:\/\/api.w.org\/{rel}","templated":true}]}}