{"id":17433,"date":"2021-02-26T09:41:19","date_gmt":"2021-02-26T06:41:19","guid":{"rendered":"http:\/\/www.yeniterter.az\/?p=17433"},"modified":"2021-02-26T09:41:59","modified_gmt":"2021-02-26T06:41:59","slug":"t%c9%99rt%c9%99r-rayon-prokurorlugunun-mulki-sakinl%c9%99r%c9%99-muraci%c9%99ti","status":"publish","type":"post","link":"https:\/\/yeniterter.az\/?p=17433","title":{"rendered":"T\u018fRT\u018fR RAYON PROKURORLU\u011eUNUN M\u00dcLK\u0130 SAK\u0130NL\u018fR\u018f M\u00dcRAC\u0130\u018fT\u0130"},"content":{"rendered":"<p>M\u0259lum oldu\u011fu kimi M\u00fcz\u0259ff\u0259r Ali Ba\u015f Komandan\u0131m\u0131z \u0130lham \u018fliyevin r\u0259hb\u0259rliyi il\u0259 Az\u0259rbaycan xalq\u0131 V\u0259t\u0259n m\u00fcharib\u0259sind\u0259 parlaq q\u0259l\u0259b\u0259l\u0259r qazanaraq, r\u0259\u015fad\u0259tli ordumuz t\u0259r\u0259find\u0259n i\u015f\u011fal alt\u0131ndak\u0131 torpaqlar\u0131m\u0131z azad edilmi\u015fdir.<br \/>\nM\u0259nfur d\u00fc\u015fm\u0259n i\u015f\u011fal d\u00f6vr\u00fcnd\u0259 \u015f\u0259h\u0259r v\u0259 k\u0259ndl\u0259rimizi, tarixi, dini, milli-m\u0259d\u0259niyy\u0259t abid\u0259l\u0259rimizi da\u011f\u0131daraq m\u0259hv etm\u0259kl\u0259 yana\u015f\u0131, eyni zamanda beyn\u0259lxalq humanitar h\u00fcquq normalar\u0131n\u0131n t\u0259l\u0259bl\u0259rin\u0259 zidd olaraq b\u00fct\u00fcn \u0259razil\u0259ri minalam\u0131\u015fd\u0131r.<br \/>\nAzad edilmi\u015f torpaqlarda Az\u0259rbaycan Respublikas\u0131n\u0131n Prezidenti c\u0259nab \u0130lham \u018fliyev t\u0259r\u0259find\u0259n minat\u0259mizl\u0259m\u0259 i\u015fl\u0259ri birinci d\u0259r\u0259c\u0259li v\u0259zif\u0259 elan olunmaqla, haz\u0131rda bu \u0259razil\u0259rd\u0259 mina v\u0259 partlamam\u0131\u015f h\u0259rbi sursatlar\u0131n t\u0259mizl\u0259nm\u0259si \u0259m\u0259liyyat\u0131 planl\u0131 sur\u0259td\u0259 davam edir.<br \/>\nBa\u015f Prokurorluq v\u0259 dig\u0259r d\u00f6vl\u0259t qurumlar\u0131 t\u0259r\u0259find\u0259n d\u0259f\u0259l\u0259rl\u0259 x\u0259b\u0259rdarl\u0131q olunmas\u0131na baxmayaraq, i\u015f\u011faldan azad olunmu\u015f \u0259razil\u0259r\u0259 icaz\u0259siz daxil olur v\u0259 bunun n\u0259tic\u0259sind\u0259 mina v\u0259 partlamam\u0131\u015f h\u0259rbi sursat t\u0259hl\u00fck\u0259si riskin\u0259 m\u0259ruz qal\u0131rlar.<!--more--><br \/>\nM\u00fcvafiq icaz\u0259 almadan, el\u0259c\u0259 d\u0259 n\u0259zar\u0259t postlar\u0131ndan k\u0259nar yollarla i\u015f\u011faldan azad edilmi\u015f \u0259razil\u0259r\u0259 m\u00fclki \u015f\u0259xsl\u0259rin ke\u00e7m\u0259l\u0259rinin onlar\u0131n h\u0259yat v\u0259 sa\u011flaml\u0131qlar\u0131 \u00fc\u00e7\u00fcn ciddi t\u0259hl\u00fck\u0259 olmas\u0131 v\u0259 buna g\u00f6r\u0259 d\u0259 bel\u0259 h\u0259r\u0259k\u0259tl\u0259rd\u0259n \u00e7\u0259kinm\u0259l\u0259ri bar\u0259d\u0259 x\u0259b\u0259rdarl\u0131q edilm\u0259sin\u0259 baxmayaraq, h\u0259l\u0259 d\u0259 ayr\u0131-ayr\u0131 \u015f\u0259xsl\u0259rin \u00f6z h\u0259yat v\u0259 sa\u011flaml\u0131qlar\u0131n\u0131 t\u0259hl\u00fck\u0259 qar\u015f\u0131s\u0131nda qoyaraq k\u0259nar yollarla i\u015f\u011faldan azad olunmu\u015f, lakin minalardan tam t\u0259mizl\u0259nm\u0259mi\u015f \u0259razil\u0259r\u0259 daxil olmalar\u0131 bar\u0259d\u0259 faktlara h\u0259l\u0259 d\u0259 tez-tez rast g\u0259linir. Bu c\u00fcr t\u0259hl\u00fck\u0259li hallar\u0131n qar\u015f\u0131s\u0131n\u0131n vaxt\u0131nda al\u0131nmas\u0131 m\u0259qs\u0259dil\u0259 aidiyy\u0259ti d\u00f6vl\u0259t qurumlar\u0131n\u0131n, o c\u00fcml\u0259d\u0259n h\u00fcquq m\u00fchafiz\u0259 orqanlar\u0131n\u0131n \u0259m\u0259kda\u015flar\u0131 t\u0259r\u0259find\u0259n z\u0259ruri qabaqlay\u0131c\u0131 profilaktik t\u0259dbirl\u0259r h\u0259yata ke\u00e7irilir, qanunsuz yollarla \u0259razil\u0259r\u0259 ke\u00e7\u0259n \u015f\u0259xsl\u0259r a\u015fkar edil\u0259r\u0259k, bar\u0259l\u0259rind\u0259 qanunvericiliyin t\u0259l\u0259bin\u0259 uy\u011fun t\u0259dbirl\u0259r g\u00f6r\u00fcl\u00fcr.<br \/>\nHaz\u0131rda bu \u0259razil\u0259rd\u0259 mina v\u0259 partlamam\u0131\u015f h\u0259rbi sursatlar\u0131n t\u0259mizl\u0259nm\u0259si \u0259m\u0259liyyatlar\u0131 davam etdirilir. Odur ki, bir daha v\u0259t\u0259nda\u015flar\u0131m\u0131z\u0131 \u0259razil\u0259rin minalardan tam t\u0259mizl\u0259nm\u0259si i\u015fi ba\u015fa \u00e7atanad\u0259k bel\u0259 s\u0259f\u0259rl\u0259rd\u0259n \u00e7\u0259kinm\u0259y\u0259 \u00e7a\u011f\u0131r\u0131r\u0131q. \u018fks-t\u0259qdird\u0259 bel\u0259 s\u0259f\u0259rl\u0259r onlar\u0131n h\u0259yat v\u0259 sa\u011flaml\u0131qlar\u0131n\u0131 itirm\u0259l\u0259ri il\u0259 yekunla\u015fa bil\u0259r.<\/p>\n","protected":false},"excerpt":{"rendered":"<p>M\u0259lum oldu\u011fu kimi M\u00fcz\u0259ff\u0259r Ali Ba\u015f Komandan\u0131m\u0131z \u0130lham \u018fliyevin r\u0259hb\u0259rliyi il\u0259 Az\u0259rbaycan xalq\u0131 V\u0259t\u0259n m\u00fcharib\u0259sind\u0259 parlaq q\u0259l\u0259b\u0259l\u0259r qazanaraq, r\u0259\u015fad\u0259tli ordumuz t\u0259r\u0259find\u0259n i\u015f\u011fal alt\u0131ndak\u0131 torpaqlar\u0131m\u0131z azad edilmi\u015fdir. M\u0259nfur d\u00fc\u015fm\u0259n i\u015f\u011fal d\u00f6vr\u00fcnd\u0259 \u015f\u0259h\u0259r v\u0259 k\u0259ndl\u0259rimizi, tarixi, dini, milli-m\u0259d\u0259niyy\u0259t abid\u0259l\u0259rimizi da\u011f\u0131daraq m\u0259hv etm\u0259kl\u0259 yana\u015f\u0131, eyni zamanda beyn\u0259lxalq humanitar h\u00fcquq normalar\u0131n\u0131n t\u0259l\u0259bl\u0259rin\u0259 zidd olaraq b\u00fct\u00fcn \u0259razil\u0259ri minalam\u0131\u015fd\u0131r. Azad edilmi\u015f [&hellip;]<\/p>\n","protected":false},"author":2,"featured_media":0,"comment_status":"closed","ping_status":"closed","sticky":false,"template":"","format":"standard","meta":[],"categories":[10],"tags":[],"_links":{"self":[{"href":"https:\/\/yeniterter.az\/index.php?rest_route=\/wp\/v2\/posts\/17433"}],"collection":[{"href":"https:\/\/yeniterter.az\/index.php?rest_route=\/wp\/v2\/posts"}],"about":[{"href":"https:\/\/yeniterter.az\/index.php?rest_route=\/wp\/v2\/types\/post"}],"author":[{"embeddable":true,"href":"https:\/\/yeniterter.az\/index.php?rest_route=\/wp\/v2\/users\/2"}],"replies":[{"embeddable":true,"href":"https:\/\/yeniterter.az\/index.php?rest_route=%2Fwp%2Fv2%2Fcomments&post=17433"}],"version-history":[{"count":2,"href":"https:\/\/yeniterter.az\/index.php?rest_route=\/wp\/v2\/posts\/17433\/revisions"}],"predecessor-version":[{"id":17435,"href":"https:\/\/yeniterter.az\/index.php?rest_route=\/wp\/v2\/posts\/17433\/revisions\/17435"}],"wp:attachment":[{"href":"https:\/\/yeniterter.az\/index.php?rest_route=%2Fwp%2Fv2%2Fmedia&parent=17433"}],"wp:term":[{"taxonomy":"category","embeddable":true,"href":"https:\/\/yeniterter.az\/index.php?rest_route=%2Fwp%2Fv2%2Fcategories&post=17433"},{"taxonomy":"post_tag","embeddable":true,"href":"https:\/\/yeniterter.az\/index.php?rest_route=%2Fwp%2Fv2%2Ftags&post=17433"}],"curies":[{"name":"wp","href":"https:\/\/api.w.org\/{rel}","templated":true}]}}