{"id":1626,"date":"2015-11-05T12:14:15","date_gmt":"2015-11-05T09:14:15","guid":{"rendered":"http:\/\/www.yeniterter.az\/?p=1626"},"modified":"2015-11-12T11:00:47","modified_gmt":"2015-11-12T08:00:47","slug":"bacariqli-komandir","status":"publish","type":"post","link":"https:\/\/yeniterter.az\/?p=1626","title":{"rendered":"BACARIQLI KOMAND\u0130R"},"content":{"rendered":"<p><a href=\"http:\/\/www.yeniterter.az\/wp-content\/uploads\/\u0418\u0437\u043e\u0431\u0440\u0430\u0436\u0435\u043d\u0438\u0435-0851.jpg\"><img decoding=\"async\" loading=\"lazy\" class=\"  wp-image-1627 alignleft\" src=\"http:\/\/www.yeniterter.az\/wp-content\/uploads\/\u0418\u0437\u043e\u0431\u0440\u0430\u0436\u0435\u043d\u0438\u0435-0851-217x300.jpg\" alt=\"\u0418\u0437\u043e\u0431\u0440\u0430\u0436\u0435\u043d\u0438\u0435 085\" width=\"77\" height=\"107\" srcset=\"https:\/\/yeniterter.az\/wp-content\/uploads\/\u0418\u0437\u043e\u0431\u0440\u0430\u0436\u0435\u043d\u0438\u0435-0851-217x300.jpg 217w, https:\/\/yeniterter.az\/wp-content\/uploads\/\u0418\u0437\u043e\u0431\u0440\u0430\u0436\u0435\u043d\u0438\u0435-0851-739x1024.jpg 739w, https:\/\/yeniterter.az\/wp-content\/uploads\/\u0418\u0437\u043e\u0431\u0440\u0430\u0436\u0435\u043d\u0438\u0435-0851.jpg 1824w\" sizes=\"(max-width: 77px) 100vw, 77px\" \/><\/a>Torpaqlar\u0131m\u0131z\u0131n m\u0259nfur erm\u0259nil\u0259rin h\u00fccumundan qorunmas\u0131nda m\u0259rdlikl\u0259 vuru\u015fan y\u00fczl\u0259rl\u0259 v\u0259t\u0259n o\u011fullar\u0131ndan biri d\u0259 Qalal\u0131 H\u00fcseynovdur. O, 1963-c\u00fc ild\u0259 rayonumuzun Qarada\u011fl\u0131 k\u0259ndind\u0259 anadan olub. 1980-ci ild\u0259 ya\u015fad\u0131\u011f\u0131 k\u0259nd orta m\u0259kt\u0259bini bitir\u0259nd\u0259n sonra h\u0259rbi xidm\u0259t\u0259 gedib. Sonra qiyabi yolla Az\u0259rbaycan K\u0259nd T\u0259s\u0259rr\u00fcfat\u0131 Akademiyas\u0131n\u0131n mexanikl\u0259\u015fdirm\u0259 fak\u00fclt\u0259sini qurtararaq m\u00fch\u0259ndis ixtisas\u0131n\u0131 al\u0131b.<!--more--><br \/>\nSonra Frunze ad\u0131na kolxozda t\u0259mir mexaniki i\u015fl\u0259yib.<br \/>\nO zamank\u0131 SSR\u0130 m\u0259kan\u0131nda h\u0259rbi xidm\u0259t ke\u00e7\u0259n Qalal\u0131n\u0131n \u00e7evikliyi, silahlardan yax\u015f\u0131 ba\u015f \u00e7\u0131xarmas\u0131 h\u0259rbi hiss\u0259nin zabit v\u0259 komandirl\u0259rinin diqq\u0259tind\u0259n yay\u0131nmay\u0131b. D\u0259f\u0259l\u0259rl\u0259 t\u0259ltif olunub, ail\u0259l\u0259rin\u0259 h\u0259rbi hiss\u0259 komandanl\u0131\u011f\u0131 t\u0259r\u0259find\u0259n t\u0259\u015f\u0259kk\u00fcr m\u0259ktubu g\u0259lib.<br \/>\nErm\u0259nil\u0259rin v\u0259t\u0259nimiz\u0259 h\u00fccumu, onlar\u0131n torpaq iddias\u0131 h\u0259r bir az\u0259rbaycanl\u0131 g\u0259nci kimi Qalal\u0131n\u0131 da sakit buraxmay\u0131b. 1993-ci ilin sonlar\u0131na yax\u0131n k\u00f6n\u00fcll\u00fc olaraq T\u0259rt\u0259r \u00d6z\u00fcn\u00fcm\u00fcdafi\u0259 batalyonuna yaz\u0131l\u0131b.<br \/>\nZabit kimi Qalal\u0131 I b\u00f6l\u00fcy\u00fcn komandiri t\u0259yin olunub. Bir s\u0131ra g\u0259rgin d\u00f6y\u00fc\u015fl\u0259rd\u0259 vuru\u015fub. A\u011fd\u0259r\u0259 il\u0259 A\u011fdam istiqam\u0259tind\u0259 ged\u0259n vuru\u015fmalarda igidlik g\u00f6st\u0259rib. Qalal\u0131 deyir ki, 1994-ci ilin 21 aprel g\u00fcn\u00fc he\u00e7 zaman yad\u0131mdan \u00e7\u0131xmaz. H\u0259min g\u00fcn ax\u015fam 30 n\u0259f\u0259r d\u00f6y\u00fc\u015f\u00e7\u00fc il\u0259 A\u011fdam\u0131n G\u00fcll\u00fcc\u0259 k\u0259ndin\u0259 g\u0259ldik. S\u0259h\u0259r\u0259 yax\u0131n d\u00fc\u015fm\u0259n artilleriyas\u0131 \u00fcst\u00fcm\u00fcz\u0259 m\u0259rmi ya\u011fd\u0131rd\u0131. Bir sutkal\u0131q d\u00f6y\u00fc\u015fd\u0259 h\u0259r iki t\u0259r\u0259fd\u0259n xeyli itki oldu. Qalal\u0131 birg\u0259 d\u00f6y\u00fc\u015f yolu ke\u00e7diyi yolda\u015flar\u0131n\u0131, \u015f\u0259hid olanlar\u0131, yaralananlar\u0131 indi d\u0259 \u00fcr\u0259k a\u011fr\u0131s\u0131 il\u0259 xat\u0131rlay\u0131r.<br \/>\nQalal\u0131 H\u00fcseynov at\u0259\u015fk\u0259s rejimind\u0259n sonra 1995-ci ild\u0259 ordudan t\u0259xris olunub.<br \/>\nT\u0259rt\u0259r \u0130lk Pe\u015f\u0259 \u0130xtisas M\u0259kt\u0259bind\u0259 m\u00fc\u0259llim i\u015fl\u0259yir. O, bacar\u0131ql\u0131 zabit olmaqla yana\u015f\u0131, h\u0259m d\u0259 g\u00f6z\u0259l ail\u0259 ba\u015f\u00e7\u0131s\u0131d\u0131r. 3 \u00f6v-lad\u0131 var. Ham\u0131s\u0131 ali t\u0259hsillidir.<br \/>\nOrduda g\u00f6st\u0259rdiyi igidlikl\u0259r\u0259 g\u00f6r\u0259 bir s\u0131ra d\u00f6\u015f ni\u015fanlar\u0131 v\u0259 f\u0259xri f\u0259rmanlar al\u0131b. Ondan arzular\u0131n\u0131 soru\u015fdum.<br \/>\nDedi ki, \u0259n b\u00f6y\u00fck arzum torpaqlar\u0131m\u0131z\u0131n geri qaytar\u0131lmas\u0131d\u0131r. Onda torpaq u\u011frunda \u015f\u0259hid olan v\u0259t\u0259n \u00f6vladlar\u0131n\u0131n ruhu sakitl\u0259\u015f\u0259r.<\/p>\n<h3 style=\"text-align: right;\"><strong><em>Mirz\u0259 N\u018fS\u0130R<\/em><\/strong><\/h3>\n","protected":false},"excerpt":{"rendered":"<p>Torpaqlar\u0131m\u0131z\u0131n m\u0259nfur erm\u0259nil\u0259rin h\u00fccumundan qorunmas\u0131nda m\u0259rdlikl\u0259 vuru\u015fan y\u00fczl\u0259rl\u0259 v\u0259t\u0259n o\u011fullar\u0131ndan biri d\u0259 Qalal\u0131 H\u00fcseynovdur. O, 1963-c\u00fc ild\u0259 rayonumuzun Qarada\u011fl\u0131 k\u0259ndind\u0259 anadan olub. 1980-ci ild\u0259 ya\u015fad\u0131\u011f\u0131 k\u0259nd orta m\u0259kt\u0259bini bitir\u0259nd\u0259n sonra h\u0259rbi xidm\u0259t\u0259 gedib. Sonra qiyabi yolla Az\u0259rbaycan K\u0259nd T\u0259s\u0259rr\u00fcfat\u0131 Akademiyas\u0131n\u0131n mexanikl\u0259\u015fdirm\u0259 fak\u00fclt\u0259sini qurtararaq m\u00fch\u0259ndis ixtisas\u0131n\u0131 al\u0131b.<\/p>\n","protected":false},"author":2,"featured_media":0,"comment_status":"closed","ping_status":"closed","sticky":false,"template":"","format":"standard","meta":[],"categories":[10],"tags":[20],"_links":{"self":[{"href":"https:\/\/yeniterter.az\/index.php?rest_route=\/wp\/v2\/posts\/1626"}],"collection":[{"href":"https:\/\/yeniterter.az\/index.php?rest_route=\/wp\/v2\/posts"}],"about":[{"href":"https:\/\/yeniterter.az\/index.php?rest_route=\/wp\/v2\/types\/post"}],"author":[{"embeddable":true,"href":"https:\/\/yeniterter.az\/index.php?rest_route=\/wp\/v2\/users\/2"}],"replies":[{"embeddable":true,"href":"https:\/\/yeniterter.az\/index.php?rest_route=%2Fwp%2Fv2%2Fcomments&post=1626"}],"version-history":[{"count":0,"href":"https:\/\/yeniterter.az\/index.php?rest_route=\/wp\/v2\/posts\/1626\/revisions"}],"wp:attachment":[{"href":"https:\/\/yeniterter.az\/index.php?rest_route=%2Fwp%2Fv2%2Fmedia&parent=1626"}],"wp:term":[{"taxonomy":"category","embeddable":true,"href":"https:\/\/yeniterter.az\/index.php?rest_route=%2Fwp%2Fv2%2Fcategories&post=1626"},{"taxonomy":"post_tag","embeddable":true,"href":"https:\/\/yeniterter.az\/index.php?rest_route=%2Fwp%2Fv2%2Ftags&post=1626"}],"curies":[{"name":"wp","href":"https:\/\/api.w.org\/{rel}","templated":true}]}}