{"id":16149,"date":"2020-08-08T11:05:57","date_gmt":"2020-08-08T08:05:57","guid":{"rendered":"http:\/\/www.yeniterter.az\/?p=16149"},"modified":"2020-08-08T11:05:57","modified_gmt":"2020-08-08T08:05:57","slug":"pandemiyaya-qarsi-mubariz%c9%99nin-musb%c9%99t-n%c9%99tic%c9%99l%c9%99ri-v%c9%99-sosial-iqtisadi-v%c9%99ziyy%c9%99tl%c9%99-bagli-gorul%c9%99n-t%c9%99dbirl%c9%99r","status":"publish","type":"post","link":"https:\/\/yeniterter.az\/?p=16149","title":{"rendered":"PANDEM\u0130YAYA QAR\u015eI M\u00dcBAR\u0130Z\u018fN\u0130N M\u00dcSB\u018fT N\u018fT\u0130C\u018fL\u018fR\u0130 V\u018f SOS\u0130AL \u2013 \u0130QT\u0130SAD\u0130 V\u018fZ\u0130YY\u018fTL\u018f BA\u011eLI G\u00d6R\u00dcL\u018fN T\u018fDB\u0130RL\u018fR"},"content":{"rendered":"<p><img decoding=\"async\" loading=\"lazy\" class=\" wp-image-16150 alignright\" src=\"http:\/\/www.yeniterter.az\/wp-content\/uploads\/15967038462688461930_1000x669-300x234.jpg\" alt=\"\" width=\"364\" height=\"284\" srcset=\"https:\/\/yeniterter.az\/wp-content\/uploads\/15967038462688461930_1000x669-300x234.jpg 300w, https:\/\/yeniterter.az\/wp-content\/uploads\/15967038462688461930_1000x669-768x598.jpg 768w, https:\/\/yeniterter.az\/wp-content\/uploads\/15967038462688461930_1000x669.jpg 859w\" sizes=\"(max-width: 364px) 100vw, 364px\" \/>H\u0259l\u0259 cari ilin \u0259vv\u0259ll\u0259rind\u0259n, \u00f6lk\u0259mizd\u0259 koronavirus infeksiyas\u0131 qeyd\u0259 al\u0131nmad\u0131\u011f\u0131 vaxtlardan Az\u0259rbaycan Respublikas\u0131n\u0131n Prezidenti \u0130lham \u018fliyevin tap\u015f\u0131r\u0131\u011f\u0131na \u0259sas\u0259n bu x\u0259st\u0259liyin yay\u0131lmamas\u0131 \u00fc\u00e7\u00fcn m\u00fc\u0259yy\u0259n t\u0259dbirl\u0259rin haz\u0131rlan\u0131b, h\u0259yata ke\u00e7irilm\u0259sin\u0259 ba\u015flanm\u0131\u015fd\u0131r. Bu m\u0259qs\u0259dl\u0259 x\u00fcsusi x\u0259st\u0259xanalar ayr\u0131lm\u0131\u015f, m\u00fcasir avadanl\u0131qlarla t\u0259chiz olunmu\u015f laboratoriyalar al\u0131n\u0131b g\u0259tirilmi\u015f v\u0259 dig\u0259r laz\u0131mi haz\u0131rl\u0131q i\u015fl\u0259ri g\u00f6r\u00fclm\u00fc\u015fd\u00fcr. Sonrak\u0131 c\u0259r\u0259yan ed\u0259n hadis\u0259l\u0259r \u00f6lk\u0259 Prezidentinin uzaqg\u00f6r\u0259nliyini bir daha t\u0259sdiq etmi\u015f v\u0259 pandemiyaya \u00e7evril\u0259n bu x\u0259st\u0259liyin geni\u015f yay\u0131lmamas\u0131 v\u0259 x\u0259st\u0259l\u0259rin m\u00fcalic\u0259 olunmas\u0131 \u00fc\u00e7\u00fcn h\u0259yata ke\u00e7irilm\u0259li olan vacib t\u0259dbirl\u0259r sah\u0259sind\u0259 Az\u0259rbaycanda he\u00e7 bir ciddi problem ya\u015fanmam\u0131\u015fd\u0131r.<\/p>\n<p>Prezident \u0130lham \u018fliyevin koronavirusla m\u00fcbariz\u0259 sah\u0259sind\u0259 g\u00f6r\u00fcl\u0259n t\u0259dbirl\u0259r v\u0259 sosial-iqtisadi v\u0259ziyy\u0259tl\u0259 ba\u011fl\u0131 ke\u00e7irdiyi m\u00fc\u015favir\u0259d\u0259 g\u00f6st\u0259rmi\u015fdir ki, koronavirusa qar\u015f\u0131 m\u00fcbariz\u0259 i\u015find\u0259 m\u00fcsb\u0259t dinamika m\u00fc\u015fahid\u0259 olunur. Bu m\u00fcsb\u0259t dinamika dem\u0259y\u0259 \u0259sas verir ki, g\u00f6r\u00fclm\u00fc\u015f b\u00fct\u00fcn t\u0259dbirl\u0259r m\u00fcsb\u0259t n\u0259tic\u0259 verir. Bu t\u0259dbirl\u0259r n\u0259tic\u0259sind\u0259 v\u0259ziyy\u0259t bu g\u00fcn\u0259 q\u0259d\u0259r n\u0259zar\u0259t alt\u0131ndad\u0131r. Son g\u00fcnl\u0259r yoluxanlar\u0131n say\u0131 sa\u011falanlar\u0131n say\u0131ndan xeyli a\u015fa\u011f\u0131d\u0131r.<\/p>\n<p>Koronavirus x\u0259st\u0259liyi bundan sonra da n\u0259zar\u0259t alt\u0131nda saxlan\u0131lacaq. \u0130lk g\u00fcnl\u0259rd\u0259n, bu x\u0259st\u0259lik meydana \u00e7\u0131xandan d\u0259rhal sonra b\u00fct\u00fcn laz\u0131mi qabaqlay\u0131c\u0131 t\u0259dbirl\u0259r g\u00f6r\u00fcld\u00fc. Bunun n\u0259tic\u0259sind\u0259 biz bu v\u0259ziyy\u0259td\u0259n az itkil\u0259rl\u0259 \u00e7\u0131x\u0131r\u0131q.<\/p>\n<p>Bu i\u015fd\u0259 h\u0259kiml\u0259rimizin \u00e7ox b\u00f6y\u00fck \u0259m\u0259yi vard\u0131r. M\u0259hz h\u0259kiml\u0259rin yorulmaz f\u0259aliyy\u0259ti n\u0259tic\u0259sind\u0259 Az\u0259rbaycanda bu x\u0259st\u0259likd\u0259n \u00f6l\u0259nl\u0259rin say\u0131 a\u015fa\u011f\u0131 s\u0259viyy\u0259d\u0259dir. Bu g\u00fcn 46 x\u0259st\u0259xana ancaq koronavirus x\u0259st\u0259l\u0259rin\u0259 xidm\u0259t g\u00f6st\u0259rir. H\u0259min x\u0259st\u0259xanalar\u0131n 41-i son 17 il \u0259rzind\u0259 tikilib v\u0259 ya \u0259sasl\u0131 \u015f\u0259kild\u0259 t\u0259mir edilib, m\u00fcasir avadanl\u0131qlarla t\u0259chiz olunub.<!--more--><\/p>\n<p>Bu m\u0259qs\u0259dl\u0259 modul tipli x\u0259st\u0259xanalar\u0131n tikintisi t\u0259\u015fkil edildi. Bu g\u00fcn\u0259 q\u0259d\u0259r modul tipli 9 x\u0259st\u0259xana istismara verilmi\u015fdir.<\/p>\n<p>F\u00f6vq\u0259lad\u0259 Hallar Nazirliyinin x\u0259tti il\u0259 800 \u00e7arpay\u0131l\u0131q bir x\u0259st\u0259xana istifad\u0259y\u0259 verildi, 1300 \u00e7arpay\u0131l\u0131q x\u0259st\u0259xana is\u0259 bu ay\u0131n sonuna q\u0259d\u0259r istifad\u0259y\u0259 veril\u0259c\u0259k. Bu da \u0259lav\u0259 2100 \u00e7arpay\u0131 dem\u0259kdir. \u0130ki Olimpiya \u0130dman Kompleksinin x\u0259st\u0259xanaya \u00e7evrilm\u0259si m\u0259s\u0259l\u0259l\u0259ri h\u0259ll edildi, q\u0131sa m\u00fcdd\u0259t \u0259rzind\u0259 haz\u0131r v\u0259ziyy\u0259t\u0259 g\u0259tirildi.<\/p>\n<p>Sonra Prezident demi\u015fdir ki,\u00a0 iqtisadi v\u0259 sosial m\u0259s\u0259l\u0259l\u0259r d\u0259 \u00f6z h\u0259llini tap\u0131r. Sad\u0259c\u0259 olaraq, son aylar \u0259rzind\u0259 g\u00f6r\u00fclm\u00fc\u015f i\u015fl\u0259r\u0259 baxmaq kifay\u0259t ed\u0259r ki, h\u0259r k\u0259s g\u00f6rs\u00fcn n\u0259 q\u0259d\u0259r b\u00f6y\u00fck i\u015fl\u0259r g\u00f6r\u00fcl\u00fcbd\u00fcr. 5 milyona yax\u0131n insan geni\u015f sosial paketl\u0259 \u0259hat\u0259 edildi.<\/p>\n<p>\u00d6lk\u0259mizd\u0259 \u00e7ox b\u00f6y\u00fck sosial layih\u0259l\u0259r h\u0259yata ke\u00e7irilir v\u0259 2020-ci ild\u0259 bu layih\u0259l\u0259rin h\u0259cmi rekord h\u0259dd\u0259 \u00e7at\u0131b. Bu il rekord sayda m\u0259cburi k\u00f6\u00e7k\u00fcn ail\u0259si evl\u0259rl\u0259, m\u0259nzill\u0259rl\u0259 t\u0259min olunacaq. Bu il bu imkandan 7 mind\u0259n \u00e7ox k\u00f6\u00e7k\u00fcn ail\u0259si faydalanacaq. Ordu s\u0131ralar\u0131nda q\u00fcsursuz xidm\u0259t etmi\u015f 400-d\u0259n \u00e7ox h\u0259rb\u00e7i d\u00f6vl\u0259t t\u0259r\u0259find\u0259n pulsuz m\u0259nzill\u0259rl\u0259 t\u0259min olunacaq.<\/p>\n<p>Prezident \u0130lham \u018fliyev v\u0259 birinci xan\u0131m Mehriban \u018fliyeva 2020-ci il iyulun 21-d\u0259 Bak\u0131n\u0131n X\u0259tai rayonunda \u015f\u0259hid ail\u0259l\u0259rin\u0259, m\u00fcharib\u0259 \u0259lill\u0259rin\u0259 m\u0259nzill\u0259rin v\u0259 avtomobill\u0259rin t\u0259qdim olunmas\u0131 m\u0259rasimind\u0259 i\u015ftirak ed\u0259rk\u0259n d\u0259 d\u00f6vl\u0259timizin ba\u015f\u00e7\u0131s\u0131 deyib: \u201cM\u00fcqayis\u0259 \u00fc\u00e7\u00fcn dey\u0259 bil\u0259r\u0259m ki, ke\u00e7\u0259n il 934 m\u0259nzil verilmi\u015fdir, bu il is\u0259 1500, ondan \u0259vv\u0259lki ill\u0259rd\u0259 t\u0259qrib\u0259n ild\u0259 500-600-700. Y\u0259ni, bu, onu g\u00f6st\u0259rir ki, bu problemi h\u0259ll etm\u0259k v\u0259 \u015f\u0259hid ail\u0259l\u0259rin\u0259, m\u00fcharib\u0259 \u0259lill\u0259rin\u0259 d\u00f6vl\u0259t t\u0259r\u0259find\u0259n n\u0259z\u0259rd\u0259 tutulmu\u015f evl\u0259rin t\u0259qdim edilm\u0259si \u00fc\u00e7\u00fcn \u00e7ox f\u0259al i\u015f apar\u0131l\u0131r. M\u0259n ist\u0259yir\u0259m ki, biz bu proqram\u0131 tezlikl\u0259 ba\u015fa \u00e7atd\u0131raq v\u0259 buna nail olaca\u011f\u0131q\u201d.<\/p>\n<p>Pandemiya d\u00f6vr\u00fc olmas\u0131na baxmayaraq, b\u00fct\u00fcn sosial proqramlar kimi, bu proqram da geni\u015fl\u0259ndirilir. Art\u0131q bu il 554 m\u0259nzil verilib. (t\u0259kc\u0259 son 20 g\u00fcn \u0259rzind\u0259 250 m\u0259nzil t\u0259qdim edilib). Dig\u0259r m\u0259nzill\u0259r v\u0259 f\u0259rdi evl\u0259r d\u0259 ilin sonunad\u0259k veril\u0259c\u0259k.\u00a0 \u0130ndiy\u0259d\u0259k \u015f\u0259hid ail\u0259l\u0259rin\u0259 v\u0259 m\u00fcharib\u0259 \u0259lill\u0259rin\u0259 8142 m\u0259nzil v\u0259 f\u0259rdi ev verilib.<\/p>\n<p>Az\u0259rbaycan\u0131n \u0259razi b\u00fct\u00f6vl\u00fcy\u00fc, m\u00fcst\u0259qilliyi v\u0259 konstitusiya qurulu\u015funun m\u00fcdafi\u0259si u\u011frunda d\u00f6y\u00fc\u015fl\u0259rd\u0259 \u0259lil olmu\u015f v\u0259t\u0259nda\u015flar\u0131n minik avtomobill\u0259ri il\u0259 t\u0259minat\u0131 da diqq\u0259td\u0259 saxlan\u0131l\u0131r. Prezident \u0130lham \u018fliyevin x\u00fcsusi qay\u011f\u0131s\u0131 n\u0259tic\u0259sind\u0259 bu istiqam\u0259td\u0259\u00a0 t\u0259dbirl\u0259r geni\u015f v\u00fcs\u0259t al\u0131r.<\/p>\n<p>\u018fm\u0259k v\u0259 \u018fhalinin Sosial M\u00fcdafi\u0259si Nazirliyi m\u00fcharib\u0259 \u0259lill\u0259ri v\u0259 onlara b\u0259rab\u0259r tutulan \u015f\u0259xsl\u0259r\u0259 2018-ci ild\u0259 265 avtomobil, 2019-cu ild\u0259 is\u0259 600 avtomobil verib. 2020-ci ild\u0259 d\u0259 400 avtomobilin verilm\u0259si n\u0259z\u0259rd\u0259 tutulub v\u0259 onlardan art\u0131q 150-si t\u0259qdim edilib.<\/p>\n<p>\u00dcmumilikd\u0259 is\u0259\u00a0 Nazirlik t\u0259r\u0259find\u0259n \u00f6t\u0259n d\u00f6vrd\u0259 m\u00fcharib\u0259 \u0259lill\u0259ri v\u0259 onlara b\u0259rab\u0259r tutulanlar\u0131n 6900\u00a0 minik avtomobili il\u0259 t\u0259minat\u0131 h\u0259yata ke\u00e7irilib.<\/p>\n<p>\u015e\u0259hid ail\u0259l\u0259ri Prezidentin ayl\u0131q t\u0259qa\u00fcd\u00fc il\u0259 t\u0259min olunurlar. Bu t\u0259qa\u00fcd 2019-cu ild\u0259 242 manatdan 300 manata \u00e7atd\u0131r\u0131l\u0131b. \u00dcmum\u0259n, \u00f6t\u0259n d\u00f6vrd\u0259 bu t\u0259qa\u00fcd\u00fcn m\u0259bl\u0259\u011fi\u00a0 3 d\u0259f\u0259 art\u0131r\u0131l\u0131b.<\/p>\n<p>\u015e\u0259hid v\u0259r\u0259s\u0259l\u0259rin\u0259 bird\u0259f\u0259lik \u00f6d\u0259m\u0259 (11 min manat) proqram\u0131 art\u0131q 100 faiz\u0259 yax\u0131n icra olunub: 12281 \u015f\u0259hid h\u0259rbi qulluq\u00e7unun v\u0259 \u015f\u0259hid polisin 18 mind\u0259n \u00e7ox\u00a0 v\u0259r\u0259s\u0259si \u00f6d\u0259m\u0259 il\u0259 t\u0259min edilib.<\/p>\n<p>Qaraba\u011f m\u00fcharib\u0259si \u0259lill\u0259ri \u0259lilliy\u0259 g\u00f6r\u0259 ayl\u0131q sosial m\u00fcavin\u0259t v\u0259 ya \u0259m\u0259k pensiyas\u0131 il\u0259 yana\u015f\u0131, Prezidentin ayl\u0131q t\u0259qa\u00fcdl\u0259ri il\u0259 d\u0259 t\u0259min edilirl\u0259r. Bu sosial \u00f6d\u0259ni\u015fl\u0259r d\u0259 \u00f6t\u0259n d\u00f6vrd\u0259 \u0259h\u0259miyy\u0259tli d\u0259r\u0259c\u0259d\u0259 art\u0131r\u0131l\u0131b, x\u00fcsusil\u0259 d\u0259 2019-cu ild\u0259 m\u00fcavin\u0259t v\u0259 t\u0259qa\u00fcdl\u0259rd\u0259 orta hesabla 100 faiz art\u0131m edilib.<\/p>\n<p>\u015e\u0259hid ail\u0259l\u0259rinin v\u0259 Qaraba\u011f m\u00fcharib\u0259si \u0259lill\u0259ri \u00f6vladlar\u0131n\u0131n respublikam\u0131z\u0131n ali t\u0259hsil m\u00fc\u0259ssis\u0259l\u0259rind\u0259 v\u0259 orta ixtisas t\u0259hsili m\u00fc\u0259ssis\u0259l\u0259rind\u0259 \u00f6d\u0259ni\u015fli \u0259saslarla t\u0259hsil alan u\u015faqlar\u0131n\u0131n t\u0259hsil m\u00fcdd\u0259ti \u0259rzind\u0259 t\u0259hsil haqq\u0131 d\u00f6vl\u0259t b\u00fcdc\u0259sinin v\u0259saiti hesab\u0131na \u00f6d\u0259nilir. \u00d6lk\u0259nin qanunvericiliyind\u0259 \u015f\u0259hid ail\u0259si \u00fczvl\u0259ri v\u0259 m\u00fcharib\u0259 \u0259lill\u0259ri \u00fc\u00e7\u00fcn bir s\u0131ra imtiyaz v\u0259 g\u00fcz\u0259\u015ftl\u0259r d\u0259 \u0259ksini tap\u0131b.<\/p>\n<p>2 milyon \u015f\u0259xs\u0259 sosial \u00f6d\u0259ni\u015fl\u0259rin davaml\u0131l\u0131\u011f\u0131 t\u0259min edilmi\u015fdir. 6 ayda \u00f6t\u0259n ill\u0259 m\u00fcqayis\u0259d\u0259 \u0259haliy\u0259 590 milyon manat (27%) \u00e7ox v\u0259sait \u00f6d\u0259nilmi\u015fdir.<\/p>\n<p><strong>\u00a0<\/strong>\u00dcnvanl\u0131 d\u00f6vl\u0259t sosial yard\u0131m\u0131 1 aprel tarixi il\u0259 m\u00fcqayis\u0259d\u0259 15 min ail\u0259 artaraq 85 min ail\u0259y\u0259 (v\u0259 ya 350 min \u015f\u0259xs) verilmi\u015fdir. Ayl\u0131q orta m\u0259bl\u0259\u011f 225 manat.<\/p>\n<p>15 mind\u0259n \u00e7ox 65 ya\u015fdan yuxar\u0131 t\u0259nha v\u0259 \u0259lil \u015f\u0259xs\u0259 evind\u0259 sosial xidm\u0259t g\u00f6st\u0259rilmi\u015fdir. Sosial xidm\u0259t m\u00fc\u0259ssis\u0259l\u0259rind\u0259 1000-d\u0259k \u015f\u0259xs\u0259 stasionar xidm\u0259t g\u00f6st\u0259rilir.<\/p>\n<p>Sosial t\u0259r\u0259fda\u015flar\u0131n d\u0259st\u0259yi il\u0259 100 min ail\u0259y\u0259 2 d\u0259f\u0259 \u0259rzaq pay\u0131 verilmi\u015fdir.<\/p>\n<p>M\u00fcdd\u0259ti bit\u0259n \u0259lilliyi olan \u015f\u0259xsl\u0259r, i\u015fsizlikd\u0259n s\u0131\u011forta alanlar, pe\u015f\u0259 haz\u0131rl\u0131\u011f\u0131na c\u0259lb olunanlar \u00fc\u00e7\u00fcn (c\u0259mi 16 min n\u0259f\u0259r) \u00f6d\u0259ni\u015f 2 ayl\u0131q uzad\u0131lm\u0131\u015fd\u0131r. \u018fhaliy\u0259 g\u00fcz\u0259\u015ftli elektrik enerjisi limiti aprel-may aylar\u0131nda ayl\u0131q 100 kvts. h\u0259cmind\u0259 art\u0131r\u0131lm\u0131\u015fd\u0131r.<\/p>\n<p>M\u0259\u015f\u011fulluq v\u0259 sosial rifaha d\u0259st\u0259k t\u0259dbirl\u0259ri t\u0259qrib\u0259n 5 milyon n\u0259f\u0259ri \u0259hat\u0259 edir: D\u00f6vl\u0259t sektoru \u00fczr\u0259 900 min n\u0259f\u0259rin (80%-i i\u015f\u0259 \u00e7\u0131xmasa da) i\u015f yeri v\u0259 \u0259m\u0259k haqlar\u0131 qorunub.<\/p>\n<p>\u00d6z\u0259l sektor \u00fczr\u0259 760 min n\u0259f\u0259rin i\u015fsizlikl\u0259 \u00fczl\u0259\u015fm\u0259sinin qar\u015f\u0131s\u0131 al\u0131n\u0131b. \u0130lin \u0259vv\u0259lind\u0259n \u0259m\u0259k m\u00fcqavil\u0259l\u0259rinin say\u0131 120 min (19%), \u0259m\u0259k haqq\u0131 fondu 15%\u00a0 art\u0131b.<\/p>\n<p>\u0130\u015fsizl\u0259r v\u0259 x\u00fcsusi karantin rejimin\u0259 g\u00f6r\u0259 g\u0259lirini itir\u0259n qeyri-formal i\u015fl\u0259y\u0259n \u015f\u0259xsl\u0259r\u0259 190 manat (ya\u015fay\u0131\u015f minimumu) bird\u0259f\u0259lik \u00f6d\u0259m\u0259 q\u0131sa vaxtda h\u0259yata ke\u00e7irilib- aprel-may aylar\u0131nda \u00f6lk\u0259 \u00fczr\u0259 600 min \u015f\u0259xs\u0259 225 milyon manat \u00f6d\u0259nilib.<\/p>\n<p>\u0130yul ay\u0131nda s\u0259rt karantin rejimi t\u0259tbiq edil\u0259n 16 \u015f\u0259h\u0259r v\u0259 rayon \u00fczr\u0259 290 min \u015f\u0259xs\u0259 55 milyon manat v\u0259sait s\u0259rf olunub.<\/p>\n<p>Avqust ay\u0131nda da onlara 190 manat \u00f6d\u0259nil\u0259c\u0259k. \u00d6d\u0259m\u0259 h\u0259min \u015f\u0259h\u0259r v\u0259 rayonlar \u00fczr\u0259 278 min n\u0259f\u0259ri \u0259hat\u0259 ed\u0259c\u0259k v\u0259 bunun \u00fc\u00e7\u00fcn 53 milyon manat \u00f6d\u0259nil\u0259c\u0259k.<\/p>\n<p>Prezident daha sonra g\u00f6st\u0259rib ki, b\u0259zi inki\u015faf etmi\u015f \u00f6lk\u0259l\u0259rd\u0259 iqtisadi t\u0259n\u0259zz\u00fcl 10 faiz, 14 faiz, 20 faiz, ondan da \u00e7oxdur. \u018flb\u0259tt\u0259 ki, bu \u00f6lk\u0259l\u0259r\u0259 baxd\u0131qda bizd\u0259 v\u0259ziyy\u0259t daha yax\u015f\u0131d\u0131r.<\/p>\n<p>Sahibkarlara d\u0259st\u0259k bundan sonra daha da \u015f\u0259ffaf v\u0259 m\u00fct\u0259\u015f\u0259kkil qaydada g\u00f6st\u0259ril\u0259c\u0259kdir. Sahibkarlar t\u0259r\u0259find\u0259n d\u0259 t\u0259qdim edil\u0259n layih\u0259l\u0259r g\u0259r\u0259k real bazar\u0131 n\u0259z\u0259r\u0259 als\u0131n, h\u0259m daxili bazar\u0131, h\u0259m xarici bazar\u0131.<\/p>\n<p>Vergil\u0259rin 75 faizi \u00f6z\u0259l sektorda formala\u015f\u0131r. \u018fg\u0259r vergi sistemind\u0259 ciddi islahatlar apar\u0131lmasayd\u0131, bu vergil\u0259r y\u0131\u011f\u0131lmayacaqd\u0131. M\u0259hz bu sah\u0259d\u0259 apar\u0131lan islahatlar n\u0259tic\u0259sind\u0259 biz 6 ay \u0259rzind\u0259 proqnozdan \u0259lav\u0259 v\u0259sait y\u0131\u011fa bildik.<\/p>\n<p>X\u00fcsusil\u0259 d\u00f6vl\u0259t \u015firk\u0259tl\u0259rind\u0259 (qaz, su, elektrik enerjisi v\u0259\u00a0 s.) itkil\u0259r aradan qald\u0131r\u0131lmal\u0131d\u0131r. D\u00f6vl\u0259t \u015firk\u0259tl\u0259rinin itkil\u0259rinin d\u00f6vl\u0259tin hesab\u0131na aradan qald\u0131r\u0131lmas\u0131 tendensiyas\u0131na son qoyulmal\u0131d\u0131r. D\u00f6vl\u0259t \u015firk\u0259tl\u0259rinin normal korporativ idar\u0259etm\u0259 \u0259sas\u0131nda i\u015fl\u0259m\u0259si t\u0259min olunmal\u0131d\u0131r.<\/p>\n<p>Dig\u0259r m\u0259s\u0259l\u0259 b\u00fct\u00f6vl\u00fckd\u0259 iqtisadiyyat\u0131n liberalla\u015fd\u0131r\u0131lmas\u0131 il\u0259 ba\u011fl\u0131d\u0131r. Biz buna da getm\u0259liyik. Son vaxtlar bu sah\u0259d\u0259 apar\u0131lan m\u00fczakir\u0259l\u0259r dem\u0259y\u0259 \u0259sas verir ki, art\u0131q ciddi add\u0131mlar\u0131n at\u0131lmas\u0131 lab\u00fcdd\u00fcr. \u00d6z\u0259ll\u0259\u015fdirm\u0259 sah\u0259sind\u0259 daha geni\u015f islahatlar apar\u0131lmal\u0131d\u0131r. H\u0259m \u00f6z\u0259l, h\u0259m d\u0259 xarici \u015firk\u0259tl\u0259ri biz maraqland\u0131rmal\u0131y\u0131q.<\/p>\n<p>Ancaq bu yolla bu m\u00fc\u0259ssis\u0259l\u0259r i\u015f\u0259 sal\u0131na bil\u0259r. \u00c7\u00fcnki Bak\u0131 \u015f\u0259h\u0259rind\u0259 sovet vaxt\u0131ndan qalan n\u0259 q\u0259d\u0259r da\u011f\u0131lm\u0131\u015f m\u00fc\u0259ssis\u0259l\u0259r var. Onlar\u0131n b\u00f6y\u00fck \u0259razil\u0259ri var. O \u0259razil\u0259rd\u0259 h\u0259m yeni s\u0259naye m\u00fc\u0259ssis\u0259l\u0259ri yarad\u0131la bil\u0259r. Ekoloji standartlar\u0131 tam g\u00f6zl\u0259m\u0259k \u015f\u0259rti il\u0259 \u015f\u0259h\u0259rsalma il\u0259 \u0259laq\u0259dar burada b\u00f6y\u00fck layih\u0259l\u0259r icra oluna bil\u0259r.<\/p>\n<p>\u0130nvestorlar\u0131 c\u0259lb etm\u0259k laz\u0131md\u0131r. \u00d6z puluna \u0259razini abadla\u015fd\u0131rs\u0131n, ictimai zonalar yarats\u0131n v\u0259 binalar tikilsin. \u00c7\u00fcnki buna ehtiyac var v\u0259 bu, biznesi canland\u0131racaq.<\/p>\n<p>Daha sonra Prezident s\u00f6yl\u0259mi\u015fdir ki, \u0259lb\u0259tt\u0259, x\u0259rcl\u0259r\u0259 d\u00f6vl\u0259t n\u0259zar\u0259ti mexanizmi daha da t\u0259kmil olmal\u0131d\u0131r.<\/p>\n<p>Sonra \u00f6lk\u0259 r\u0259hb\u0259ri qeyd etmi\u015fdir ki, koronavirusla ba\u011fl\u0131 m\u00fcbariz\u0259d\u0259 add\u0131mlar\u0131m\u0131z\u0131 v\u0259ziyy\u0259t\u0259 uy\u011fun \u015f\u0259kild\u0259 ataca\u011f\u0131q. Biz ham\u0131m\u0131z yax\u015f\u0131 ba\u015fa d\u00fc\u015f\u00fcr\u00fck ki, insanlar yorulub, karantin rejimi ham\u0131m\u0131z\u0131 yorur. B\u00fct\u00fcn r\u0259hb\u0259rlik fasil\u0259siz, dem\u0259k olar ki, 24 saat \u0259rzind\u0259 i\u015f ba\u015f\u0131ndad\u0131r.<\/p>\n<p>Karantin rejimi n\u0259 vaxt m\u00fcmk\u00fcns\u0259 yum\u015fald\u0131lacaq, nec\u0259 ki, art\u0131q ay\u0131n 5-d\u0259n yum\u015falma olubdur. Ancaq v\u0259t\u0259nda\u015flar da g\u0259r\u0259k ba\u015fa d\u00fc\u015fs\u00fcnl\u0259r ki, \u0259g\u0259r bu yum\u015falmadan sonra yen\u0259 d\u0259 x\u0259st\u0259liyin k\u0259skin artd\u0131\u011f\u0131n\u0131 g\u00f6rs\u0259k, ba\u015fqa \u00e7ar\u0259 olmayacaq, rejim yen\u0259 d\u0259 s\u0259rtl\u0259\u015fdiril\u0259c\u0259k.<\/p>\n<p>\u0130ndi a\u00e7\u0131lan obyektl\u0259rd\u0259 b\u00fct\u00fcn sanitar-epidemioloji normalar tam t\u0259min edilm\u0259lidir. Sosial m\u0259saf\u0259 t\u0259min olunmal\u0131d\u0131r. Obyektl\u0259rd\u0259 g\u00f6st\u0259ril\u0259n xidm\u0259t yeni qaydalar \u0259sas\u0131nda t\u0259\u015fkil edilm\u0259lidir.<\/p>\n<p>Bu x\u0259st\u0259lik yoxa \u00e7\u0131xmay\u0131b. Ona g\u00f6r\u0259 x\u0259st\u0259liy\u0259 qar\u015f\u0131 m\u00fcbariz\u0259 apar\u0131l\u0131r. \u0130kinci dal\u011fa o halda ola bil\u0259r ki, x\u0259st\u0259lik yoxa \u00e7\u0131xs\u0131n v\u0259 ondan sonra hans\u0131sa yeni bir yoluxma m\u0259nb\u0259yi \u00fcz\u0259 \u00e7\u0131xs\u0131n. Ona g\u00f6r\u0259 bu m\u0259s\u0259l\u0259y\u0259 \u00e7ox ciddi n\u0259zar\u0259t olmal\u0131d\u0131r.<\/p>\n<p>Bizim bu x\u0259st\u0259likl\u0259 ba\u011fl\u0131 \u0259sas m\u0259qs\u0259dimiz insanlar\u0131n sa\u011flaml\u0131\u011f\u0131d\u0131r. Ondan sonra \u0259h\u0259miyy\u0259t bax\u0131m\u0131ndan bizim iqtisadi v\u0259ziyy\u0259timiz, iqtisadi inki\u015faf\u0131m\u0131z, iqtisadiyyat\u0131n dayan\u0131ql\u0131l\u0131\u011f\u0131 v\u0259 biznes dair\u0259l\u0259rin\u0259 g\u00f6st\u0259ril\u0259n d\u0259st\u0259k, postpandemiya d\u00f6vr\u00fcn\u0259 haz\u0131rl\u0131q g\u0259lir.<\/p>\n<p>Bu, d\u00fcnya \u00fc\u00e7\u00fcn \u00e7ox ciddi problemdir, bu g\u00fcn d\u00fcnyan\u0131n bir n\u00f6mr\u0259li b\u0259las\u0131d\u0131r. Ona g\u00f6r\u0259 ham\u0131 m\u0259suliyy\u0259tli olmal\u0131d\u0131r. \u018fg\u0259r bel\u0259 olsa, q\u0131sa m\u00fcdd\u0259t \u0259rzind\u0259 bu karantin rejimini daha da yum\u015fald\u0131b normal h\u0259yata daha tez qay\u0131tmaq m\u00fcmk\u00fcn ola bil\u0259r.<\/p>\n<p>Pandemiyaya qar\u015f\u0131 m\u00fcbariz\u0259d\u0259 d\u00f6vl\u0259t t\u0259r\u0259find\u0259n g\u00f6r\u00fcl\u0259n ciddi t\u0259dbirl\u0259r v\u0259 bu sah\u0259y\u0259 \u00f6lk\u0259 ba\u015f\u00e7\u0131s\u0131n\u0131n daimi n\u0259zar\u0259ti onu dem\u0259y\u0259 \u0259sas verir ki, bu ciddi pandemiyan\u0131 Az\u0259rbaycan xalq\u0131 az itkil\u0259rl\u0259 sona \u00e7atd\u0131r\u0131lacaqd\u0131r.<\/p>\n","protected":false},"excerpt":{"rendered":"<p>H\u0259l\u0259 cari ilin \u0259vv\u0259ll\u0259rind\u0259n, \u00f6lk\u0259mizd\u0259 koronavirus infeksiyas\u0131 qeyd\u0259 al\u0131nmad\u0131\u011f\u0131 vaxtlardan Az\u0259rbaycan Respublikas\u0131n\u0131n Prezidenti \u0130lham \u018fliyevin tap\u015f\u0131r\u0131\u011f\u0131na \u0259sas\u0259n bu x\u0259st\u0259liyin yay\u0131lmamas\u0131 \u00fc\u00e7\u00fcn m\u00fc\u0259yy\u0259n t\u0259dbirl\u0259rin haz\u0131rlan\u0131b, h\u0259yata ke\u00e7irilm\u0259sin\u0259 ba\u015flanm\u0131\u015fd\u0131r. Bu m\u0259qs\u0259dl\u0259 x\u00fcsusi x\u0259st\u0259xanalar ayr\u0131lm\u0131\u015f, m\u00fcasir avadanl\u0131qlarla t\u0259chiz olunmu\u015f laboratoriyalar al\u0131n\u0131b g\u0259tirilmi\u015f v\u0259 dig\u0259r laz\u0131mi haz\u0131rl\u0131q i\u015fl\u0259ri g\u00f6r\u00fclm\u00fc\u015fd\u00fcr. Sonrak\u0131 c\u0259r\u0259yan ed\u0259n hadis\u0259l\u0259r \u00f6lk\u0259 Prezidentinin uzaqg\u00f6r\u0259nliyini bir daha t\u0259sdiq [&hellip;]<\/p>\n","protected":false},"author":2,"featured_media":0,"comment_status":"closed","ping_status":"closed","sticky":false,"template":"","format":"standard","meta":[],"categories":[10],"tags":[],"_links":{"self":[{"href":"https:\/\/yeniterter.az\/index.php?rest_route=\/wp\/v2\/posts\/16149"}],"collection":[{"href":"https:\/\/yeniterter.az\/index.php?rest_route=\/wp\/v2\/posts"}],"about":[{"href":"https:\/\/yeniterter.az\/index.php?rest_route=\/wp\/v2\/types\/post"}],"author":[{"embeddable":true,"href":"https:\/\/yeniterter.az\/index.php?rest_route=\/wp\/v2\/users\/2"}],"replies":[{"embeddable":true,"href":"https:\/\/yeniterter.az\/index.php?rest_route=%2Fwp%2Fv2%2Fcomments&post=16149"}],"version-history":[{"count":1,"href":"https:\/\/yeniterter.az\/index.php?rest_route=\/wp\/v2\/posts\/16149\/revisions"}],"predecessor-version":[{"id":16151,"href":"https:\/\/yeniterter.az\/index.php?rest_route=\/wp\/v2\/posts\/16149\/revisions\/16151"}],"wp:attachment":[{"href":"https:\/\/yeniterter.az\/index.php?rest_route=%2Fwp%2Fv2%2Fmedia&parent=16149"}],"wp:term":[{"taxonomy":"category","embeddable":true,"href":"https:\/\/yeniterter.az\/index.php?rest_route=%2Fwp%2Fv2%2Fcategories&post=16149"},{"taxonomy":"post_tag","embeddable":true,"href":"https:\/\/yeniterter.az\/index.php?rest_route=%2Fwp%2Fv2%2Ftags&post=16149"}],"curies":[{"name":"wp","href":"https:\/\/api.w.org\/{rel}","templated":true}]}}