{"id":16143,"date":"2020-08-04T10:10:20","date_gmt":"2020-08-04T07:10:20","guid":{"rendered":"http:\/\/www.yeniterter.az\/?p=16143"},"modified":"2020-08-15T10:47:56","modified_gmt":"2020-08-15T07:47:56","slug":"bu-gun-az%c9%99rbaycan-c%c9%99miyy%c9%99tind%c9%99-silahli-quvv%c9%99l%c9%99rimiz%c9%99-boyuk-inam-var","status":"publish","type":"post","link":"https:\/\/yeniterter.az\/?p=16143","title":{"rendered":"BU G\u00dcN AZ\u018fRBAYCAN C\u018fM\u0130YY\u018fT\u0130ND\u018f S\u0130LAHLI Q\u00dcVV\u018fL\u018fR\u0130M\u0130Z\u018f B\u00d6Y\u00dcK \u0130NAM VAR"},"content":{"rendered":"<p><img decoding=\"async\" loading=\"lazy\" class=\"wp-image-16144 alignleft\" src=\"http:\/\/www.yeniterter.az\/wp-content\/uploads\/a680120914dbf5d8ea1554c1766db898-300x200.jpg\" alt=\"\" width=\"384\" height=\"256\" srcset=\"https:\/\/yeniterter.az\/wp-content\/uploads\/a680120914dbf5d8ea1554c1766db898-300x200.jpg 300w, https:\/\/yeniterter.az\/wp-content\/uploads\/a680120914dbf5d8ea1554c1766db898.jpg 640w\" sizes=\"(max-width: 384px) 100vw, 384px\" \/>Az\u0259rbaycan xalq\u0131n\u0131n q\u0259hr\u0259manl\u0131q s\u0259lnam\u0259si XXI \u0259srd\u0259 d\u0259 davam edir. Az\u0259rbaycan torpaqlar\u0131n\u0131 i\u015f\u011fal ed\u0259n Erm\u0259nistana qar\u015f\u0131 bu g\u00fcn d\u0259 b\u00fct\u00fcn c\u0259bh\u0259 boyu m\u0259rd o\u011fullar\u0131m\u0131z m\u0259nfur d\u00fc\u015fm\u0259nl\u0259 \u00fcz-\u00fcz\u0259 durub v\u0259 q\u0259hr\u0259mancas\u0131na m\u00fcbariz\u0259 apar\u0131rlar. Ata-babalar\u0131m\u0131zdan \u0259man\u0259t olaraq ald\u0131\u011f\u0131m\u0131z, \u00fcz\u0259rind\u0259 xo\u015fb\u0259xt v\u0259 firavan\u00a0 ya\u015fad\u0131\u011f\u0131m\u0131z, yer \u00fcz\u00fcn\u00fcn c\u0259nn\u0259ti olan bu g\u00f6z\u0259l yurdumuzu, onun \u00fcz\u0259rind\u0259 atalar\u0131m\u0131z\u0131n qurduqlar\u0131 sivilizasiya v\u0259 m\u0259d\u0259niyy\u0259t x\u0259zin\u0259l\u0259rini, dilimizi, m\u0259n\u0259viyyat\u0131m\u0131z\u0131 qoruya bilm\u0259k, ya\u015fatmaq v\u0259 g\u0259l\u0259c\u0259k n\u0259sill\u0259r\u0259 \u00f6t\u00fcrm\u0259k \u00fc\u00e7\u00fcn onu m\u00fcdafi\u0259 etm\u0259y\u0259 h\u0259r an haz\u0131r olmal\u0131y\u0131q. X\u00fcsusil\u0259 \u00f6lk\u0259 Prezidenti, Ali Ba\u015f Komandan \u0130lham \u018fliyevin ordumuzun g\u00fccl\u0259nm\u0259si v\u0259 m\u00f6hk\u0259ml\u0259nm\u0259si \u00fc\u00e7\u00fcn g\u00f6st\u0259rdiyi diqq\u0259t v\u0259 qay\u011f\u0131 \u00f6z u\u011furlu n\u0259tic\u0259l\u0259rini verir. Apar\u0131lan ard\u0131c\u0131l v\u0259 m\u0259qs\u0259dy\u00f6nl\u00fc siyas\u0259t n\u0259tic\u0259sind\u0259 Silahl\u0131 Q\u00fcvv\u0259l\u0259rimizin h\u0259rbi-texniki t\u0259chizat s\u0259viyy\u0259si, nizam-intizam\u0131 v\u0259 d\u00f6y\u00fc\u015f ruhu kifay\u0259t q\u0259d\u0259r y\u00fcks\u0259kdir. \u018fn m\u00fch\u00fcm m\u0259qamlardan biri bundan ibar\u0259tdir ki, bu g\u00fcn Az\u0259rbaycan c\u0259miyy\u0259tind\u0259 Silahl\u0131 Q\u00fcvv\u0259l\u0259rimiz\u0259 b\u00f6y\u00fck inam var. Silahl\u0131 Q\u00fcvv\u0259l\u0259rimiz h\u0259r bir v\u0259t\u0259nda\u015f\u0131n q\u00fcrur m\u0259nb\u0259yidir. <!--more-->Bu, olduqca vacib amildir. \u00c7\u00fcnki ordu c\u0259miyy\u0259td\u0259 daxili \u00f6z\u00fcn\u0259 inam\u0131, d\u00f6vl\u0259t\u0259 etimad\u0131 g\u00fccl\u0259ndir\u0259n \u0259sas faktorlardan biridir.<\/p>\n<p>Bu g\u00fcn Silahl\u0131 Q\u00fcvv\u0259l\u0259rimiz d\u00fcnya reytinqind\u0259 50-ci pill\u0259d\u0259 q\u0259rarla\u015f\u0131r. Da\u011fl\u0131q Qaraba\u011f m\u00fcnaqi\u015f\u0259sinin h\u0259lli v\u0259 \u0259razi b\u00fct\u00f6vl\u00fcy\u00fcm\u00fcz\u00fcn b\u0259rpas\u0131 Az\u0259rbaycan d\u00f6vl\u0259tinin prioritet h\u0259d\u0259fidir. Bu h\u0259d\u0259f\u0259 nail olmaqda Silahl\u0131 Q\u00fcvv\u0259l\u0259rimiz \u0259h\u0259miyy\u0259tli rol oynay\u0131r. Bizim Silahl\u0131 Q\u00fcvv\u0259l\u0259rimiz m\u00fcharib\u0259 vaxt\u0131 yarad\u0131l\u0131b, Az\u0259rbaycan xalq\u0131 bununla f\u0259xr edir. Silahl\u0131 Q\u00fcvv\u0259l\u0259rimizin d\u00f6y\u00fc\u015f ruhu y\u00fcks\u0259kdir, ordumuz ist\u0259nil\u0259n vaxt veril\u0259n \u0259mri yerin\u0259 yetirm\u0259y\u0259 haz\u0131rd\u0131r. M\u00fcbariz \u0130brahimov kimi, F\u0259rid \u018fhm\u0259dov kimi q\u0259hr\u0259man o\u011fullar\u0131m\u0131z\u0131n yolunun davam\u00e7\u0131s\u0131 v\u0259 torpaqlar\u0131m\u0131z\u0131 i\u015f\u011faldan azad ed\u0259nl\u0259rin s\u0131ras\u0131nda olmaq g\u0259ncl\u0259rimizin \u0259n b\u00f6y\u00fck arzusudur. M\u00fcharib\u0259d\u0259 d\u00f6y\u00fc\u015f d\u0259 var, \u015f\u0259hidlik d\u0259 var. Ancaq V\u0259t\u0259n\u0259 g\u00f6r\u0259 d\u00f6y\u00fc\u015fm\u0259k, torpaqlar\u0131m\u0131z \u00fc\u00e7\u00fcn d\u00f6y\u00fc\u015fm\u0259k, \u00f6l\u00fcmd\u0259n qorxmadan d\u00f6y\u00fc\u015fm\u0259k laz\u0131md\u0131r. General-mayor Polad H\u0259\u015fimov, polkovnik \u0130lqar Mirz\u0259yev, M\u00fcbariz \u0130brahimov, F\u0259rid \u018fhm\u0259dov kimi o\u011fullar\u0131m\u0131z \u015f\u0259hidliyi \u00f6zl\u0259ri se\u00e7mi\u015fdi. V\u0259t\u0259n \u00fc\u00e7\u00fcn se\u00e7mi\u015fdi, xidm\u0259td\u0259 olan \u0259sg\u0259rl\u0259r\u0259, \u00e7a\u011f\u0131r\u0131\u015f\u00e7\u0131lara v\u0259siyy\u0259t kimi se\u00e7mi\u015fdi. Onlar\u0131n \u015f\u0259hidliyi \u0259sg\u0259rl\u0259r\u0259 n\u00fcmun\u0259dir.<\/p>\n<p>Aprel d\u00f6y\u00fc\u015fl\u0259ri tarix\u0259 ordumuzun g\u00fcc\u00fcn\u00fcn, xalqla ordunun v\u0259hd\u0259tini, v\u0259t\u0259np\u0259rv\u0259rliyinin g\u00f6st\u0259ricisi kimi d\u00fc\u015fd\u00fc. Aprel q\u0259l\u0259b\u0259si bir daha s\u00fcbut etdi ki, ordumuz torpaqlar\u0131m\u0131z\u0131 i\u015f\u011faldan azad etm\u0259y\u0259 qadirdir. \u018fks-h\u00fccum \u0259m\u0259liyyat\u0131 aparan hiss\u0259l\u0259rimiz m\u00fch\u00fcm m\u00f6vqel\u0259r\u0259 sahib oldu. L\u0259l\u0259t\u0259p\u0259 kimi y\u00fcks\u0259klik al\u0131nd\u0131. N\u0259tic\u0259d\u0259 1994-c\u00fc ild\u0259 d\u00fc\u015fm\u0259nd\u0259n azad edil\u0259n C\u0259bray\u0131l rayonunun Cocuq M\u0259rcanl\u0131 k\u0259ndinin t\u0259hl\u00fck\u0259sizliyi t\u0259min olundu. Aprel d\u00f6y\u00fc\u015fl\u0259ri n\u0259tic\u0259sind\u0259 F\u00fczuli, C\u0259bray\u0131l v\u0259 A\u011fd\u0259r\u0259 rayonlar\u0131n\u0131n i\u015f\u011faldan azad edilmi\u015f \u0259razil\u0259rind\u0259 bu g\u00fcn Az\u0259rbaycan bayra\u011f\u0131 dal\u011falan\u0131r. H\u0259r k\u0259s bu qalibiyy\u0259tin sevincini ya\u015fay\u0131r. Amma m\u0259hz Aprel d\u00f6y\u00fc\u015fl\u0259ri say\u0259sind\u0259 azad olunan L\u0259l\u0259t\u0259p\u0259 v\u0259 Tal\u0131\u015f y\u00fcks\u0259klikl\u0259ri bu rayonlarda ya\u015fayan insanlar\u0131m\u0131z\u0131 t\u0259hl\u00fck\u0259d\u0259n qurtard\u0131. H\u0259m d\u0259 i\u015f\u011faldan azad etdiyimiz y\u00fcks\u0259klikl\u0259rd\u0259n Da\u011fl\u0131q Qaraba\u011fa n\u0259zar\u0259t etm\u0259k imkanlar\u0131m\u0131z geni\u015fl\u0259ndi. Aprel d\u00f6y\u00fc\u015fl\u0259ri erm\u0259nil\u0259rin m\u0259\u011flubedilm\u0259z ordu mifini s\u0131nd\u0131rd\u0131 v\u0259 bir daha g\u00f6st\u0259rdi ki, Silahl\u0131 Q\u00fcvv\u0259l\u0259rimiz h\u0259r\u0259k\u0259t\u0259 ke\u00e7\u0259rs\u0259, erm\u0259nil\u0259r darmada\u011f\u0131n olacaqlar. Q\u0131sa bir zamanda, y\u0259ni 4 g\u00fcn \u0259rzind\u0259 300-d\u0259n \u00e7ox erm\u0259ni \u0259sg\u0259ri m\u0259hv edildi, 500-d\u0259n \u00e7oxu a\u011f\u0131r yaraland\u0131, 30 tank, 15-d\u0259n \u00e7ox artilleriya qur\u011fusu v\u0259 m\u00fch\u0259ndis istehkam qur\u011fular\u0131 m\u0259hv edildi.<\/p>\n<p>2018-ci ild\u0259 \u015e\u0259rur rayonunun i\u015f\u011fal alt\u0131nda olan G\u00fcnn\u00fct k\u0259ndi v\u0259 \u0259traf \u0259razil\u0259r u\u011furlu \u0259m\u0259liyyat n\u0259tic\u0259sind\u0259 d\u00fc\u015fm\u0259n tapda\u011f\u0131ndan azad edildi, 11 min hektar torpa\u011fa ordumuzun n\u0259zar\u0259ti t\u0259min olundu. N\u0259tic\u0259d\u0259, \u018flahidd\u0259 \u00dcmumqo\u015fun Ordu d\u00fc\u015fm\u0259nin m\u00fch\u00fcm strateji yollar\u0131na n\u0259zar\u0259ti \u0259l\u0259 ald\u0131, onun \u00fcz\u0259rind\u0259 b\u00f6y\u00fck \u00fcst\u00fcnl\u00fck qazand\u0131. 26 kilometr m\u0259saf\u0259ni \u0259hat\u0259 ed\u0259n \u0259m\u0259liyyat n\u0259tic\u0259sind\u0259 7 kilometr\u0259d\u0259k d\u0259rinlikd\u0259 \u0259lveri\u015fli y\u00fcks\u0259klikl\u0259r \u0259l\u0259 ke\u00e7irildi. Q\u0131z\u0131lqaya y\u00fcks\u0259kliyinin \u0259l\u0259 ke\u00e7irilm\u0259si \u0130r\u0259van-Yexeqnadzor-Gorus-La\u00e7\u0131n-Xank\u0259ndi avtomobil yoluna n\u0259zar\u0259t etm\u0259y\u0259 imkan verdi. \u018frazinin etibarl\u0131 m\u00fcdafi\u0259si, b\u00f6lm\u0259l\u0259rin manevr qabiliyy\u0259tinin y\u00fcks\u0259ldilm\u0259si v\u0259 t\u0259minat-t\u0259xliy\u0259 m\u0259qs\u0259dil\u0259 50 kilometr yeni yol \u00e7\u0259kildi, 60 kilometrd\u0259n art\u0131q yarars\u0131z yollar b\u0259rpa edildi. Strateji \u0259h\u0259miyy\u0259tli Arpa\u00e7ay Su D\u0259rya\u00e7as\u0131n\u0131n taktiki c\u0259h\u0259td\u0259n etibarl\u0131 m\u00fchafiz\u0259sinin t\u0259\u015fkili \u00fc\u00e7\u00fcn \u0259trafdak\u0131 hakim y\u00fcks\u0259klikl\u0259rd\u0259 yeni m\u00fcdafi\u0259 m\u00f6vqel\u0259ri quruldu. M\u00fcdafi\u0259 rayonunun qorunmas\u0131n\u0131n t\u0259\u015fkili m\u0259qs\u0259dil\u0259 \u0259razid\u0259 q\u0131sa m\u00fcdd\u0259td\u0259 m\u00fch\u0259ndis istehkam t\u0259dbirl\u0259ri g\u00f6r\u00fcld\u00fc, postlar aras\u0131nda dayan\u0131ql\u0131 rabit\u0259 \u0259laq\u0259si quruldu, yeni s\u0259ng\u0259rl\u0259r qaz\u0131ld\u0131. \u00d6n x\u0259td\u0259ki m\u00f6vqel\u0259rl\u0259 yana\u015f\u0131, dayaq m\u0259nt\u0259q\u0259l\u0259rind\u0259 d\u0259 etibarl\u0131 m\u00fcdafi\u0259 sistemi yarad\u0131ld\u0131. Eyni zamanda bu h\u0259rbi \u00fcst\u00fcnl\u00fck ordumuzun \u015f\u0259xsi hey\u0259tinin d\u00f6y\u00fc\u015f ruhunu daha da art\u0131rd\u0131. Erm\u0259nistan q\u00fcvv\u0259l\u0259ri h\u0259min \u0259razil\u0259rd\u0259n qovuldu, \u00e7\u0131xar\u0131ld\u0131, o torpaqlarda Az\u0259rbaycan\u0131n \u00fc\u00e7r\u0259ngli, \u015f\u0259hid qan\u0131 il\u0259 boyanm\u0131\u015f m\u00fcq\u0259dd\u0259s bayra\u011f\u0131 ucald\u0131ld\u0131.<\/p>\n<p>\u018fsg\u0259rl\u0259rimiz, gizirl\u0259rimiz, zabitl\u0259rimiz v\u0259 generallar\u0131m\u0131z V\u0259t\u0259n u\u011frunda, birliyimiz v\u0259 b\u0259rab\u0259rliyimiz u\u011frunda, Az\u0259rbaycan d\u00f6vl\u0259tinin \u0259b\u0259di ya\u015famas\u0131 u\u011frunda, g\u0259l\u0259c\u0259k n\u0259sill\u0259r u\u011frunda g\u00f6zl\u0259rini bel\u0259 q\u0131rpmadan \u015f\u0259hidlik m\u0259rt\u0259b\u0259sin\u0259 y\u00fcks\u0259lirl\u0259r. Bunun \u0259n son n\u00fcmun\u0259sini 12 iyulda Az\u0259rbaycan \u2013 Erm\u0259nistan s\u0259rh\u0259dinin Tovuz rayonu istiqam\u0259tind\u0259 Erm\u0259nistan\u0131n at\u0259\u015fk\u0259s m\u00fcqavil\u0259sini pozaraq h\u00fccuma ke\u00e7m\u0259si zaman\u0131 g\u00f6rd\u00fck. Erm\u0259nistan bu t\u0259xribat\u0131n s\u0259b\u0259bkar\u0131 kimi Az\u0259rbaycan\u0131 g\u00f6st\u0259rm\u0259y\u0259 c\u0259hd edib. Halbuki bu, he\u00e7 bir m\u0259ntiq\u0259 s\u0131\u011fm\u0131r. Az\u0259rbaycan\u0131n Erm\u0259nistanla d\u00f6vl\u0259t s\u0259rh\u0259dind\u0259 h\u0259r hans\u0131 bir h\u0259rbi m\u0259qs\u0259di yoxdur. Erm\u0259nistan i\u015f\u011fal\u00e7\u0131l\u0131q siyas\u0259tini davam etdirir, \u0259razil\u0259rimizi z\u0259bt etm\u0259k, m\u00f6vqel\u0259rimizi \u0259l\u0259 ke\u00e7irm\u0259k ist\u0259yir. Amma Silahl\u0131 Q\u00fcvv\u0259l\u0259rimizin d\u00f6y\u00fc\u015f haz\u0131rl\u0131\u011f\u0131, m\u0259n\u0259vi-psixoloji ruhu, b\u00f6lm\u0259l\u0259rimizin y\u00fcks\u0259k haz\u0131rl\u0131\u011f\u0131 say\u0259sind\u0259 Erm\u0259nistan silahl\u0131 b\u00f6lm\u0259l\u0259rinin h\u00fccumlar\u0131n\u0131n qar\u015f\u0131s\u0131 s\u0259rt \u015f\u0259kild\u0259 al\u0131nd\u0131. D\u00fc\u015fm\u0259n\u0259 qar\u015f\u0131 t\u0259tbiq olunan d\u0259qiq v\u0259 da\u011f\u0131d\u0131c\u0131 g\u00fcc\u0259 malik silahlar, h\u0259m\u00e7inin \u0259sg\u0259r v\u0259 zabitl\u0259rimizin q\u0259hr\u0259manl\u0131\u011f\u0131 onu itki ver\u0259r\u0259k geri \u00e7\u0259kilm\u0259y\u0259 m\u0259cbur etdi. Ordumuzun general\u0131 d\u00f6y\u00fc\u015fl\u0259rd\u0259 \u0259sg\u0259rl\u0259rimizin yan\u0131nda idi, onlarla \u00e7iyin-\u00e7iyin\u0259 vuru\u015furdu. D\u00fc\u015fm\u0259n 100 n\u0259f\u0259r\u0259 yax\u0131n canl\u0131 q\u00fcvv\u0259sini v\u0259 texnikas\u0131n\u0131 itirdi. Prezident,\u00a0 Ali Ba\u015f Komandan \u0130lham \u018fliyevin \u0259traf\u0131nda s\u0131x birl\u0259\u015f\u0259n xalq\u0131m\u0131z, ordumuzun bu t\u0259lat\u00fcml\u00fc g\u00fcnl\u0259rind\u0259 d\u0259 onun yan\u0131nda oldu, d\u0259st\u0259kl\u0259di. Ali Ba\u015f Komandan V\u0259t\u0259n u\u011frunda canlar\u0131n\u0131 ver\u0259n q\u0259hr\u0259manlar\u0131m\u0131z\u0131 unutmur, onlar\u0131n, ail\u0259l\u0259rinin qay\u011f\u0131s\u0131na qal\u0131r v\u0259 onlar\u0131n q\u0259hr\u0259manl\u0131\u011f\u0131n\u0131 y\u00fcks\u0259k qiym\u0259tl\u0259ndirir. \u0130yulun 15-d\u0259 Prezident \u0130lham \u018fliyev d\u00f6y\u00fc\u015f zaman\u0131 m\u00fcdafi\u0259nin \u00f6n x\u0259ttind\u0259 olark\u0259n q\u0259hr\u0259mancas\u0131na \u015f\u0259hid olmu\u015f general-mayor Polad H\u0259\u015fimovun anas\u0131 S\u0259may\u0259 xan\u0131m v\u0259 polkovnik \u0130lqar Mirz\u0259yevin o\u011flu Elvin il\u0259 telefonla dan\u0131\u015f\u0131b. D\u00f6vl\u0259timizin ba\u015f\u00e7\u0131s\u0131 \u015f\u0259hidl\u0259rin ail\u0259 \u00fczvl\u0259rin\u0259 d\u0259rin h\u00fcznl\u0259 ba\u015fsa\u011fl\u0131\u011f\u0131 verib, onlara Allahdan r\u0259hm\u0259t v\u0259 s\u0259bir dil\u0259yib. Ali Ba\u015f Komandan qeyd edib ki, V\u0259t\u0259n u\u011frunda \u015f\u0259hid olan h\u0259rbi qulluq\u00e7ular\u0131m\u0131z\u0131n q\u0259hr\u0259manl\u0131\u011f\u0131 he\u00e7 vaxt unudulmayacaq, onlar\u0131n qisas\u0131 al\u0131n\u0131b v\u0259 al\u0131nacaq, qanlar\u0131 yerd\u0259 qalmayacaq. Prezident \u0130lham \u018fliyev general Polad H\u0259\u015fimovun v\u0259 polkovnik \u0130lqar Mirz\u0259yevin ail\u0259sin\u0259 ev verib.<\/p>\n<p>Az\u0259rbaycan Respublikas\u0131n\u0131n Birinci vitse-prezidenti, Heyd\u0259r \u018fliyev Fondunun prezidenti Mehriban \u018fliyevan\u0131n tap\u015f\u0131r\u0131\u011f\u0131na \u0259sas\u0259n Fondun n\u00fcmay\u0259nd\u0259l\u0259ri Sumqay\u0131t \u015f\u0259h\u0259rind\u0259 general-mayor Polad H\u0259\u015fimovun v\u0259 Bak\u0131 \u015f\u0259h\u0259rind\u0259 polkovnik \u0130lqar Mirz\u0259yevin ail\u0259l\u0259rini ziyar\u0259t edibl\u0259r. Fondun n\u00fcmay\u0259nd\u0259l\u0259ri A\u011fstafa, Tovuz, Qazax, \u0130smay\u0131ll\u0131, Bil\u0259suvar v\u0259 Masall\u0131 rayonlar\u0131nda olaraq \u015f\u0259hid ail\u0259l\u0259rin\u0259 ba\u015f \u00e7\u0259kibl\u0259r. Tovuz rayonu istiqam\u0259tl\u0259rind\u0259 \u015f\u0259hid olan h\u0259rb\u00e7il\u0259rin ail\u0259 \u00fczvl\u0259rinin b\u00fct\u00fcn qay\u011f\u0131lar\u0131n\u0131n Mehriban \u018fliyevan\u0131n tap\u015f\u0131r\u0131\u011f\u0131na \u0259sas\u0259n daim Fondun n\u0259zar\u0259tind\u0259 olaca\u011f\u0131 bildirilib.<\/p>\n<p>Tovuz rayonunda at\u0259\u015fk\u0259sin Erm\u0259nistan t\u0259r\u0259find\u0259n pozulmas\u0131 zaman\u0131 Silahl\u0131 Q\u00fcvv\u0259l\u0259rimiz bir daha \u00f6z \u00fcst\u00fcnl\u00fcy\u00fcn\u00fc t\u0259sdiq etdi. Bu \u0259m\u0259liyyat\u0131n Silahl\u0131 Q\u00fcvv\u0259l\u0259rimizin \u015fanl\u0131 tarixind\u0259 \u00f6z yeri olacaq.<\/p>\n<p>Art\u0131q d\u00f6vl\u0259tl\u0259r 25-30 il bundan \u0259vv\u0259l oldu\u011fu kimi Erm\u0259nistan\u0131n v\u0259 erm\u0259ni diaspor t\u0259\u015fkilatlar\u0131n\u0131n yayd\u0131qlar\u0131 informasiyalara etibar etmirl\u0259r. Eyni zamanda Az\u0259rbaycan diasporu da formala\u015f\u0131b, d\u00fcnyan\u0131n m\u00fcxt\u0259lif \u00f6lk\u0259l\u0259rind\u0259 Az\u0259rbaycan\u0131n haqq s\u0259sinin e\u015fidilm\u0259si \u00fc\u00e7\u00fcn f\u0259aliyy\u0259t g\u00f6st\u0259rirl\u0259r.<\/p>\n<p>14 iyulda Bak\u0131da Silahl\u0131 Q\u00fcvv\u0259l\u0259r\u0259 v\u0259 Ali Ba\u015f Komandana \u00e7oxminlik d\u0259st\u0259k y\u00fcr\u00fc\u015f\u00fc h\u0259yata ke\u00e7irildi. Xalq ordusunun v\u0259 Ali Ba\u015f Komandan\u0131n\u0131n yan\u0131nda oldu\u011funu, onu d\u0259st\u0259kl\u0259diyini \u0259n y\u00fcks\u0259k s\u0259viyy\u0259d\u0259 g\u00f6st\u0259rdi. Az\u0259rbaycan-Erm\u0259nistan d\u00f6vl\u0259t s\u0259rh\u0259dinin Tovuz rayonu istiqam\u0259tind\u0259 Erm\u0259nistan silahl\u0131 q\u00fcvv\u0259l\u0259rinin t\u00f6r\u0259tdiyi t\u0259xribatla \u0259laq\u0259dar S\u0259f\u0259rb\u0259rlik v\u0259 H\u0259rbi Xidm\u0259t\u0259 \u00c7a\u011f\u0131r\u0131\u015f \u00fczr\u0259 D\u00f6vl\u0259t Xidm\u0259tinin aparat\u0131na, yerli idar\u0259, \u015f\u00f6b\u0259 v\u0259 b\u00f6lm\u0259l\u0259rin\u0259 k\u00f6n\u00fcll\u00fc olaraq c\u0259bh\u0259 b\u00f6lg\u0259sin\u0259 ged\u0259r\u0259k d\u00f6y\u00fc\u015fm\u0259k v\u0259 laz\u0131mi k\u00f6m\u0259k g\u00f6st\u0259rm\u0259k ist\u0259y\u0259n v\u0259t\u0259nda\u015flar\u0131m\u0131z t\u0259r\u0259find\u0259n \u00e7oxsayl\u0131 m\u00fcraci\u0259tl\u0259r daxil olur. Silahl\u0131 Q\u00fcvv\u0259l\u0259rin Ali Ba\u015f Komandan\u0131 \u0130lham \u018fliyevin \u00e7a\u011f\u0131r\u0131\u015f\u0131na s\u0259s ver\u0259n 55130-dan \u00e7ox v\u0259t\u0259nda\u015f S\u0259f\u0259rb\u0259rlik v\u0259 H\u0259rbi Xidm\u0259t\u0259 \u00c7a\u011f\u0131r\u0131\u015f \u00fczr\u0259 D\u00f6vl\u0259t Xidm\u0259tind\u0259 qeydiyyatdan ke\u00e7ibl\u0259r v\u0259 m\u00fcraci\u0259tl\u0259r davam edir.<\/p>\n<p>Az\u0259rbaycanda Qad\u0131n Sahibkarl\u0131\u011f\u0131 Assosiasiyas\u0131n\u0131n (AQS\u0130A) \u00fczvl\u0259ri Prezidentin \u00e7a\u011f\u0131r\u0131\u015f\u0131na d\u0259st\u0259k verib. Assosiasiya s\u0131ralar\u0131nda birl\u0259\u015f\u0259n y\u00fczl\u0259rl\u0259 sahibkar xan\u0131m orduda xidm\u0259t g\u00f6st\u0259rm\u0259y\u0259 haz\u0131r olduqlar\u0131n bildiribl\u0259r.<\/p>\n<p>\u00d6lk\u0259nin 43 siyasi partiyas\u0131 birg\u0259, 4 siyasi partiyas\u0131 is\u0259 ayr\u0131l\u0131qda b\u0259yanat ver\u0259r\u0259k, erm\u0259ni t\u0259xribat\u0131na qar\u015f\u0131 m\u00fcbariz\u0259d\u0259 Ali Ba\u015f Komandan\u0131n \u0259traf\u0131nda birl\u0259\u015fdiyini vur\u011fulay\u0131b.<\/p>\n<p>Qarda\u015f T\u00fcrkiy\u0259 C\u00fcmhuriyy\u0259ti Az\u0259rbaycan\u0131 t\u0259k buraxmad\u0131 v\u0259 t\u0259bii ki, Az\u0259rbaycana d\u0259st\u0259k n\u00fcmayi\u015f etdir\u0259n ilk \u00f6lk\u0259 qarda\u015f T\u00fcrkiy\u0259 oldu. \u018fn y\u00fcks\u0259k s\u0259viyy\u0259d\u0259 Az\u0259rbaycan\u0131 d\u0259st\u0259kl\u0259diyini bildirdi. T\u00fcrkiy\u0259nin Prezidenti R\u0259c\u0259b Tayyib \u018frdo\u011fan\u0131n \u00e7\u0131x\u0131\u015f\u0131 Az\u0259rbaycana qarda\u015f d\u0259st\u0259yi olmaqla yana\u015f\u0131, h\u0259m d\u0259 d\u00fc\u015fm\u0259nl\u0259r\u0259 mesaj oldu. O, \u00e7\u0131x\u0131\u015f\u0131 zaman\u0131 dost v\u0259 qarda\u015f Az\u0259rbaycana qar\u015f\u0131 Erm\u0259nistan t\u0259r\u0259fd\u0259n t\u00f6r\u0259dil\u0259n h\u00fccumu \u015fidd\u0259tl\u0259 q\u0131nad\u0131\u011f\u0131n\u0131 dil\u0259 g\u0259tirib: &#8220;Bu g\u0259rginliyin Erm\u0259nistan\u0131n d\u00fc\u015f\u00fcn\u00fclm\u0259mi\u015f h\u00fccumundan sonra silahl\u0131 toqqu\u015fmaya \u00e7evrilm\u0259sind\u0259n narahat\u0131q. Son h\u00fccum iki \u00f6lk\u0259 s\u0259rh\u0259dind\u0259 a\u011f\u0131r silahlarla h\u0259yata ke\u00e7irilib. Bu hadis\u0259 Da\u011fl\u0131q Qaraba\u011fda deyil, iki d\u00f6vl\u0259t aras\u0131ndak\u0131 s\u0259rh\u0259dd\u0259 v\u0259 a\u011f\u0131r silahlarla t\u00f6r\u0259dilib. Bu hadis\u0259 h\u0259r hans\u0131 s\u0259rh\u0259d pozuntusu deyil, birba\u015fa Az\u0259rbaycana qar\u015f\u0131 m\u0259qs\u0259dli h\u00fccum oldu\u011funu g\u00f6st\u0259rm\u0259kd\u0259dir\u201d;<\/p>\n<p>T\u00fcrkiy\u0259nin Xarici \u0130\u015fl\u0259r Naziri M\u00f6vlud \u00c7avu\u015fo\u011flu bildirib ki, Erm\u0259nistan yeni toqqu\u015fma meydan\u0131 yaratmaqla, diqq\u0259ti i\u015f\u011fal etdiyi \u0259razil\u0259rd\u0259n ba\u015fqa istiqam\u0259t\u0259 y\u00f6n\u0259ltm\u0259k ist\u0259yir. Erm\u0259nistan\u0131n bu g\u00fcn\u0259 kimi m\u00fcnaqi\u015f\u0259nin siyasi h\u0259ll yoluna yax\u0131n durmad\u0131\u011f\u0131n\u0131 dey\u0259n nazir bildirib ki, Erm\u0259nistan\u0131n etdiyi q\u0259buledilm\u0259zdir: &#8220;Erm\u0259nistan a\u011fl\u0131n\u0131 ba\u015f\u0131na y\u0131\u011fs\u0131n, Az\u0259rbaycan t\u0259k deyil. Biz T\u00fcrkiy\u0259 C\u00fcmhuriyy\u0259ti v\u0259 t\u00fcrk mill\u0259ti olaraq b\u00fct\u00fcn imkanlar\u0131m\u0131zla Az\u0259rbaycan\u0131n yan\u0131nday\u0131q. Az\u0259rbaycan\u0131n \u0259razi b\u00fct\u00f6vl\u00fcy\u00fcn\u00fcn qorunmas\u0131na \u0259limizd\u0259n g\u0259l\u0259n d\u0259st\u0259yi ver\u0259c\u0259yik. Biz demi\u015fik ki, Az\u0259rbaycan Da\u011fl\u0131q Qaraba\u011f m\u00fcnaqi\u015f\u0259si il\u0259 ba\u011fl\u0131 hans\u0131 h\u0259ll yolunu se\u00e7\u0259c\u0259ks\u0259, biz Az\u0259rbaycan\u0131n yan\u0131nda olaca\u011f\u0131q. Bu h\u0259ssas bir c\u00fcml\u0259dir. Bunu bil\u0259r\u0259kd\u0259n dedim\u201d.<\/p>\n<p>T\u00fcrkiy\u0259nin M\u00fcdafi\u0259 naziri Hulusi Akar Az\u0259rbaycan-Erm\u0259nistan t\u0259mas x\u0259ttind\u0259 davam ed\u0259n g\u0259rginlikd\u0259n dan\u0131\u015fark\u0259n, &#8220;\u0130\u015f\u011fal\u00e7\u0131l\u0131\u011f\u0131 davam etdir\u0259n Erm\u0259nistana qar\u015f\u0131 Az\u0259rbaycan Silahl\u0131 Q\u00fcvv\u0259l\u0259rinin yan\u0131nda olma\u011fa, az\u0259rbaycanl\u0131 qarda\u015flar\u0131m\u0131za d\u0259st\u0259k verm\u0259y\u0259 davam ed\u0259c\u0259yik\u201d ifad\u0259l\u0259rini i\u015fl\u0259dib.<\/p>\n<p>Xaricd\u0259 ya\u015fayan soyda\u015flar\u0131m\u0131z da Prezident ilham \u018fliyevin yan\u0131ndad\u0131r v\u0259 onu d\u0259st\u0259kl\u0259yir. T\u00fcrkiy\u0259-Az\u0259rbaycan Dostluq, \u018fm\u0259kda\u015fl\u0131q v\u0259 H\u0259mr\u0259ylik Fondu v\u0259 D\u00fcnya T\u00fcrk Birliyi t\u0259\u015fkilat\u0131, Latviyada ya\u015fayan soyda\u015flar\u0131m\u0131z, Birl\u0259\u015fmi\u015f Ukrayna Az\u0259rbaycanl\u0131lar\u0131 Konqresi, Ukraynadak\u0131 T\u00fcrkiy\u0259nin icma n\u00fcmay\u0259nd\u0259l\u0259ri, Belorusda ya\u015fayan az\u0259rbaycanl\u0131lar da \u00f6z v\u0259t\u0259nl\u0259rin\u0259 d\u0259st\u0259kl\u0259rini g\u00f6st\u0259rib, erm\u0259ni i\u015f\u011fal\u0131n\u0131 l\u0259n\u0259tl\u0259yibl\u0259r. Macar\u0131standa f\u0259aliyy\u0259t g\u00f6st\u0259r\u0259n &#8220;Qarda\u015fl\u0131q\u201d Macar\u0131stan-Az\u0259rbaycan C\u0259miyy\u0259ti, Az\u0259rbaycan-Macar\u0131stan G\u0259ncl\u0259r Birliyi v\u0259 Az\u0259rbaycan Evinin birg\u0259 t\u0259\u015f\u0259bb\u00fcskarl\u0131\u011f\u0131 il\u0259 ke\u00e7iril\u0259n mitinqd\u0259 &#8220;Erm\u0259ni t\u0259cav\u00fcz\u00fcn\u00fc dayand\u0131r\u0131n!\u201d, &#8220;Qaraba\u011f \u2013 Az\u0259rbaycand\u0131r!\u201d, &#8220;Erm\u0259nistan beyn\u0259lxalq h\u00fcquqa etinas\u0131zl\u0131q g\u00f6st\u0259rir!\u201d, &#8220;Ali Ba\u015f Komandan, biz sizin \u0259sg\u0259rl\u0259rinizik!\u201d kimi \u015f\u00fcarlar s\u0259sl\u0259ndirilib.<\/p>\n<p>&nbsp;<\/p>\n","protected":false},"excerpt":{"rendered":"<p>Az\u0259rbaycan xalq\u0131n\u0131n q\u0259hr\u0259manl\u0131q s\u0259lnam\u0259si XXI \u0259srd\u0259 d\u0259 davam edir. Az\u0259rbaycan torpaqlar\u0131n\u0131 i\u015f\u011fal ed\u0259n Erm\u0259nistana qar\u015f\u0131 bu g\u00fcn d\u0259 b\u00fct\u00fcn c\u0259bh\u0259 boyu m\u0259rd o\u011fullar\u0131m\u0131z m\u0259nfur d\u00fc\u015fm\u0259nl\u0259 \u00fcz-\u00fcz\u0259 durub v\u0259 q\u0259hr\u0259mancas\u0131na m\u00fcbariz\u0259 apar\u0131rlar. Ata-babalar\u0131m\u0131zdan \u0259man\u0259t olaraq ald\u0131\u011f\u0131m\u0131z, \u00fcz\u0259rind\u0259 xo\u015fb\u0259xt v\u0259 firavan\u00a0 ya\u015fad\u0131\u011f\u0131m\u0131z, yer \u00fcz\u00fcn\u00fcn c\u0259nn\u0259ti olan bu g\u00f6z\u0259l yurdumuzu, onun \u00fcz\u0259rind\u0259 atalar\u0131m\u0131z\u0131n qurduqlar\u0131 sivilizasiya v\u0259 m\u0259d\u0259niyy\u0259t x\u0259zin\u0259l\u0259rini, [&hellip;]<\/p>\n","protected":false},"author":2,"featured_media":0,"comment_status":"closed","ping_status":"closed","sticky":false,"template":"","format":"standard","meta":[],"categories":[10],"tags":[],"_links":{"self":[{"href":"https:\/\/yeniterter.az\/index.php?rest_route=\/wp\/v2\/posts\/16143"}],"collection":[{"href":"https:\/\/yeniterter.az\/index.php?rest_route=\/wp\/v2\/posts"}],"about":[{"href":"https:\/\/yeniterter.az\/index.php?rest_route=\/wp\/v2\/types\/post"}],"author":[{"embeddable":true,"href":"https:\/\/yeniterter.az\/index.php?rest_route=\/wp\/v2\/users\/2"}],"replies":[{"embeddable":true,"href":"https:\/\/yeniterter.az\/index.php?rest_route=%2Fwp%2Fv2%2Fcomments&post=16143"}],"version-history":[{"count":4,"href":"https:\/\/yeniterter.az\/index.php?rest_route=\/wp\/v2\/posts\/16143\/revisions"}],"predecessor-version":[{"id":16189,"href":"https:\/\/yeniterter.az\/index.php?rest_route=\/wp\/v2\/posts\/16143\/revisions\/16189"}],"wp:attachment":[{"href":"https:\/\/yeniterter.az\/index.php?rest_route=%2Fwp%2Fv2%2Fmedia&parent=16143"}],"wp:term":[{"taxonomy":"category","embeddable":true,"href":"https:\/\/yeniterter.az\/index.php?rest_route=%2Fwp%2Fv2%2Fcategories&post=16143"},{"taxonomy":"post_tag","embeddable":true,"href":"https:\/\/yeniterter.az\/index.php?rest_route=%2Fwp%2Fv2%2Ftags&post=16143"}],"curies":[{"name":"wp","href":"https:\/\/api.w.org\/{rel}","templated":true}]}}