{"id":15497,"date":"2020-05-20T12:53:40","date_gmt":"2020-05-20T09:53:40","guid":{"rendered":"http:\/\/www.yeniterter.az\/?p=15497"},"modified":"2020-05-20T12:53:46","modified_gmt":"2020-05-20T09:53:46","slug":"ramazan-ayi-n%c9%99-vaxt-bitir","status":"publish","type":"post","link":"https:\/\/yeniterter.az\/?p=15497","title":{"rendered":"RAMAZAN AYI N\u018f VAXT B\u0130T\u0130R?"},"content":{"rendered":"<p><img decoding=\"async\" loading=\"lazy\" class=\" wp-image-15498 alignright\" src=\"http:\/\/www.yeniterter.az\/wp-content\/uploads\/ramadan-2012-wallpapers-hd-islamic-wallpapers-060-275x300.jpg\" alt=\"\" width=\"145\" height=\"158\" srcset=\"https:\/\/yeniterter.az\/wp-content\/uploads\/ramadan-2012-wallpapers-hd-islamic-wallpapers-060-275x300.jpg 275w, https:\/\/yeniterter.az\/wp-content\/uploads\/ramadan-2012-wallpapers-hd-islamic-wallpapers-060.jpg 620w\" sizes=\"(max-width: 145px) 100vw, 145px\" \/>Ramazan ay\u0131n\u0131n son g\u00fcnl\u0259rini ya\u015fay\u0131r\u0131q. Bu is\u0259 o dem\u0259kdir ki, yen\u0259 d\u0259 bayram\u0131n hans\u0131 g\u00fcn\u0259 t\u0259sad\u00fcf etm\u0259si il\u0259 \u0259laq\u0259dar m\u00fczakir\u0259l\u0259r g\u00fcnd\u0259mi z\u0259bt edir.<br \/>\nQ\u0259m\u0259ri t\u0259qvimi aylar\u0131n\u0131n, x\u00fcsus\u0259n is\u0259 Ramazan ay\u0131n\u0131n ba\u015flanmas\u0131 v\u0259 bitm\u0259si \u00fczr\u0259 r\u0259y m\u00fcxt\u0259lifliyi \u0130slam\u0131n ilk ill\u0259rind\u0259n m\u00f6vcud olub. Sonradan astronomiyan\u0131n inki\u015faf\u0131 bu m\u0259s\u0259l\u0259y\u0259 yeni bax\u0131\u015flar da g\u0259tirib. V\u0259 bizc\u0259 bunlar\u0131n olmas\u0131 tam normal hald\u0131r. Astronomik hesablamalar yeni ay\u0131n ba\u015flanmas\u0131 bar\u0259d\u0259 q\u0259rar verm\u0259k \u00fc\u00e7\u00fcn kifay\u0259tdir. Astronomik ay\u0131n t\u0259z\u0259l\u0259nm\u0259si, onun g\u00f6r\u00fcn\u00fcb-g\u00f6r\u00fcnm\u0259m\u0259sind\u0259n as\u0131l\u0131 ol-mayaraq, yeni ay\u0131n ba\u015flanmas\u0131na d\u0259lal\u0259t edir. \u0130kinci r\u0259y bel\u0259dir: \u0259g\u0259r d\u00fcnyan\u0131n ist\u0259nil\u0259n n\u00f6qt\u0259sind\u0259 Ay g\u00f6r\u00fcn\u0259rs\u0259, art\u0131q <!--more-->bayram namaz\u0131 q\u0131lmaq olar. Y\u0259ni planetin ist\u0259nil\u0259n regionunda m\u00fc\u015fahid\u0259 edil\u0259n Ay b\u00fct\u00fcn m\u00fcs\u0259lmanlara Ramazan\u0131n bitm\u0259si, \u015e\u0259vval\u0131n is\u0259 ba\u015flamas\u0131na bir i\u015far\u0259dir. N\u0259hay\u0259t, sonuncu r\u0259y\u0259 \u0259sas\u0259n, Ay m\u00fctl\u0259q h\u0259r m\u00fcs\u0259lman toplumunun ya\u015fad\u0131\u011f\u0131 \u00fcf\u00fcq x\u0259ttind\u0259 g\u00f6r\u00fcnm\u0259lidir. M\u0259s\u0259l\u0259n, \u0259g\u0259r Ay yaln\u0131z C\u0259nubi Amerikada m\u00fc\u015fahid\u0259 edilibs\u0259, o zaman m\u0259hz bu \u0259razid\u0259 ya\u015fayanlar bayram namaz\u0131 q\u0131la bil\u0259r. Asiya, Avropa, Az\u0259rbaycan m\u00fcs\u0259lmanlar\u0131 \u00fc\u00e7\u00fcns\u0259 Ay sabit olmay\u0131b v\u0259 onlar Ramazan orucunu davam etdirm\u0259lidirl\u0259r. H\u0259r il d\u0259 hans\u0131 \u00f6lk\u0259l\u0259rin hans\u0131 g\u00fcnl\u0259rd\u0259 bayram elan etm\u0259si yaz\u0131l\u0131r v\u0259 bir daha s\u00fcbut olunur ki, b\u00fct\u00fcn d\u00fcnya dem\u0259k olar 50\/50 prinsipi il\u0259, m\u0259zh\u0259bind\u0259n as\u0131l\u0131 olmayaraq, Bayram\u0131 f\u0259rqli g\u00fcnl\u0259rd\u0259 qeyd edir (M\u0259s\u0259l\u0259n, Hind-\u00c7in regionu: Pakistan, Hindistan, Banqlade\u015f v\u0259 s.; M\u0259\u011frib \u00f6lk\u0259l\u0259rinin b\u0259zisi; \u0130raq, \u0130ran, Az\u0259rbaycan, Da\u011f\u0131stan, b\u0259z\u0259n is\u0259 b\u0259zi Orta Asiya \u00f6lk\u0259l\u0259ri v\u0259 s. dem\u0259k olar ki, h\u0259r il Ramazan bayram\u0131n\u0131 K\u00f6rf\u0259z \u00f6lk\u0259l\u0259ri, T\u00fcrkiy\u0259, Malaziya v\u0259 \u0130ndoneziyadan bir g\u00fcn sonra qeyd edir).V\u0259 sonuncu. Astronomik hesablamalara g\u00f6r\u0259, bu il ay\u0131n astronomik yenil\u0259nm\u0259si 24 mayda ba\u015f tutacaq. Yeni Ay may\u0131n 24-\u00fc ax\u015fam\u0131 s\u0259mada peyda olacaq. Lakin \u00fcf\u00fcqd\u0259n \u00e7ox az h\u00fcnd\u00fcr olmas\u0131 v\u0259 dem\u0259k olar ki, G\u00fcn\u0259\u015fin q\u00fcrubu il\u0259 eyni zamanda batmas\u0131 n\u0259tic\u0259sind\u0259 onun bi-zim regionda g\u00f6zl\u0259 g\u00f6r\u00fcnm\u0259si qeyri-m\u00fcmk\u00fcn olacaq. Odur ki, \u0259n\u0259n\u0259vi olaraq ye-ni Ay\u0131n g\u00f6r\u00fcnm\u0259si prinsipi il\u0259 bayram\u0131 qeyd ed\u0259n Az\u0259rbaycanda may\u0131n 23-\u00fc Ramazan ay\u0131n\u0131n son g\u00fcn\u00fc, may\u0131n 24-i is\u0259, Qafqaz M\u00fcs\u0259lmanlar\u0131 \u0130dar\u0259sinin elan etdiyi kimi, Ramazan Bayram\u0131 g\u00fcn\u00fcd\u00fcr.<br \/>\nAz\u0259rbaycanda Ramazan bayram\u0131 karantin qaydalar\u0131na uy\u011fun ke\u00e7\u0259c\u0259k.<br \/>\nQafqaz M\u00fcs\u0259lmanlar\u0131 \u0130dar\u0259si is\u0259 inancl\u0131lar\u0131 q\u0259l\u0259b\u0259lik s\u00fcfr\u0259l\u0259rd\u0259n uzaq olma\u011f\u0131 t\u0259klif edir.<br \/>\nBu il Ramazan ay\u0131n\u0131n COV\u0130D-19 pandemiyas\u0131 v\u0259 bununla \u0259laq\u0259dar karantin rejiminin elan olunmas\u0131 il\u0259 \u00fcst-\u00fcst\u0259 d\u00fc\u015fd\u00fcy\u00fcn\u0259 g\u00f6r\u0259 ha-z\u0131rki v\u0259ziyy\u0259t Ramazan bayram\u0131 qaydalar\u0131na da t\u0259sir edir.<br \/>\nHaz\u0131rda b\u00fct\u00fcn m\u0259scidl\u0259r ba\u011fl\u0131d\u0131r, odur ki, k\u00fctl\u0259vi namazlar da m\u00fcmk\u00fcn deyil. Allah orucunuzu q\u0259bul etsin, \u0259ziz m\u00fcs\u0259lmanlar! Qar\u015f\u0131dan g\u0259l\u0259n Bayram\u0131n\u0131z da m\u00fcbar\u0259k!<\/p>\n<p>Qeyd: &#8220;Yeni T\u0259rt\u0259r&#8221; q\u0259zetinin 20 may 2020-ci il tarixli n\u00f6mr\u0259sind\u0259 Ramazan bayram\u0131n\u0131n tarixi may\u0131n 24-\u00fc \u0259v\u0259zin\u0259 s\u0259hv\u0259n 25-i g\u00f6st\u0259rilmi\u015fdir. Oxuculardan \u00fczr \u00a0ist\u0259yirik<\/p>\n","protected":false},"excerpt":{"rendered":"<p>Ramazan ay\u0131n\u0131n son g\u00fcnl\u0259rini ya\u015fay\u0131r\u0131q. Bu is\u0259 o dem\u0259kdir ki, yen\u0259 d\u0259 bayram\u0131n hans\u0131 g\u00fcn\u0259 t\u0259sad\u00fcf etm\u0259si il\u0259 \u0259laq\u0259dar m\u00fczakir\u0259l\u0259r g\u00fcnd\u0259mi z\u0259bt edir. Q\u0259m\u0259ri t\u0259qvimi aylar\u0131n\u0131n, x\u00fcsus\u0259n is\u0259 Ramazan ay\u0131n\u0131n ba\u015flanmas\u0131 v\u0259 bitm\u0259si \u00fczr\u0259 r\u0259y m\u00fcxt\u0259lifliyi \u0130slam\u0131n ilk ill\u0259rind\u0259n m\u00f6vcud olub. Sonradan astronomiyan\u0131n inki\u015faf\u0131 bu m\u0259s\u0259l\u0259y\u0259 yeni bax\u0131\u015flar da g\u0259tirib. V\u0259 bizc\u0259 bunlar\u0131n olmas\u0131 tam [&hellip;]<\/p>\n","protected":false},"author":2,"featured_media":0,"comment_status":"closed","ping_status":"closed","sticky":false,"template":"","format":"standard","meta":[],"categories":[30],"tags":[],"_links":{"self":[{"href":"https:\/\/yeniterter.az\/index.php?rest_route=\/wp\/v2\/posts\/15497"}],"collection":[{"href":"https:\/\/yeniterter.az\/index.php?rest_route=\/wp\/v2\/posts"}],"about":[{"href":"https:\/\/yeniterter.az\/index.php?rest_route=\/wp\/v2\/types\/post"}],"author":[{"embeddable":true,"href":"https:\/\/yeniterter.az\/index.php?rest_route=\/wp\/v2\/users\/2"}],"replies":[{"embeddable":true,"href":"https:\/\/yeniterter.az\/index.php?rest_route=%2Fwp%2Fv2%2Fcomments&post=15497"}],"version-history":[{"count":1,"href":"https:\/\/yeniterter.az\/index.php?rest_route=\/wp\/v2\/posts\/15497\/revisions"}],"predecessor-version":[{"id":15499,"href":"https:\/\/yeniterter.az\/index.php?rest_route=\/wp\/v2\/posts\/15497\/revisions\/15499"}],"wp:attachment":[{"href":"https:\/\/yeniterter.az\/index.php?rest_route=%2Fwp%2Fv2%2Fmedia&parent=15497"}],"wp:term":[{"taxonomy":"category","embeddable":true,"href":"https:\/\/yeniterter.az\/index.php?rest_route=%2Fwp%2Fv2%2Fcategories&post=15497"},{"taxonomy":"post_tag","embeddable":true,"href":"https:\/\/yeniterter.az\/index.php?rest_route=%2Fwp%2Fv2%2Ftags&post=15497"}],"curies":[{"name":"wp","href":"https:\/\/api.w.org\/{rel}","templated":true}]}}