{"id":15473,"date":"2020-05-20T11:50:48","date_gmt":"2020-05-20T08:50:48","guid":{"rendered":"http:\/\/www.yeniterter.az\/?p=15473"},"modified":"2020-05-20T11:50:55","modified_gmt":"2020-05-20T08:50:55","slug":"beyn%c9%99lxalq-ail%c9%99-gunu-4","status":"publish","type":"post","link":"https:\/\/yeniterter.az\/?p=15473","title":{"rendered":"BEYN\u018fLXALQ A\u0130L\u018f G\u00dcN\u00dc"},"content":{"rendered":"<p><strong> <img decoding=\"async\" loading=\"lazy\" class=\"wp-image-15474 alignright\" src=\"http:\/\/www.yeniterter.az\/wp-content\/uploads\/unnamed-1-1-300x200.jpg\" alt=\"\" width=\"188\" height=\"125\" srcset=\"https:\/\/yeniterter.az\/wp-content\/uploads\/unnamed-1-1-300x200.jpg 300w, https:\/\/yeniterter.az\/wp-content\/uploads\/unnamed-1-1.jpg 400w\" sizes=\"(max-width: 188px) 100vw, 188px\" \/><\/strong>Beyn\u0259lxalq Ail\u0259 G\u00fcn\u00fcn\u00fcn t\u0259sis edilm\u0259sind\u0259 \u0259sas m\u0259qs\u0259d d\u00fcnya ictimaiyy\u0259tinin diqq\u0259tini m\u00fcasir ail\u0259 il\u0259 ba\u011fl\u0131 probleml\u0259r\u0259 c\u0259lb etm\u0259kdir. Bununla beyn\u0259lxalq s\u0259viyy\u0259d\u0259 ail\u0259l\u0259r, onlar\u0131n rifah\u0131, ail\u0259nin risk alt\u0131na d\u00fc\u015fm\u0259sinin qar\u015f\u0131s\u0131n\u0131n al\u0131nmas\u0131, h\u0259yat \u015f\u0259raitinin yax\u015f\u0131la\u015fd\u0131r\u0131lmas\u0131 kimi m\u0259s\u0259l\u0259l\u0259ri g\u00fcnd\u0259liy\u0259 g\u0259tirm\u0259k n\u0259z\u0259rd\u0259 tutulub. Bu aksiya planetimizd\u0259 ya\u015fayan b\u00fct\u00fcn insanlar\u0131n diqq\u0259tini bir daha ail\u0259 probleml\u0259rinin h\u0259llin\u0259 y\u00f6n\u0259ltm\u0259y\u0259 xidm\u0259t edir. Ulu \u00f6nd\u0259r Heyd\u0259r \u018fliyev milli m\u0259n\u0259vi d\u0259y\u0259rl\u0259rin qorunmas\u0131n\u0131n vacibliyini vur\u011fulayaraq deyib: \u201cAz\u0259rbaycan xalq\u0131n\u0131n milli \u0259n\u0259n\u0259l\u0259rind\u0259n biri d\u0259 <!--more-->ondan ibar\u0259tdir ki, u\u015fa\u011fa diqq\u0259t, qay\u011f\u0131 h\u0259r bir ail\u0259nin, h\u0259r bir insan\u0131n \u0259sas v\u0259zif\u0259si, m\u0259n\u0259viyyat\u0131m\u0131z\u0131n \u0259sas hiss\u0259si olubdur\u201d. Bu siyas\u0259t Az\u0259rbaycanda bu g\u00fcn d\u0259 m\u0259qs\u0259dy\u00f6nl\u00fc sur\u0259td\u0259 h\u0259yata ke\u00e7irilir. Az\u0259rbaycan Prezidenti \u0130lham \u018fliyev v\u0259 birinci xan\u0131m, Heyd\u0259r \u018fliyev Fondunun prezidenti Mehriban \u018fliyeva milli m\u0259n\u0259vi d\u0259y\u0259rl\u0259rin qorunmas\u0131na b\u00f6y\u00fck diqq\u0259t v\u0259 qay\u011f\u0131 g\u00f6st\u0259rirl\u0259r. D\u00f6vl\u0259t ba\u015f\u00e7\u0131m\u0131z \u0130lham \u018fliyev m\u00fcasir Az\u0259rbaycan\u0131n h\u0259yat\u0131nda ail\u0259 d\u0259y\u0259rl\u0259rinin \u00f6n\u0259mini y\u00fcks\u0259k qiym\u0259tl\u0259ndir\u0259r\u0259k deyib: \u201c\u00d6lk\u0259mizin inki\u015faf\u0131, m\u00fcst\u0259qilliyimizin daha da m\u00f6hk\u0259ml\u0259ndirilm\u0259si \u00fc\u00e7\u00fcn v\u0259 milli d\u0259y\u0259rl\u0259rin tam \u015f\u0259kild\u0259 b\u0259rq\u0259rar edilm\u0259si \u00fc\u00e7\u00fcn ail\u0259 d\u0259y\u0259rl\u0259ri daim y\u00fcks\u0259k olmal\u0131d\u0131r\u201d. Bu g\u00fcn \u00f6lk\u0259mizd\u0259 ail\u0259l\u0259rin rifah\u0131n\u0131n daha da yax\u015f\u0131la\u015fd\u0131r\u0131lmas\u0131 istiqam\u0259tind\u0259 m\u00fch\u00fcm t\u0259dbirl\u0259r h\u0259yata ke\u00e7irilir. \u00d6lk\u0259mizin b\u00fct\u00fcn sah\u0259l\u0259rd\u0259 \u0259ld\u0259 etdiyi u\u011furlar ail\u0259 institutunun inki\u015faf\u0131nda da \u00f6z t\u0259sdiqini tapmaqdad\u0131r.Beyn\u0259lxalq Ail\u0259 G\u00fcn\u00fc BMT-nin Ba\u015f Assambleyas\u0131n\u0131n q\u0259tnam\u0259sin\u0259 m\u00fcvafiq olaraq 1994-c\u00fc ild\u0259n qeyd olunur. Az\u0259rbaycan 2008-ci ild\u0259n bu \u0259n\u0259n\u0259y\u0259 qo\u015fulub. Respublikam\u0131zda ail\u0259 bayram\u0131n\u0131n qeyd olunmas\u0131 d\u00f6vl\u0259t qad\u0131n siya-s\u0259tinin \u0259yani t\u0259c\u0259ss\u00fcm\u00fcd\u00fcr. Ail\u0259 d\u0259y\u0259rl\u0259rinin qorunub saxlan\u0131laraq g\u0259l\u0259c\u0259k n\u0259sill\u0259r\u0259 \u00f6t\u00fcr\u00fclm\u0259si, g\u0259ncl\u0259rin ya\u015fl\u0131lara h\u00f6rm\u0259t ruhunda t\u0259rbiy\u0259 olunmas\u0131, ail\u0259d\u0259 s\u00fclh v\u0259 d\u00f6z\u00fcml\u00fcl\u00fck m\u0259d\u0259niyy\u0259tinin, sa\u011flam h\u0259yat t\u0259rzinin t\u0259bli\u011fi m\u0259qs\u0259di il\u0259 Ail\u0259, Qad\u0131n v\u0259 U\u015faq Probleml\u0259ri \u00fczr\u0259 D\u00f6vl\u0259t Komit\u0259si t\u0259r\u0259find\u0259n ail\u0259 bayram\u0131 h\u0259r il m\u00fcxt\u0259lif b\u00f6lg\u0259l\u0259rd\u0259 t\u0259\u015fkil olunur.<\/p>\n","protected":false},"excerpt":{"rendered":"<p>Beyn\u0259lxalq Ail\u0259 G\u00fcn\u00fcn\u00fcn t\u0259sis edilm\u0259sind\u0259 \u0259sas m\u0259qs\u0259d d\u00fcnya ictimaiyy\u0259tinin diqq\u0259tini m\u00fcasir ail\u0259 il\u0259 ba\u011fl\u0131 probleml\u0259r\u0259 c\u0259lb etm\u0259kdir. Bununla beyn\u0259lxalq s\u0259viyy\u0259d\u0259 ail\u0259l\u0259r, onlar\u0131n rifah\u0131, ail\u0259nin risk alt\u0131na d\u00fc\u015fm\u0259sinin qar\u015f\u0131s\u0131n\u0131n al\u0131nmas\u0131, h\u0259yat \u015f\u0259raitinin yax\u015f\u0131la\u015fd\u0131r\u0131lmas\u0131 kimi m\u0259s\u0259l\u0259l\u0259ri g\u00fcnd\u0259liy\u0259 g\u0259tirm\u0259k n\u0259z\u0259rd\u0259 tutulub. Bu aksiya planetimizd\u0259 ya\u015fayan b\u00fct\u00fcn insanlar\u0131n diqq\u0259tini bir daha ail\u0259 probleml\u0259rinin h\u0259llin\u0259 y\u00f6n\u0259ltm\u0259y\u0259 xidm\u0259t edir. Ulu \u00f6nd\u0259r [&hellip;]<\/p>\n","protected":false},"author":2,"featured_media":0,"comment_status":"closed","ping_status":"closed","sticky":false,"template":"","format":"standard","meta":[],"categories":[10],"tags":[],"_links":{"self":[{"href":"https:\/\/yeniterter.az\/index.php?rest_route=\/wp\/v2\/posts\/15473"}],"collection":[{"href":"https:\/\/yeniterter.az\/index.php?rest_route=\/wp\/v2\/posts"}],"about":[{"href":"https:\/\/yeniterter.az\/index.php?rest_route=\/wp\/v2\/types\/post"}],"author":[{"embeddable":true,"href":"https:\/\/yeniterter.az\/index.php?rest_route=\/wp\/v2\/users\/2"}],"replies":[{"embeddable":true,"href":"https:\/\/yeniterter.az\/index.php?rest_route=%2Fwp%2Fv2%2Fcomments&post=15473"}],"version-history":[{"count":1,"href":"https:\/\/yeniterter.az\/index.php?rest_route=\/wp\/v2\/posts\/15473\/revisions"}],"predecessor-version":[{"id":15475,"href":"https:\/\/yeniterter.az\/index.php?rest_route=\/wp\/v2\/posts\/15473\/revisions\/15475"}],"wp:attachment":[{"href":"https:\/\/yeniterter.az\/index.php?rest_route=%2Fwp%2Fv2%2Fmedia&parent=15473"}],"wp:term":[{"taxonomy":"category","embeddable":true,"href":"https:\/\/yeniterter.az\/index.php?rest_route=%2Fwp%2Fv2%2Fcategories&post=15473"},{"taxonomy":"post_tag","embeddable":true,"href":"https:\/\/yeniterter.az\/index.php?rest_route=%2Fwp%2Fv2%2Ftags&post=15473"}],"curies":[{"name":"wp","href":"https:\/\/api.w.org\/{rel}","templated":true}]}}