{"id":15470,"date":"2020-05-20T11:46:32","date_gmt":"2020-05-20T08:46:32","guid":{"rendered":"http:\/\/www.yeniterter.az\/?p=15470"},"modified":"2020-05-20T11:46:39","modified_gmt":"2020-05-20T08:46:39","slug":"beyn%c9%99lxalq-muzeyl%c9%99r-gunu-2","status":"publish","type":"post","link":"https:\/\/yeniterter.az\/?p=15470","title":{"rendered":"BEYN\u018fLXALQ MUZEYL\u018fR G\u00dcN\u00dc"},"content":{"rendered":"<p><img decoding=\"async\" loading=\"lazy\" class=\" wp-image-15471 alignleft\" src=\"http:\/\/www.yeniterter.az\/wp-content\/uploads\/15097011403867743691_1000x669-300x200.jpg\" alt=\"\" width=\"198\" height=\"132\" srcset=\"https:\/\/yeniterter.az\/wp-content\/uploads\/15097011403867743691_1000x669-300x200.jpg 300w, https:\/\/yeniterter.az\/wp-content\/uploads\/15097011403867743691_1000x669-768x513.jpg 768w, https:\/\/yeniterter.az\/wp-content\/uploads\/15097011403867743691_1000x669.jpg 1000w\" sizes=\"(max-width: 198px) 100vw, 198px\" \/>H\u0259r il may\u0131n 18-ni d\u00fcnya m\u0259d\u0259ni ictimaiyy\u0259ti Beyn\u0259lxalq Muzey G\u00fcn\u00fc kimi qeyd edir. Bu g\u00fcn 1977-ci ild\u0259 Beyn\u0259lxalq Muzeyl\u0259r \u015euras\u0131n\u0131n 11-ci konfrans\u0131nda Sovet n\u00fcmay\u0259nd\u0259 hey\u0259tinin t\u0259klifi il\u0259 t\u0259sis olunmu\u015fdur. 1978-ci ild\u0259n etibar\u0259n bu bayram h\u0259r il 150-d\u0259n \u00e7ox \u00f6lk\u0259d\u0259 qeyd olunur. &#8220;Muzey&#8221; yunan s\u00f6z\u00fc olub, &#8220;muzalar m\u0259b\u0259di&#8221; dem\u0259kdir. Muzalar q\u0259dim yunan mifologiyas\u0131nda inc\u0259s\u0259n\u0259t v\u0259 elm ilah\u0259l\u0259ri hesab olunurdular. Sonralar maddi v\u0259 m\u0259n\u0259vi m\u0259d\u0259niyy\u0259t abid\u0259l\u0259rini komplektl\u0259\u015fdir\u0259n, saxlayan, n\u00fcmayi\u015f etdir\u0259n, t\u0259dqiq v\u0259 t\u0259bli\u011f ed\u0259n elmi m\u00fc\u0259ssis\u0259l\u0259r bu adla adland\u0131r\u0131lm\u0131\u015fd\u0131r.<!--more--><br \/>\nD\u00fcnyada ilk muzey Ellin d\u00f6vr\u00fcnd\u0259 q\u0259dim Misirin paytaxt\u0131 \u0130sg\u0259nd\u0259riyy\u0259 \u015f\u0259h\u0259rind\u0259 yarad\u0131lm\u0131\u015fd\u0131r. Burada 40.000-d\u0259n art\u0131q eksponatlar &#8211; sikk\u0259l\u0259r, heyk\u0259ll\u0259r, sarkofaqlar, gil qablar, papiruslar v\u0259 bir-birind\u0259n g\u00f6z\u0259l t\u0259sviri s\u0259n\u0259t n\u00fcmun\u0259l\u0259ri toplanm\u0131\u015fd\u0131r. \u0130ndi d\u00fcnyada muzeyl\u0259r \u00e7oxdur. Onlardan \u0259n m\u0259\u015fhurlar\u0131 Parisd\u0259 Luvr muzeyi (Fransa), Londonda Viktoriya v\u0259 Albert muzeyi (B\u00f6y\u00fck Britaniya), \u0130stanbulda Topqap\u0131 muzeyi (T\u00fcrkiy\u0259) v\u0259 Sankt-Peterburqda Ermitajd\u0131r (Rusiya).<br \/>\nAz\u0259rbaycanda muzey i\u015finin tarixi \u00e7ox da q\u0259dim deyil. XX \u0259srin \u0259vv\u0259ll\u0259rind\u0259 Bak\u0131 ticar\u0259t m\u0259kt\u0259bi n\u0259zdind\u0259 S\u0259naye, Xalq m\u0259kt\u0259bl\u0259rinin Bak\u0131-Da\u011f\u0131stan m\u00fcdiriyy\u0259ti n\u0259zdind\u0259 Pedaqoji, Rus texniki c\u0259miyy\u0259ti Bak\u0131 \u015f\u00f6b\u0259si n\u0259zdind\u0259 Texniki muzeyl\u0259r f\u0259aliyy\u0259t g\u00f6st\u0259rmi\u015fdir.<br \/>\n\u0130lk milli muzeyin yarad\u0131lmas\u0131 is\u0259 Az\u0259rbaycan Xalq C\u00fcmhuriyy\u0259ti d\u00f6vr\u00fc il\u0259 ba\u011fl\u0131d\u0131r. Muzeyd\u0259 tariximizi, milli-m\u0259n\u0259vi d\u0259y\u0259rl\u0259rimizi \u0259ks etdir\u0259n eksponatlar &#8211; m\u0259i\u015f\u0259t \u0259\u015fyalar\u0131, silahlar v\u0259 \u0259lyazmalar toplanm\u0131\u015fd\u0131. Sovet hakimiyy\u0259ti ill\u0259rind\u0259 Respublikada muzey \u015f\u0259b\u0259k\u0259si daha da geni\u015fl\u0259nmi\u015fdi: Nizami ad\u0131na \u018fd\u0259biyyat muzeyi, L. K\u0259-rimov ad\u0131na Az\u0259rbaycan Xal\u00e7as\u0131 v\u0259 Xalq T\u0259tbiqi S\u0259n\u0259t D\u00f6vl\u0259t Muzeyi, Az\u0259rbaycan Tarixi muzeyi, Xalq Maarifi muzeyi, \u0259ks\u0259r rayon v\u0259 \u015f\u0259h\u0259rl\u0259rd\u0259 tarix-diyar\u015f\u00fcnasl\u0131q muzeyl\u0259ri, elm v\u0259 m\u0259d\u0259niyy\u0259t xadiml\u0259rinin ev muzeyl\u0259ri v\u0259 s. bu q\u0259bild\u0259ndir. Az\u0259rbaycan h\u0259m d\u0259 a\u00e7\u0131q s\u0259ma alt\u0131nda yerl\u0259\u015f\u0259n muzeyl\u0259r \u00f6lk\u0259sidir. Bunu Qobustanda, \u0130stisuda (K\u0259lb\u0259c\u0259r) v\u0259 G\u0259miqayada (Nax\u00e7\u0131van) qayalar \u00fcz\u0259rind\u0259ki t\u0259svirl\u0259r s\u00fcbut edir.<br \/>\nT\u0259rt\u0259r rayonunda da yeni tikilib istifad\u0259y\u0259 verilmi\u015f Tarix\u2013Diyar\u015funasl\u0131q Muzeyi f\u0259aliyy\u0259t g\u00f6st\u0259rir. Burada rayonun ke\u00e7mi\u015f tarixini v\u0259 son d\u00f6vrl\u0259rini \u0259ks etdir\u0259n xeyli eksponatlar, s\u0259n\u0259dl\u0259r, r\u0259sml\u0259r v\u0259 \u0259\u015fyalar n\u00fcmayi\u015f etdirilir.<\/p>\n","protected":false},"excerpt":{"rendered":"<p>H\u0259r il may\u0131n 18-ni d\u00fcnya m\u0259d\u0259ni ictimaiyy\u0259ti Beyn\u0259lxalq Muzey G\u00fcn\u00fc kimi qeyd edir. Bu g\u00fcn 1977-ci ild\u0259 Beyn\u0259lxalq Muzeyl\u0259r \u015euras\u0131n\u0131n 11-ci konfrans\u0131nda Sovet n\u00fcmay\u0259nd\u0259 hey\u0259tinin t\u0259klifi il\u0259 t\u0259sis olunmu\u015fdur. 1978-ci ild\u0259n etibar\u0259n bu bayram h\u0259r il 150-d\u0259n \u00e7ox \u00f6lk\u0259d\u0259 qeyd olunur. &#8220;Muzey&#8221; yunan s\u00f6z\u00fc olub, &#8220;muzalar m\u0259b\u0259di&#8221; dem\u0259kdir. Muzalar q\u0259dim yunan mifologiyas\u0131nda inc\u0259s\u0259n\u0259t v\u0259 elm [&hellip;]<\/p>\n","protected":false},"author":2,"featured_media":0,"comment_status":"closed","ping_status":"closed","sticky":false,"template":"","format":"standard","meta":[],"categories":[10],"tags":[],"_links":{"self":[{"href":"https:\/\/yeniterter.az\/index.php?rest_route=\/wp\/v2\/posts\/15470"}],"collection":[{"href":"https:\/\/yeniterter.az\/index.php?rest_route=\/wp\/v2\/posts"}],"about":[{"href":"https:\/\/yeniterter.az\/index.php?rest_route=\/wp\/v2\/types\/post"}],"author":[{"embeddable":true,"href":"https:\/\/yeniterter.az\/index.php?rest_route=\/wp\/v2\/users\/2"}],"replies":[{"embeddable":true,"href":"https:\/\/yeniterter.az\/index.php?rest_route=%2Fwp%2Fv2%2Fcomments&post=15470"}],"version-history":[{"count":1,"href":"https:\/\/yeniterter.az\/index.php?rest_route=\/wp\/v2\/posts\/15470\/revisions"}],"predecessor-version":[{"id":15472,"href":"https:\/\/yeniterter.az\/index.php?rest_route=\/wp\/v2\/posts\/15470\/revisions\/15472"}],"wp:attachment":[{"href":"https:\/\/yeniterter.az\/index.php?rest_route=%2Fwp%2Fv2%2Fmedia&parent=15470"}],"wp:term":[{"taxonomy":"category","embeddable":true,"href":"https:\/\/yeniterter.az\/index.php?rest_route=%2Fwp%2Fv2%2Fcategories&post=15470"},{"taxonomy":"post_tag","embeddable":true,"href":"https:\/\/yeniterter.az\/index.php?rest_route=%2Fwp%2Fv2%2Ftags&post=15470"}],"curies":[{"name":"wp","href":"https:\/\/api.w.org\/{rel}","templated":true}]}}