{"id":15344,"date":"2020-05-09T09:47:54","date_gmt":"2020-05-09T06:47:54","guid":{"rendered":"http:\/\/www.yeniterter.az\/?p=15344"},"modified":"2020-05-09T09:48:03","modified_gmt":"2020-05-09T06:48:03","slug":"ramazan-ayi","status":"publish","type":"post","link":"https:\/\/yeniterter.az\/?p=15344","title":{"rendered":"RAMAZAN AYI"},"content":{"rendered":"<p style=\"text-align: center;\"><strong>M\u00dcQ\u018fDD\u018fS AYIN T\u018fQV\u0130M\u0130<\/strong><\/p>\n<p><img decoding=\"async\" loading=\"lazy\" class=\"wp-image-15345 alignright\" src=\"http:\/\/www.yeniterter.az\/wp-content\/uploads\/islam-2376411_640-300x176.jpg\" alt=\"\" width=\"187\" height=\"109\" srcset=\"https:\/\/yeniterter.az\/wp-content\/uploads\/islam-2376411_640-300x176.jpg 300w, https:\/\/yeniterter.az\/wp-content\/uploads\/islam-2376411_640.jpg 640w\" sizes=\"(max-width: 187px) 100vw, 187px\" \/>Qafqaz M\u00fcs\u0259lmanlar\u0131 \u0130dar\u0259sinin (QM\u0130) Qazil\u0259r \u015euras\u0131 aprelin 20-d\u0259 Ramazan ay\u0131 il\u0259 ba\u011fl\u0131 f\u0259tva verib.<br \/>\nF\u0259tvada deyilir ki, bu il \u00f6lk\u0259 \u0259razimizin \u00fcf\u00fcq\u00fcnd\u0259 Ay hilal\u0131n\u0131n g\u00f6r\u00fcnm\u0259sin\u0259 uy\u011fun olaraq Ramazan ay\u0131n\u0131n 1-i miladi t\u0259qviml\u0259 25 aprel 2020-ci il\u0259 t\u0259sad\u00fcf edib. Bel\u0259likl\u0259, Az\u0259rbaycanda Ramazan ay\u0131 bu il aprelin 25-d\u0259n ba\u015flay\u0131b. Y\u0259ni, h\u0259min g\u00fcnd\u0259n etibar\u0259n 30 g\u00fcn \u0259rzind\u0259 m\u00fcs\u0259lmanlar oruc tutacaqlar.<br \/>\nQeyd ed\u0259k ki, bu il Ramazan ay\u0131 b\u00fct\u00fcn d\u00fcnya \u00fc\u00e7\u00fcn \u00e7\u0259tin bir d\u00f6vr\u0259 t\u0259sad\u00fcf edib. Haz\u0131rda yeni n\u00f6v koronavirus d\u00fcnyada yay\u0131lmaqdad\u0131r v\u0259 o s\u0259b\u0259bd\u0259n bir \u00e7ox d\u00fcnya \u00f6lk\u0259l\u0259rind\u0259, o c\u00fcml\u0259d\u0259n Az\u0259rbaycanda ka-rantin rejimi t\u0259tbiq olunub.<!--more--><br \/>\nKoronavirus m\u0259hz immuniteti z\u0259if insanlara daha g\u00fccl\u00fc t\u0259sir ed\u0259 bilir.<br \/>\nB\u00fct\u00fcn bunlar\u0131 n\u0259z\u0259r\u0259 alan QM\u0130 \u00f6z f\u0259tvas\u0131nda qeyd edir ki, &#8220;builki Ramazan\u0131n t\u0259sad\u00fcf etdiyi m\u00fcr\u0259kk\u0259b zamanda insanlar Uca Allah\u0131n \u0259man\u0259ti olan \u00f6z h\u0259yatlar\u0131n\u0131 v\u0259 \u0259trafdak\u0131lar\u0131n canlar\u0131n\u0131 x\u00fcsusil\u0259 qoruma\u011fa borcludurlar. El\u0259 bir d\u00f6vrd\u00fcr ki, bir adam\u0131n m\u0259suliyy\u0259tsizliyi, laqeydliyi minl\u0259rl\u0259 g\u00fcnahs\u0131z insan\u0131n h\u0259yat\u0131 bahas\u0131na ba\u015fa g\u0259l\u0259 bil\u0259r. Bunun b\u00f6y\u00fck g\u00fcnah oldu\u011funu unutmamal\u0131y\u0131q. \u015e\u0259ri\u0259t\u0259 g\u00f6r\u0259, insan\u0131n sa\u011fl\u0131\u011f\u0131na, sa\u011flaml\u0131\u011f\u0131na z\u0259r\u0259r ver\u0259 bil\u0259c\u0259k, b\u0259d\u0259nini z\u0259ifl\u0259d\u0259r\u0259k x\u0259st\u0259lik qar\u015f\u0131s\u0131nda aciz hala g\u0259tir\u0259c\u0259k m\u0259qamlara yol verilm\u0259m\u0259lidir. Nec\u0259 ki Allah\u0131n Pey\u011f\u0259mb\u0259ri (s) &#8220;Bu ayda \u0259n yax\u015f\u0131 \u0259m\u0259l n\u0259dir?&#8221; sual\u0131na cavab olaraq buyurdu: &#8220;Bu ayda \u0259n yax\u015f\u0131 \u0259m\u0259l &#8211; \u00f6z\u00fcn\u00fc Allah\u0131n qada\u011fan etdikl\u0259rind\u0259n daha \u00e7ox \u00e7\u0259kindirm\u0259kdir&#8221;.<br \/>\nAllah orucunuzu q\u0259bul etsin!<\/p>\n","protected":false},"excerpt":{"rendered":"<p>M\u00dcQ\u018fDD\u018fS AYIN T\u018fQV\u0130M\u0130 Qafqaz M\u00fcs\u0259lmanlar\u0131 \u0130dar\u0259sinin (QM\u0130) Qazil\u0259r \u015euras\u0131 aprelin 20-d\u0259 Ramazan ay\u0131 il\u0259 ba\u011fl\u0131 f\u0259tva verib. F\u0259tvada deyilir ki, bu il \u00f6lk\u0259 \u0259razimizin \u00fcf\u00fcq\u00fcnd\u0259 Ay hilal\u0131n\u0131n g\u00f6r\u00fcnm\u0259sin\u0259 uy\u011fun olaraq Ramazan ay\u0131n\u0131n 1-i miladi t\u0259qviml\u0259 25 aprel 2020-ci il\u0259 t\u0259sad\u00fcf edib. Bel\u0259likl\u0259, Az\u0259rbaycanda Ramazan ay\u0131 bu il aprelin 25-d\u0259n ba\u015flay\u0131b. Y\u0259ni, h\u0259min g\u00fcnd\u0259n etibar\u0259n 30 [&hellip;]<\/p>\n","protected":false},"author":2,"featured_media":0,"comment_status":"closed","ping_status":"closed","sticky":false,"template":"","format":"standard","meta":[],"categories":[10],"tags":[],"_links":{"self":[{"href":"https:\/\/yeniterter.az\/index.php?rest_route=\/wp\/v2\/posts\/15344"}],"collection":[{"href":"https:\/\/yeniterter.az\/index.php?rest_route=\/wp\/v2\/posts"}],"about":[{"href":"https:\/\/yeniterter.az\/index.php?rest_route=\/wp\/v2\/types\/post"}],"author":[{"embeddable":true,"href":"https:\/\/yeniterter.az\/index.php?rest_route=\/wp\/v2\/users\/2"}],"replies":[{"embeddable":true,"href":"https:\/\/yeniterter.az\/index.php?rest_route=%2Fwp%2Fv2%2Fcomments&post=15344"}],"version-history":[{"count":1,"href":"https:\/\/yeniterter.az\/index.php?rest_route=\/wp\/v2\/posts\/15344\/revisions"}],"predecessor-version":[{"id":15346,"href":"https:\/\/yeniterter.az\/index.php?rest_route=\/wp\/v2\/posts\/15344\/revisions\/15346"}],"wp:attachment":[{"href":"https:\/\/yeniterter.az\/index.php?rest_route=%2Fwp%2Fv2%2Fmedia&parent=15344"}],"wp:term":[{"taxonomy":"category","embeddable":true,"href":"https:\/\/yeniterter.az\/index.php?rest_route=%2Fwp%2Fv2%2Fcategories&post=15344"},{"taxonomy":"post_tag","embeddable":true,"href":"https:\/\/yeniterter.az\/index.php?rest_route=%2Fwp%2Fv2%2Ftags&post=15344"}],"curies":[{"name":"wp","href":"https:\/\/api.w.org\/{rel}","templated":true}]}}