{"id":1521,"date":"2015-10-15T10:36:31","date_gmt":"2015-10-15T07:36:31","guid":{"rendered":"http:\/\/www.yeniterter.az\/?p=1521"},"modified":"2015-11-25T14:36:29","modified_gmt":"2015-11-25T11:36:29","slug":"sad%c9%99-pes%c9%99-adamlari-2","status":"publish","type":"post","link":"https:\/\/yeniterter.az\/?p=1521","title":{"rendered":"SAD\u018f PE\u015e\u018f ADAMLARI"},"content":{"rendered":"<p><strong><a href=\"http:\/\/www.yeniterter.az\/wp-content\/uploads\/Esed.jpg\"><img decoding=\"async\" loading=\"lazy\" class=\"wp-image-1518 alignleft\" src=\"http:\/\/www.yeniterter.az\/wp-content\/uploads\/Esed-300x200.jpg\" alt=\"Esed\" width=\"161\" height=\"107\" srcset=\"https:\/\/yeniterter.az\/wp-content\/uploads\/Esed-300x200.jpg 300w, https:\/\/yeniterter.az\/wp-content\/uploads\/Esed-1024x684.jpg 1024w, https:\/\/yeniterter.az\/wp-content\/uploads\/Esed.jpg 1203w\" sizes=\"(max-width: 161px) 100vw, 161px\" \/><\/a>HAMININ SEV\u0130ML\u0130S\u0130<\/strong><\/p>\n<p>Abbasov \u018fs\u0259d Yahya o\u011flunu rayonumuzda \u00e7ox az adam tap\u0131lar ki, tan\u0131mas\u0131n. O, haz\u0131rda m\u0259tbuat yay\u0131m\u0131nda \u00e7e\u015fidl\u0259yici po\u00e7talyon i\u015fl\u0259yir. \u018fs\u0259dl\u0259 g\u00f6r\u00fc\u015f\u00fcb onun haqq\u0131nda yazaca\u011f\u0131m\u0131 bildirdim. Xo\u015f \u0259hval-ruhiyy\u0259 il\u0259 \u00f6z\u00fc bar\u0259sind\u0259 m\u0259lumat verdi. Bildirdi ki, 1945-ci il aprel ay\u0131n\u0131n 22-d\u0259 T\u0259rt\u0259r \u015f\u0259h\u0259rind\u0259 anadan olub.<!--more--> Ail\u0259d\u0259ki 6 \u00f6vlad\u0131n be\u015fincisi idi. Bak\u0131 \u015f\u0259h\u0259rind\u0259 1 n\u00f6mr\u0259li texniki pe\u015f\u0259 m\u0259kt\u0259bind\u0259 quyular\u0131n yeralt\u0131 t\u0259miri \u00fczr\u0259 operator k\u00f6m\u0259k\u00e7isi ixtisas\u0131n\u0131 al\u0131b. \u0130lk \u0259m\u0259k f\u0259aliyy\u0259tini d\u0259 el\u0259 Bak\u0131 \u015f\u0259h\u0259ri Orconikidze ad\u0131na neft m\u0259d\u0259nind\u0259 ba\u015flay\u0131b, 1964-c\u00fc ild\u0259 h\u0259rbi xidm\u0259t\u0259 \u00e7a\u011fr\u0131l\u0131b. \u018fsg\u0259rlik m\u00fcdd\u0259ti \u015e\u0259rqi Sibird\u0259 ke\u00e7ib. 1967-ci ild\u0259 do\u011fma rayonuna qay\u0131d\u0131b. O, \u0259vv\u0259lc\u0259 qaynaqc\u0131, sonra is\u0259 po\u00e7talyon i\u015fl\u0259yib.<br \/>\n\u018fs\u0259d Abbasov sad\u0259, s\u0259mimi r\u0259ftar\u0131 il\u0259 ictimaiyy\u0259t aras\u0131nda \u00f6z\u00fcn\u0259 n\u00fcfuz qazan\u0131b, h\u0259m d\u0259 etibarl\u0131 h\u0259yat yolda\u015f\u0131 v\u0259 qay\u011f\u0131ke\u015f atad\u0131r. Deyirl\u0259r ki, 3 q\u0131z b\u00f6y\u00fcd\u00fcb boya-ba\u015fa \u00e7atd\u0131ran c\u0259nn\u0259tlik olur, \u018fs\u0259d is\u0259 h\u0259yat yolda\u015f\u0131 \u015e\u00f6vk\u0259tl\u0259 birlikd\u0259 d\u00f6rd g\u00f6z\u0259l-g\u00f6y\u00e7\u0259k q\u0131z b\u00f6y\u00fcd\u00fcb. Q\u0131zlar\u0131n\u0131n h\u0259r biri ail\u0259lidir. Bak\u0131 \u015f\u0259h\u0259rind\u0259 ya\u015fay\u0131rlar. 11 n\u0259v\u0259si var. O, deyir ki, m\u0259n q\u0131zlar\u0131m v\u0259 ail\u0259l\u0259ri il\u0259 q\u00fcrur duyuram. Onlar\u0131 xo\u015fb\u0259xt v\u0259 mehriban g\u00f6r\u0259nd\u0259 \u00fcr\u0259yim cavanla\u015f\u0131r. Valideyn \u00fc\u00e7\u00fcn bundan g\u00f6z\u0259l he\u00e7 n\u0259 yoxdur.<\/p>\n<p style=\"text-align: right;\"><strong>Elfuz\u0259 V\u018fL\u0130YEVA<\/strong><\/p>\n","protected":false},"excerpt":{"rendered":"<p>HAMININ SEV\u0130ML\u0130S\u0130 Abbasov \u018fs\u0259d Yahya o\u011flunu rayonumuzda \u00e7ox az adam tap\u0131lar ki, tan\u0131mas\u0131n. O, haz\u0131rda m\u0259tbuat yay\u0131m\u0131nda \u00e7e\u015fidl\u0259yici po\u00e7talyon i\u015fl\u0259yir. \u018fs\u0259dl\u0259 g\u00f6r\u00fc\u015f\u00fcb onun haqq\u0131nda yazaca\u011f\u0131m\u0131 bildirdim. Xo\u015f \u0259hval-ruhiyy\u0259 il\u0259 \u00f6z\u00fc bar\u0259sind\u0259 m\u0259lumat verdi. Bildirdi ki, 1945-ci il aprel ay\u0131n\u0131n 22-d\u0259 T\u0259rt\u0259r \u015f\u0259h\u0259rind\u0259 anadan olub.<\/p>\n","protected":false},"author":2,"featured_media":0,"comment_status":"closed","ping_status":"closed","sticky":false,"template":"","format":"standard","meta":[],"categories":[10],"tags":[20],"_links":{"self":[{"href":"https:\/\/yeniterter.az\/index.php?rest_route=\/wp\/v2\/posts\/1521"}],"collection":[{"href":"https:\/\/yeniterter.az\/index.php?rest_route=\/wp\/v2\/posts"}],"about":[{"href":"https:\/\/yeniterter.az\/index.php?rest_route=\/wp\/v2\/types\/post"}],"author":[{"embeddable":true,"href":"https:\/\/yeniterter.az\/index.php?rest_route=\/wp\/v2\/users\/2"}],"replies":[{"embeddable":true,"href":"https:\/\/yeniterter.az\/index.php?rest_route=%2Fwp%2Fv2%2Fcomments&post=1521"}],"version-history":[{"count":0,"href":"https:\/\/yeniterter.az\/index.php?rest_route=\/wp\/v2\/posts\/1521\/revisions"}],"wp:attachment":[{"href":"https:\/\/yeniterter.az\/index.php?rest_route=%2Fwp%2Fv2%2Fmedia&parent=1521"}],"wp:term":[{"taxonomy":"category","embeddable":true,"href":"https:\/\/yeniterter.az\/index.php?rest_route=%2Fwp%2Fv2%2Fcategories&post=1521"},{"taxonomy":"post_tag","embeddable":true,"href":"https:\/\/yeniterter.az\/index.php?rest_route=%2Fwp%2Fv2%2Ftags&post=1521"}],"curies":[{"name":"wp","href":"https:\/\/api.w.org\/{rel}","templated":true}]}}