{"id":14809,"date":"2020-01-17T10:32:48","date_gmt":"2020-01-17T07:32:48","guid":{"rendered":"http:\/\/www.yeniterter.az\/?p=14809"},"modified":"2020-01-17T10:33:01","modified_gmt":"2020-01-17T07:33:01","slug":"qan-yaddasimiz","status":"publish","type":"post","link":"https:\/\/yeniterter.az\/?p=14809","title":{"rendered":"QAN YADDA\u015eIMIZ"},"content":{"rendered":"<p><img decoding=\"async\" loading=\"lazy\" class=\" wp-image-14810 alignleft\" src=\"http:\/\/www.yeniterter.az\/wp-content\/uploads\/3d6ced91-3624-458d-beca-4283026a0cb5-300x225.jpg\" alt=\"\" width=\"161\" height=\"121\" srcset=\"https:\/\/yeniterter.az\/wp-content\/uploads\/3d6ced91-3624-458d-beca-4283026a0cb5-300x225.jpg 300w, https:\/\/yeniterter.az\/wp-content\/uploads\/3d6ced91-3624-458d-beca-4283026a0cb5-768x576.jpg 768w, https:\/\/yeniterter.az\/wp-content\/uploads\/3d6ced91-3624-458d-beca-4283026a0cb5-1024x768.jpg 1024w, https:\/\/yeniterter.az\/wp-content\/uploads\/3d6ced91-3624-458d-beca-4283026a0cb5.jpg 1280w\" sizes=\"(max-width: 161px) 100vw, 161px\" \/>\u00d6lk\u0259mizin qan yadda\u015f\u0131na yaz\u0131lan faci\u0259l\u0259rd\u0259n biri d\u0259 sovet ordusunun dinc \u0259haliy\u0259 qar\u015f\u0131 1990-ci il<img decoding=\"async\" loading=\"lazy\" class=\" wp-image-14811 alignright\" src=\"http:\/\/www.yeniterter.az\/wp-content\/uploads\/16f930e4-065a-4ba1-90fa-640a100cdcdc-300x169.jpg\" alt=\"\" width=\"179\" height=\"101\" srcset=\"https:\/\/yeniterter.az\/wp-content\/uploads\/16f930e4-065a-4ba1-90fa-640a100cdcdc-300x169.jpg 300w, https:\/\/yeniterter.az\/wp-content\/uploads\/16f930e4-065a-4ba1-90fa-640a100cdcdc-768x432.jpg 768w, https:\/\/yeniterter.az\/wp-content\/uploads\/16f930e4-065a-4ba1-90fa-640a100cdcdc-1024x576.jpg 1024w, https:\/\/yeniterter.az\/wp-content\/uploads\/16f930e4-065a-4ba1-90fa-640a100cdcdc.jpg 1280w\" sizes=\"(max-width: 179px) 100vw, 179px\" \/> Yanvar ay\u0131n\u0131n 19-dan 20-\u0259 ke\u00e7\u0259n gec\u0259 t\u00f6r\u0259tdiyi qanl\u0131 faci\u0259dir.<br \/>\nBu il 20 Yanvar faci\u0259sinin 30 ili tamam olur. \u00d6lk\u0259 \u0259halisi t\u0259r\u0259find\u0259n h\u0259r il bu faci\u0259nin qurbanlar\u0131 d\u0259rin h\u00fcz\u00fcnl\u0259 yad edilir.<br \/>\nRayonumuzun \u00fcmumt\u0259hsil m\u0259kt\u0259bl\u0259rind\u0259 d\u0259 20 Yanvar faci\u0259si il\u0259 \u0259laq\u0259dar x\u00fcsusi d\u0259rsl\u0259r v\u0259 t\u0259dbirl\u0259r ke\u00e7irilir.<!--more--><br \/>\nBu g\u00fcnl\u0259rd\u0259 S\u0259hlabad, K\u00f6\u00e7\u0259rli, Sar\u0131cal\u0131, \u018fl\u0259sg\u0259rli v\u0259 dig\u0259r \u00fcmumt\u0259hsil m\u0259kt\u0259bl\u0259rind\u0259 20 Yanvar \u015f\u0259hidl\u0259ri yad edilmi\u015f, faci\u0259ni t\u00f6r\u0259d\u0259nl\u0259r m\u00fc\u0259llim v\u0259 \u015fagirdl\u0259r t\u0259r\u0259find\u0259n l\u0259n\u0259tl\u0259nmi\u015fl\u0259r. T\u0259dbirl\u0259rd\u0259 \u015fagirdl\u0259r t\u0259r\u0259find\u0259n Az\u0259rbaycan\u0131n D\u00f6vl\u0259t Himni s\u0259sl\u0259ndirilmi\u015f, qanl\u0131 gec\u0259ni xat\u0131rladan kompozisiyalar n\u00fcmayi\u015f etdirilmi\u015f v\u0259 \u015feirl\u0259r s\u00f6yl\u0259nilmi\u015fdir.<br \/>\n20 Yanvar \u015f\u0259hidl\u0259ri azadl\u0131\u011f\u0131m\u0131z\u0131n car\u00e7\u0131lar\u0131d\u0131r. Onlar \u00f6z \u00f6l\u00fcml\u0259ri il\u0259 m\u00fcst\u0259qilliyimizi qoruyanlar oldular. O g\u00fcn he\u00e7 <img decoding=\"async\" loading=\"lazy\" class=\" wp-image-14812 alignleft\" src=\"http:\/\/www.yeniterter.az\/wp-content\/uploads\/4bbe3b6b-87b8-4b99-9a10-afe9603d8b08-300x225.jpg\" alt=\"\" width=\"163\" height=\"122\" srcset=\"https:\/\/yeniterter.az\/wp-content\/uploads\/4bbe3b6b-87b8-4b99-9a10-afe9603d8b08-300x225.jpg 300w, https:\/\/yeniterter.az\/wp-content\/uploads\/4bbe3b6b-87b8-4b99-9a10-afe9603d8b08.jpg 720w\" sizes=\"(max-width: 163px) 100vw, 163px\" \/>unudulmayacaq. 20 Yanvar tariximiz\u0259 yaz\u0131lm\u0131\u015f qanl\u0131 faci\u0259dir.<img decoding=\"async\" loading=\"lazy\" class=\" wp-image-14813 alignright\" src=\"http:\/\/www.yeniterter.az\/wp-content\/uploads\/1da88bde-4005-4b9b-90e6-c960bd131656-300x146.jpg\" alt=\"\" width=\"195\" height=\"95\" srcset=\"https:\/\/yeniterter.az\/wp-content\/uploads\/1da88bde-4005-4b9b-90e6-c960bd131656-300x146.jpg 300w, https:\/\/yeniterter.az\/wp-content\/uploads\/1da88bde-4005-4b9b-90e6-c960bd131656-768x373.jpg 768w, https:\/\/yeniterter.az\/wp-content\/uploads\/1da88bde-4005-4b9b-90e6-c960bd131656-1024x498.jpg 1024w, https:\/\/yeniterter.az\/wp-content\/uploads\/1da88bde-4005-4b9b-90e6-c960bd131656.jpg 1280w\" sizes=\"(max-width: 195px) 100vw, 195px\" \/><\/p>\n","protected":false},"excerpt":{"rendered":"<p>\u00d6lk\u0259mizin qan yadda\u015f\u0131na yaz\u0131lan faci\u0259l\u0259rd\u0259n biri d\u0259 sovet ordusunun dinc \u0259haliy\u0259 qar\u015f\u0131 1990-ci il Yanvar ay\u0131n\u0131n 19-dan 20-\u0259 ke\u00e7\u0259n gec\u0259 t\u00f6r\u0259tdiyi qanl\u0131 faci\u0259dir. Bu il 20 Yanvar faci\u0259sinin 30 ili tamam olur. \u00d6lk\u0259 \u0259halisi t\u0259r\u0259find\u0259n h\u0259r il bu faci\u0259nin qurbanlar\u0131 d\u0259rin h\u00fcz\u00fcnl\u0259 yad edilir. Rayonumuzun \u00fcmumt\u0259hsil m\u0259kt\u0259bl\u0259rind\u0259 d\u0259 20 Yanvar faci\u0259si il\u0259 \u0259laq\u0259dar x\u00fcsusi d\u0259rsl\u0259r [&hellip;]<\/p>\n","protected":false},"author":2,"featured_media":0,"comment_status":"closed","ping_status":"closed","sticky":false,"template":"","format":"standard","meta":[],"categories":[10],"tags":[],"_links":{"self":[{"href":"https:\/\/yeniterter.az\/index.php?rest_route=\/wp\/v2\/posts\/14809"}],"collection":[{"href":"https:\/\/yeniterter.az\/index.php?rest_route=\/wp\/v2\/posts"}],"about":[{"href":"https:\/\/yeniterter.az\/index.php?rest_route=\/wp\/v2\/types\/post"}],"author":[{"embeddable":true,"href":"https:\/\/yeniterter.az\/index.php?rest_route=\/wp\/v2\/users\/2"}],"replies":[{"embeddable":true,"href":"https:\/\/yeniterter.az\/index.php?rest_route=%2Fwp%2Fv2%2Fcomments&post=14809"}],"version-history":[{"count":0,"href":"https:\/\/yeniterter.az\/index.php?rest_route=\/wp\/v2\/posts\/14809\/revisions"}],"wp:attachment":[{"href":"https:\/\/yeniterter.az\/index.php?rest_route=%2Fwp%2Fv2%2Fmedia&parent=14809"}],"wp:term":[{"taxonomy":"category","embeddable":true,"href":"https:\/\/yeniterter.az\/index.php?rest_route=%2Fwp%2Fv2%2Fcategories&post=14809"},{"taxonomy":"post_tag","embeddable":true,"href":"https:\/\/yeniterter.az\/index.php?rest_route=%2Fwp%2Fv2%2Ftags&post=14809"}],"curies":[{"name":"wp","href":"https:\/\/api.w.org\/{rel}","templated":true}]}}